{"id":16090,"date":"2021-10-18T17:02:48","date_gmt":"2021-10-18T14:02:48","guid":{"rendered":"https:\/\/mdu.edu.az\/minzh-evir-d-vl-t-universitetind-m-st-gilliyin-b-rpas-zh-n-geyd-edilib\/"},"modified":"2021-10-18T17:02:48","modified_gmt":"2021-10-18T14:02:48","slug":"minzh-evir-d-vl-t-universitetind-m-st-gilliyin-b-rpas-zh-n-geyd-edilib","status":"publish","type":"post","link":"https:\/\/mdu.edu.az\/ru\/minzh-evir-d-vl-t-universitetind-m-st-gilliyin-b-rpas-zh-n-geyd-edilib\/","title":{"rendered":"Ming\u0259\u00e7evir D\u00f6vl\u0259t Universitetind\u0259 M\u00fcst\u0259qilliyin B\u0259rpas\u0131 G\u00fcn\u00fc qeyd edilib"},"content":{"rendered":"<p style=\"margin-top: 0cm; margin-right: 0cm; margin-bottom: 0.0001pt; text-align: center; line-height: 150%; background: white none repeat scroll 0% 0%;\"><b><span style=\"font-size: 14pt; line-height: 150%; font-family: 'Arial', sans-serif; color: #002060;\">Ming\u0259&ccedil;evir D&ouml;vl\u0259t Universitetind\u0259 M&uuml;st\u0259qilliyin B\u0259rpas\u0131 G&uuml;n&uuml; qeyd edilib<\/span><\/b><\/p>\n<p>&nbsp;<\/p>\n<p style=\"margin-top: 0cm; margin-right: 0cm; margin-bottom: 0.0001pt; text-align: center; text-indent: 1cm; line-height: 150%; background: white none repeat scroll 0% 0%;\"><b><span style=\"font-family: 'Arial', sans-serif; color: black;\"><\/span><\/b><\/p>\n<p style=\"margin-top: 0cm; margin-right: 0cm; margin-bottom: 0.0001pt; text-align: justify; text-indent: 1cm; line-height: 150%; background: white none repeat scroll 0% 0%;\"><span style=\"font-family: 'Arial', sans-serif; color: #000000;\">2021-ci ilin 18 oktyabr tarixind\u0259 Ming\u0259&ccedil;evir D&ouml;vl\u0259t Universitetind\u0259 (MDU) A<span style=\"background: white none repeat scroll 0% 0%;\">z\u0259rbaycan Respublikas\u0131n\u0131n d&ouml;vl\u0259t m&uuml;st\u0259qilliyinin b\u0259rpas\u0131n\u0131n 30 illiyin\u0259 h\u0259sr olunan elmi-n\u0259z\u0259ri konfrans ke&ccedil;irilib.<\/span><\/span><\/p>\n<p style=\"margin-top: 0cm; margin-right: 0cm; margin-bottom: 0.0001pt; text-align: justify; text-indent: 1cm; line-height: 150%; background: white none repeat scroll 0% 0%;\"><span style=\"font-family: 'Arial', sans-serif; color: #000000;\">&ldquo;Microsoft Teams&rdquo; platformas\u0131 &uuml;z\u0259rind\u0259n onlayn formatda t\u0259\u015fkil edil\u0259n konfrans\u0131 a&ccedil;an MDU-nun rektoru \u015eahin Bayramov M&uuml;st\u0259qilliyin B\u0259rpas\u0131 G&uuml;n&uuml; m&uuml;nasib\u0259til\u0259 universitetin professor-m&uuml;\u0259llim, inzibati v\u0259 texniki hey\u0259t &uuml;zvl\u0259rini, t\u0259l\u0259b\u0259, magistrant v\u0259 m\u0259zunlar\u0131n\u0131 t\u0259brik edib.<\/span><\/p>\n<p style=\"margin-top: 0cm; margin-right: 0cm; margin-bottom: 0.0001pt; text-align: justify; text-indent: 1cm; line-height: 150%; background: white none repeat scroll 0% 0%;\"><span style=\"font-family: 'Arial', sans-serif; color: #000000;\">D&uuml;z otuz il bundan \u0259vv\u0259l olduqca m&uuml;r\u0259kk\u0259b v\u0259 ziddiyy\u0259tli geosiyasi \u015f\u0259raitd\u0259 Az\u0259rbaycan\u0131n d&ouml;vl\u0259t m&uuml;st\u0259qilliyinin b\u0259rpa edildiyini dey\u0259n \u015e.Bayramov m&uuml;st\u0259qilliyin qorunmas\u0131, onun \u0259b\u0259di v\u0259 d&ouml;nm\u0259z sur\u0259td\u0259 m&ouml;hk\u0259ml\u0259ndirilm\u0259sind\u0259, demokratik d&ouml;vl\u0259t quruculu\u011funda &uuml;mummilli liderimiz Heyd\u0259r \u018fliyevin misilsiz xidm\u0259tl\u0259rind\u0259n, xilaskarl\u0131q missiyas\u0131ndan v\u0259 uzaqg&ouml;r\u0259n siyas\u0259tind\u0259n dan\u0131\u015f\u0131b.<\/span><\/p>\n<p style=\"margin-top: 0cm; margin-right: 0cm; margin-bottom: 0.0001pt; text-align: justify; text-indent: 1cm; line-height: 150%; background: white none repeat scroll 0% 0%;\"><span style=\"font-family: 'Arial', sans-serif; color: #000000;\">Ulu &Ouml;nd\u0259rin layiqli siyasi varisi \u0130lham \u018fliyevin r\u0259hb\u0259rliyi d&ouml;vr&uuml;nd\u0259 &ouml;lk\u0259mizin yeni inki\u015faf m\u0259rh\u0259l\u0259sin\u0259 q\u0259d\u0259m qoydu\u011funu qeyd ed\u0259n rektor haz\u0131rda Az\u0259rbaycan\u0131n m&uuml;st\u0259qil v\u0259 suveren d&ouml;vl\u0259t kimi h\u0259rt\u0259r\u0259fli, dayan\u0131ql\u0131 v\u0259 dinamik sur\u0259td\u0259 inki\u015faf etdiyini, \u0259ld\u0259 edil\u0259n m&ouml;ht\u0259\u015f\u0259m q\u0259l\u0259b\u0259l\u0259rl\u0259 beyn\u0259lxalq n&uuml;fuzunun xeyli d\u0259r\u0259c\u0259d\u0259 artd\u0131\u011f\u0131n\u0131 v\u0259 m&uuml;st\u0259qilliyinin t\u0259m\u0259ll\u0259rinin daha da g&uuml;cl\u0259ndiyini vur\u011fulay\u0131b.<\/span><\/p>\n<p style=\"margin-top: 0cm; margin-right: 0cm; margin-bottom: 0.0001pt; text-align: justify; text-indent: 1cm; line-height: 150%; background: white none repeat scroll 0% 0%;\"><span style=\"color: #000000;\"><span style=\"font-family: 'Arial', sans-serif; color: black; background: white none repeat scroll 0% 0%;\">M&uuml;z\u0259ff\u0259r Ali Ba\u015f Komandan\u0131m\u0131z\u0131n r\u0259hb\u0259rliyi v\u0259 yenilm\u0259z Az\u0259rbaycan Silahl\u0131 Q&uuml;vv\u0259l\u0259rinin r\u0259\u015fad\u0259ti say\u0259sind\u0259 44 g&uuml;nl&uuml;k V\u0259t\u0259n M&uuml;harib\u0259sind\u0259 qazan\u0131lan tarixi Z\u0259f\u0259ri m&uuml;st\u0259qillik tariximizin \u0259n \u015fanl\u0131 s\u0259hif\u0259si kimi d\u0259y\u0259rl\u0259ndir\u0259n \u015e.Bayramov<\/span><span style=\"font-family: 'Arial', sans-serif; color: black;\">, ilk d\u0259f\u0259 olaraq, bu bayram\u0131n tam f\u0259rqli, &ouml;z \u0259razi b&uuml;t&ouml;vl&uuml;y&uuml;n&uuml; b\u0259rpa etmi\u015f qalib xalq\u0131n n&uuml;may\u0259nd\u0259si kimi qeyd etm\u0259kd\u0259n sonsuz sevinc v\u0259 q&uuml;rur hissi ke&ccedil;irdiyini bildirib.<\/span><\/span><\/p>\n<p style=\"margin-top: 0cm; margin-right: 0cm; margin-bottom: 0.0001pt; text-align: justify; text-indent: 1cm; line-height: 150%; background: white none repeat scroll 0% 0%;\"><span style=\"font-family: 'Arial', sans-serif; color: #000000; background: white none repeat scroll 0% 0%;\">Otuz illik yurd h\u0259sr\u0259tin\u0259 son qoyan haqq sava\u015f\u0131nda tarixi \u0259dal\u0259tin, \u0259razi b&uuml;t&ouml;vl&uuml;y&uuml;n&uuml;n v\u0259 milli l\u0259yaq\u0259tin b\u0259rpa edilm\u0259sini m&uuml;st\u0259qilliyimiz\u0259 veril\u0259n misilsiz t&ouml;hf\u0259l\u0259r oldu\u011funu diqq\u0259t\u0259 &ccedil;atd\u0131ran rektor bu m&uuml;q\u0259dd\u0259s amallar u\u011frunda can\u0131ndan ke&ccedil;\u0259n b&uuml;t&uuml;n \u015f\u0259hidl\u0259r\u0259 r\u0259hm\u0259t, qazil\u0259r\u0259 is\u0259 \u015f\u0259fa dil\u0259yib. <\/span><\/p>\n<p style=\"margin-top: 0cm; margin-right: 0cm; margin-bottom: 0.0001pt; text-align: justify; text-indent: 1cm; line-height: 150%; background: white none repeat scroll 0% 0%;\"><span style=\"font-family: 'Arial', sans-serif; color: #000000; background: white none repeat scroll 0% 0%;\">\u0130\u015f\u011faldan azad edilmi\u015f \u0259z\u0259li torpaqlar\u0131m\u0131z\u0131n dir&ccedil;\u0259ldilm\u0259si v\u0259 burada yeni h\u0259yat\u0131n qurulmas\u0131 istiqam\u0259tind\u0259 g&ouml;r&uuml;l\u0259n s&uuml;r\u0259tli, irimiqyasl\u0131, kompleks v\u0259 sistemli i\u015fl\u0259rd\u0259n, \u0259ld\u0259 edil\u0259n nailiyy\u0259tl\u0259rd\u0259n s&ouml;hb\u0259t a&ccedil;an \u015e.Bayramov uzun m&uuml;dd\u0259t erm\u0259ni vandalizmin\u0259 m\u0259ruz qalm\u0131\u015f do\u011fma Qaraba\u011f\u0131n \u0259n q\u0131sa zamanda tamamil\u0259 yenil\u0259n\u0259c\u0259yin\u0259 v\u0259 m&uuml;asirl\u0259\u015f\u0259c\u0259yin\u0259 \u0259minliyini ifad\u0259 edib.<\/span><\/p>\n<p style=\"margin-top: 0cm; margin-right: 0cm; margin-bottom: 0.0001pt; text-align: justify; text-indent: 1cm; line-height: 150%; background: white none repeat scroll 0% 0%;\"><span style=\"font-family: 'Arial', sans-serif; color: #000000; background: white none repeat scroll 0% 0%;\">T\u0259hsil sistemind\u0259 &ccedil;al\u0131\u015fan \u0259m\u0259kda\u015flar\u0131n c\u0259miyy\u0259t h\u0259yat\u0131nda m&uuml;h&uuml;m rol oynad\u0131\u011f\u0131n\u0131 qeyd ed\u0259n rektor MDU ail\u0259sinin b&uuml;t&uuml;n &uuml;zvl\u0259rinin h\u0259r zaman m&uuml;st\u0259qil Az\u0259rbaycan\u0131n inki\u015faf\u0131nda pay sahibi olma\u011f\u0131 &ouml;z&uuml;n&uuml;n v\u0259t\u0259nda\u015fl\u0131q borcu v\u0259 \u015f\u0259r\u0259fli missiyas\u0131 hesab etdiyini bildirib v\u0259 konfrans\u0131n i\u015fin\u0259 u\u011furlar arzulay\u0131b.<\/span><\/p>\n<p style=\"margin-top: 0cm; margin-right: 0cm; margin-bottom: 0.0001pt; text-align: justify; text-indent: 1cm; line-height: 150%; background: white none repeat scroll 0% 0%;\"><span style=\"font-family: 'Arial', sans-serif; color: #000000; background: white none repeat scroll 0% 0%;\">Sonra konfrans\u0131n proqram\u0131na uy\u011fun olaraq m\u0259ruz\u0259l\u0259r dinl\u0259nilib.<\/span><\/p>\n<p style=\"margin-top: 0cm; margin-right: 0cm; margin-bottom: 0.0001pt; text-align: justify; text-indent: 1cm; line-height: 150%; background: white none repeat scroll 0% 0%;\"><span style=\"font-family: 'Arial', sans-serif; color: #000000; background: white none repeat scroll 0% 0%;\">MDU-nun \u0259m\u0259kda\u015flar\u0131ndan m&uuml;\u0259llim G&uuml;l\u0259r \u018fjd\u0259rzad\u0259 &ldquo;M&uuml;st\u0259qil Az\u0259rbaycan Heyd\u0259r \u018fliyevin \u015fah \u0259s\u0259ridir&rdquo;, ba\u015f m&uuml;\u0259llim Arif Ta\u011f\u0131yev &ldquo;Az\u0259rbaycan &#8211; 30: milli iqtisadiyyat quruculu\u011fundan davaml\u0131 iqtisadi inki\u015fafa do\u011fru&rdquo;, dosent Sahib M\u0259mm\u0259dov &ldquo;M&uuml;st\u0259qillik d&ouml;vr&uuml;nd\u0259 Az\u0259rbaycan t\u0259hsilinin ke&ccedil;diyi inki\u015faf yolu&rdquo;, m&uuml;\u0259llim S\u0259ad\u0259t \u015e\u0131x\u0259liyeva &ldquo;M&uuml;st\u0259qillik d&ouml;vr&uuml;nd\u0259 Az\u0259rbaycan energetikas\u0131n\u0131n s&uuml;r\u0259tli inki\u015faf\u0131&rdquo; m&ouml;vzular\u0131nda m\u0259ruz edibl\u0259r.<\/span><\/p>\n<p style=\"margin-top: 0cm; margin-right: 0cm; margin-bottom: 0.0001pt; text-align: justify; text-indent: 1cm; line-height: 150%; background: white none repeat scroll 0% 0%;\"><span style=\"font-family: 'Arial', sans-serif; color: #000000; background: white none repeat scroll 0% 0%;\">M\u0259ruz\u0259l\u0259rd\u0259 otuz il \u0259rzind\u0259 Az\u0259rbaycan\u0131n ke&ccedil;diyi m&uuml;st\u0259qil inki\u015faf yolundan, m&uuml;st\u0259qilliyin etibarl\u0131 v\u0259 m&ouml;hk\u0259m t\u0259m\u0259ll\u0259rinin qurulmas\u0131nda, c\u0259miyy\u0259tin h\u0259rt\u0259r\u0259fli inki\u015faf\u0131nda dahi lider Heyd\u0259r \u018fliyevin tarixi v\u0259 misilsiz xidm\u0259tl\u0259rind\u0259n b\u0259hs edilib, haz\u0131rda Ulu &Ouml;nd\u0259rin z\u0259ngin v\u0259 \u0259b\u0259diya\u015far d&ouml;vl\u0259t&ccedil;ilik ideyalar\u0131na \u0259saslanaraq u\u011furla davam ed\u0259n siyas\u0259tin t\u0259nt\u0259n\u0259sind\u0259n dan\u0131\u015f\u0131l\u0131b.<\/span><\/p>\n<p style=\"margin-top: 0cm; margin-right: 0cm; margin-bottom: 0.0001pt; text-align: justify; text-indent: 1cm; line-height: 150%; background: white none repeat scroll 0% 0%;\"><span style=\"font-family: 'Arial', sans-serif; color: #000000; background: white none repeat scroll 0% 0%;\">Universitetin t\u0259l\u0259b\u0259 v\u0259 m&uuml;\u0259llim kollektivi &uuml;zvl\u0259ri t\u0259r\u0259find\u0259n b&ouml;y&uuml;k maraqla qar\u015f\u0131lanan m\u0259ruz\u0259l\u0259r \u0259traf\u0131nda fikir m&uuml;badil\u0259si apar\u0131l\u0131b.<\/span><\/p>\n<p style=\"margin-top: 0cm; margin-right: 0cm; margin-bottom: 0.0001pt; text-align: justify; text-indent: 1cm; line-height: 150%; background: white none repeat scroll 0% 0%;\"><span style=\"font-family: 'Arial', sans-serif; color: #000000; background: white none repeat scroll 0% 0%;\">Qeyd ed\u0259k ki, MDU-da tarixi g&uuml;nl\u0259r\u0259 h\u0259sr edilmi\u015f t\u0259dbirl\u0259rin ke&ccedil;irilm\u0259sin\u0259 x&uuml;susi &ouml;n\u0259m verilir, t\u0259l\u0259b\u0259 g\u0259ncl\u0259rin v\u0259t\u0259np\u0259rv\u0259rlik ruhunda yeti\u015fdirilm\u0259si, onlar aras\u0131nda m&uuml;vafiq maarifl\u0259ndirm\u0259 v\u0259 t\u0259bli\u011fat i\u015fl\u0259rinin g&uuml;cl\u0259ndirilm\u0259si diqq\u0259t m\u0259rk\u0259zind\u0259 saxlan\u0131l\u0131r.<\/span><\/p>\n<p>{phocagallery view=category|categoryid=709|limitstart=0|limitcount=0}<\/p>\n<p style=\"margin-top: 0cm; margin-right: 0cm; margin-bottom: 0.0001pt; text-align: justify; text-indent: 1cm; line-height: 150%; background: white none repeat scroll 0% 0%;\"><span style=\"font-family: 'Arial', sans-serif; color: black; background: white none repeat scroll 0% 0%;\"><\/span><\/p>","protected":false},"excerpt":{"rendered":"<p>Ming\u0259&ccedil;evir D&ouml;vl\u0259t Universitetind\u0259 M&uuml;st\u0259qilliyin B\u0259rpas\u0131 G&uuml;n&uuml; qeyd edilib &nbsp; 2021-ci ilin 18 oktyabr tarixind\u0259 Ming\u0259&ccedil;evir D&ouml;vl\u0259t Universitetind\u0259 (MDU) Az\u0259rbaycan Respublikas\u0131n\u0131n d&ouml;vl\u0259t m&uuml;st\u0259qilliyinin b\u0259rpas\u0131n\u0131n 30 illiyin\u0259 h\u0259sr olunan elmi-n\u0259z\u0259ri konfrans ke&ccedil;irilib. &ldquo;Microsoft Teams&rdquo; platformas\u0131 &uuml;z\u0259rind\u0259n onlayn formatda t\u0259\u015fkil edil\u0259n konfrans\u0131 a&ccedil;an MDU-nun rektoru \u015eahin Bayramov M&uuml;st\u0259qilliyin B\u0259rpas\u0131 G&uuml;n&uuml; m&uuml;nasib\u0259til\u0259 universitetin professor-m&uuml;\u0259llim, inzibati v\u0259 texniki hey\u0259t &uuml;zvl\u0259rini, [&hellip;]<\/p>\n","protected":false},"author":1,"featured_media":0,"comment_status":"open","ping_status":"open","sticky":false,"template":"","format":"standard","meta":{"_eb_attr":"","ocean_post_layout":"","ocean_both_sidebars_style":"","ocean_both_sidebars_content_width":0,"ocean_both_sidebars_sidebars_width":0,"ocean_sidebar":"","ocean_second_sidebar":"","ocean_disable_margins":"enable","ocean_add_body_class":"","ocean_shortcode_before_top_bar":"","ocean_shortcode_after_top_bar":"","ocean_shortcode_before_header":"","ocean_shortcode_after_header":"","ocean_has_shortcode":"","ocean_shortcode_after_title":"","ocean_shortcode_before_footer_widgets":"","ocean_shortcode_after_footer_widgets":"","ocean_shortcode_before_footer_bottom":"","ocean_shortcode_after_footer_bottom":"","ocean_display_top_bar":"default","ocean_display_header":"default","ocean_header_style":"","ocean_center_header_left_menu":"","ocean_custom_header_template":"","ocean_custom_logo":0,"ocean_custom_retina_logo":0,"ocean_custom_logo_max_width":0,"ocean_custom_logo_tablet_max_width":0,"ocean_custom_logo_mobile_max_width":0,"ocean_custom_logo_max_height":0,"ocean_custom_logo_tablet_max_height":0,"ocean_custom_logo_mobile_max_height":0,"ocean_header_custom_menu":"","ocean_menu_typo_font_family":"","ocean_menu_typo_font_subset":"","ocean_menu_typo_font_size":0,"ocean_menu_typo_font_size_tablet":0,"ocean_menu_typo_font_size_mobile":0,"ocean_menu_typo_font_size_unit":"px","ocean_menu_typo_font_weight":"","ocean_menu_typo_font_weight_tablet":"","ocean_menu_typo_font_weight_mobile":"","ocean_menu_typo_transform":"","ocean_menu_typo_transform_tablet":"","ocean_menu_typo_transform_mobile":"","ocean_menu_typo_line_height":0,"ocean_menu_typo_line_height_tablet":0,"ocean_menu_typo_line_height_mobile":0,"ocean_menu_typo_line_height_unit":"","ocean_menu_typo_spacing":0,"ocean_menu_typo_spacing_tablet":0,"ocean_menu_typo_spacing_mobile":0,"ocean_menu_typo_spacing_unit":"","ocean_menu_link_color":"","ocean_menu_link_color_hover":"","ocean_menu_link_color_active":"","ocean_menu_link_background":"","ocean_menu_link_hover_background":"","ocean_menu_link_active_background":"","ocean_menu_social_links_bg":"","ocean_menu_social_hover_links_bg":"","ocean_menu_social_links_color":"","ocean_menu_social_hover_links_color":"","ocean_disable_title":"default","ocean_disable_heading":"default","ocean_post_title":"","ocean_post_subheading":"","ocean_post_title_style":"","ocean_post_title_background_color":"","ocean_post_title_background":0,"ocean_post_title_bg_image_position":"","ocean_post_title_bg_image_attachment":"","ocean_post_title_bg_image_repeat":"","ocean_post_title_bg_image_size":"","ocean_post_title_height":0,"ocean_post_title_bg_overlay":0.5,"ocean_post_title_bg_overlay_color":"","ocean_disable_breadcrumbs":"default","ocean_breadcrumbs_color":"","ocean_breadcrumbs_separator_color":"","ocean_breadcrumbs_links_color":"","ocean_breadcrumbs_links_hover_color":"","ocean_display_footer_widgets":"default","ocean_display_footer_bottom":"default","ocean_custom_footer_template":"","ocean_post_oembed":"","ocean_post_self_hosted_media":"","ocean_post_video_embed":"","ocean_link_format":"","ocean_link_format_target":"self","ocean_quote_format":"","ocean_quote_format_link":"post","ocean_gallery_link_images":"on","ocean_gallery_id":[],"footnotes":""},"categories":[63],"tags":[],"class_list":["post-16090","post","type-post","status-publish","format-standard","hentry","category-khaebaerlaer-az","entry"],"_links":{"self":[{"href":"https:\/\/mdu.edu.az\/ru\/wp-json\/wp\/v2\/posts\/16090","targetHints":{"allow":["GET"]}}],"collection":[{"href":"https:\/\/mdu.edu.az\/ru\/wp-json\/wp\/v2\/posts"}],"about":[{"href":"https:\/\/mdu.edu.az\/ru\/wp-json\/wp\/v2\/types\/post"}],"author":[{"embeddable":true,"href":"https:\/\/mdu.edu.az\/ru\/wp-json\/wp\/v2\/users\/1"}],"replies":[{"embeddable":true,"href":"https:\/\/mdu.edu.az\/ru\/wp-json\/wp\/v2\/comments?post=16090"}],"version-history":[{"count":0,"href":"https:\/\/mdu.edu.az\/ru\/wp-json\/wp\/v2\/posts\/16090\/revisions"}],"wp:attachment":[{"href":"https:\/\/mdu.edu.az\/ru\/wp-json\/wp\/v2\/media?parent=16090"}],"wp:term":[{"taxonomy":"category","embeddable":true,"href":"https:\/\/mdu.edu.az\/ru\/wp-json\/wp\/v2\/categories?post=16090"},{"taxonomy":"post_tag","embeddable":true,"href":"https:\/\/mdu.edu.az\/ru\/wp-json\/wp\/v2\/tags?post=16090"}],"curies":[{"name":"wp","href":"https:\/\/api.w.org\/{rel}","templated":true}]}}