{"id":16141,"date":"2021-11-08T08:02:25","date_gmt":"2021-11-08T05:02:25","guid":{"rendered":"https:\/\/mdu.edu.az\/minzh-evir-d-vl-t-universiteti-v-gazi-universitetinin-birzh-t-kilat-l-il-z-f-r-zh-n-n-h-sr-olunan-konfrans-ke-irilib\/"},"modified":"2021-11-08T08:02:25","modified_gmt":"2021-11-08T05:02:25","slug":"minzh-evir-d-vl-t-universiteti-v-gazi-universitetinin-birzh-t-kilat-l-il-z-f-r-zh-n-n-h-sr-olunan-konfrans-ke-irilib","status":"publish","type":"post","link":"https:\/\/mdu.edu.az\/ru\/minzh-evir-d-vl-t-universiteti-v-gazi-universitetinin-birzh-t-kilat-l-il-z-f-r-zh-n-n-h-sr-olunan-konfrans-ke-irilib\/","title":{"rendered":"Ming\u0259\u00e7evir D\u00f6vl\u0259t Universiteti v\u0259 Qazi Universitetinin birg\u0259 t\u0259\u015fkilat\u00e7\u0131l\u0131\u011f\u0131 il\u0259 Z\u0259f\u0259r G\u00fcn\u00fcn\u0259 h\u0259sr olunan konfrans ke\u00e7irilib"},"content":{"rendered":"<p style=\"margin-bottom: 0.0001pt; text-align: center;\"><b><span style=\"font-size: 14pt; line-height: 115%; font-family: 'Arial', sans-serif; color: #002060;\">Ming\u0259&ccedil;evir D&ouml;vl\u0259t Universiteti v\u0259 Qazi Universitetinin birg\u0259 t\u0259\u015fkilat&ccedil;\u0131l\u0131\u011f\u0131 il\u0259 Z\u0259f\u0259r G&uuml;n&uuml;n\u0259 h\u0259sr olunan konfrans ke&ccedil;irilib<\/span><\/b><\/p>\n<p>&nbsp;<\/p>\n<p style=\"margin-bottom: 0.0001pt; text-align: justify; text-indent: 1cm;\"><span style=\"font-size: 12pt; line-height: 115%; font-family: 'Arial', sans-serif; color: #000000; background: white none repeat scroll 0% 0%;\">6 noyabr 2021-ci il tarixind\u0259 Ming\u0259&ccedil;evir D&ouml;vl\u0259t Universiteti (MDU) v\u0259 T&uuml;rkiy\u0259nin Qazi Universiteti aras\u0131nda \u0259m\u0259kda\u015fl\u0131q &ccedil;\u0259r&ccedil;iv\u0259sind\u0259 Qaraba\u011f Z\u0259f\u0259rinin birinci ild&ouml;n&uuml;m&uuml;n\u0259 h\u0259sr olunan birg\u0259 elmi konfrans ke&ccedil;irilib. Konfransda h\u0259r iki universitetin akademik v\u0259 inzibati hey\u0259t &uuml;zvl\u0259ri, t\u0259l\u0259b\u0259, magistrant v\u0259 doktorantlar\u0131 i\u015ftirak edibl\u0259r.<\/span><\/p>\n<p style=\"margin-bottom: 0.0001pt; text-align: justify; text-indent: 1cm;\"><span style=\"font-size: 12pt; line-height: 115%; font-family: 'Arial', sans-serif; color: #000000; background: white none repeat scroll 0% 0%;\">&ldquo;Zoom&rdquo; platformas\u0131 &uuml;z\u0259rind\u0259n onlayn formatda t\u0259\u015fkil edil\u0259n konfransa Qazi Universitetinin &ldquo;Atat&uuml;rk Qanunlar\u0131 v\u0259 \u0130nqilab Tarixi Ara\u015fd\u0131rma v\u0259 T\u0259tbiq M\u0259rk\u0259zi&rdquo;nin r\u0259hb\u0259ri Mehmet Ali &Ccedil;akmak moderatorluq edib. Konfrans\u0131n a&ccedil;\u0131l\u0131\u015f\u0131nda Qazi Universitetinin rektoru Musa Y\u0131ld\u0131z v\u0259 MDU-nun rektoru \u015eahin Bayramov &ccedil;\u0131x\u0131\u015f edibl\u0259r. <\/span><\/p>\n<p style=\"margin-bottom: 0.0001pt; text-align: justify; text-indent: 1cm;\"><span style=\"font-size: 12pt; line-height: 115%; font-family: 'Arial', sans-serif; color: #000000; background: white none repeat scroll 0% 0%;\">Konfrans i\u015ftirak&ccedil;\u0131lar\u0131n\u0131 salamlayan Qazi Universitetinin rektoru M.Y\u0131ld\u0131z Az\u0259rbaycan xalq\u0131n\u0131 Z\u0259f\u0259r Bayram\u0131 m&uuml;nasib\u0259til\u0259 t\u0259brik edib v\u0259 B&ouml;y&uuml;k Z\u0259f\u0259rin birinci ild&ouml;n&uuml;m&uuml;n&uuml;n qarda\u015f &ouml;lk\u0259nin universiteti il\u0259 birlikd\u0259 qeyd edilm\u0259sind\u0259n m\u0259mnunlu\u011funu bildirib.<\/span><\/p>\n<p style=\"margin-bottom: 0.0001pt; text-align: justify; text-indent: 1cm;\"><span style=\"font-size: 12pt; line-height: 115%; font-family: 'Arial', sans-serif; color: #000000; background: white none repeat scroll 0% 0%;\">M&uuml;xt\u0259lif tarixi d&ouml;vrl\u0259rd\u0259 erm\u0259nil\u0259rin \u0259z\u0259li Az\u0259rbaycan torpaqlar\u0131na k&ouml;&ccedil;&uuml;r&uuml;lm\u0259sind\u0259n b\u0259hs ed\u0259n M.Y\u0131ld\u0131z erm\u0259nil\u0259r t\u0259r\u0259find\u0259n &ouml;lk\u0259miz\u0259 qar\u015f\u0131 apar\u0131lan etnik t\u0259mizl\u0259m\u0259 v\u0259 i\u015f\u011fal&ccedil;\u0131l\u0131q siyas\u0259tind\u0259n, t&ouml;r\u0259dil\u0259n terror v\u0259 soyq\u0131r\u0131m cinay\u0259tl\u0259rind\u0259n dan\u0131\u015f\u0131b. <\/span><\/p>\n<p style=\"margin-bottom: 0.0001pt; text-align: justify; text-indent: 1cm;\"><span style=\"font-size: 12pt; line-height: 115%; font-family: 'Arial', sans-serif; color: #000000; background: white none repeat scroll 0% 0%;\">Otuz il \u0259rzind\u0259 erm\u0259nil\u0259rin Az\u0259rbaycan \u0259razisinin 20 faizini i\u015f\u011fal alt\u0131nda saxlamas\u0131, m&uuml;naqi\u015f\u0259nin s&uuml;lh yolu il\u0259 h\u0259lli istiqam\u0259tind\u0259 apar\u0131lan dan\u0131\u015f\u0131qlar\u0131n n\u0259tic\u0259siz qalmas\u0131 v\u0259 erm\u0259nil\u0259rin tez-tez h\u0259rbi t\u0259xribatlara \u0259l atmas\u0131ndan s&ouml;hb\u0259t a&ccedil;an M.Y\u0131ld\u0131z b&uuml;t&uuml;n bunlar\u0131n 44 g&uuml;nl&uuml;k V\u0259t\u0259n M&uuml;harib\u0259sinin ba\u015flanmas\u0131na z\u0259min yaratd\u0131\u011f\u0131n\u0131 deyib.<\/span><\/p>\n<p style=\"margin-bottom: 0.0001pt; text-align: justify; text-indent: 1cm;\"><span style=\"font-size: 12pt; line-height: 115%; font-family: 'Arial', sans-serif; color: #000000; background: white none repeat scroll 0% 0%;\">Haqq sava\u015f\u0131nda Az\u0259rbaycan\u0131n m&ouml;ht\u0259\u015f\u0259m qalibiyy\u0259t qazanmas\u0131, torpaqlar\u0131n\u0131n i\u015f\u011faldan azad olunmas\u0131 v\u0259 s&uuml;r\u0259tl\u0259 dir&ccedil;\u0259ldilm\u0259sinin tarixin olduqca q&uuml;rurverici v\u0259 \u015fanl\u0131 s\u0259hif\u0259l\u0259rind\u0259n oldu\u011funu qeyd ed\u0259n M.Y\u0131ld\u0131z V\u0259t\u0259n yolunda \u015f\u0259had\u0259t m\u0259rt\u0259b\u0259sin\u0259 ucalan q\u0259hr\u0259manlar\u0131m\u0131za r\u0259hm\u0259t, qazil\u0259rimiz\u0259 is\u0259 \u015f\u0259fa dil\u0259yib. <\/span><\/p>\n<p style=\"margin-bottom: 0.0001pt; text-align: justify; text-indent: 1cm;\"><span style=\"font-size: 12pt; line-height: 115%; font-family: 'Arial', sans-serif; color: #000000; background: white none repeat scroll 0% 0%;\">Qazi Universiteti olaraq h\u0259r zaman Az\u0259rbaycan\u0131n haqq i\u015fini d\u0259st\u0259kl\u0259dikl\u0259rini diqq\u0259t\u0259 &ccedil;atd\u0131ran M.Y\u0131ld\u0131z r\u0259hb\u0259rlik etdiyi ali t\u0259hsil m&uuml;\u0259ssis\u0259sind\u0259 bu istiqam\u0259td\u0259 h\u0259yata ke&ccedil;iril\u0259n t\u0259dbirl\u0259r haqq\u0131nda m\u0259lumat verib. Haz\u0131rda Qazi Universitetinin iki professorunun MDU-da f\u0259aliyy\u0259t g&ouml;st\u0259rdiyini vur\u011fulayan rektor qarda\u015f &ouml;lk\u0259nin universiteti il\u0259 i\u015fbirliyin\u0259 daim haz\u0131r olduqlar\u0131n\u0131 bildirib, konfrans\u0131n t\u0259\u015fkilind\u0259 \u0259m\u0259yi olanlara v\u0259 m\u0259ruz\u0259&ccedil;il\u0259r\u0259 t\u0259\u015f\u0259kk&uuml;r edib.<\/span><\/p>\n<p style=\"margin-bottom: 0.0001pt; text-align: justify; text-indent: 1cm;\"><span style=\"font-size: 12pt; line-height: 115%; font-family: 'Arial', sans-serif; color: #000000; background: white none repeat scroll 0% 0%;\">Z\u0259f\u0259r G&uuml;n&uuml; m&uuml;nasib\u0259til\u0259 konfrans i\u015ftirak&ccedil;\u0131lar\u0131n\u0131 t\u0259brik ed\u0259n MDU-nun rektoru \u015e.Bayramov Qaraba\u011f Z\u0259f\u0259rinin birinci ild&ouml;n&uuml;m&uuml;n\u0259 h\u0259sr olunan ortaq proqram\u0131n t\u0259\u015fkilind\u0259 d\u0259st\u0259yin\u0259 g&ouml;r\u0259 Qazi Universitetinin rektoruna v\u0259 \u0259m\u0259kda\u015flar\u0131na t\u0259\u015f\u0259kk&uuml;r&uuml;n&uuml; &ccedil;atd\u0131r\u0131b.<\/span><\/p>\n<p style=\"margin-bottom: 0.0001pt; text-align: justify; text-indent: 1cm;\"><span style=\"font-size: 12pt; line-height: 115%; font-family: 'Arial', sans-serif; color: #000000; background: white none repeat scroll 0% 0%;\">Q\u0131rx d&ouml;rd g&uuml;nl&uuml;k V\u0259t\u0259n M&uuml;harib\u0259sind\u0259 M&uuml;z\u0259ff\u0259r Ali Ba\u015f Komandan\u0131m\u0131z c\u0259nab \u0130lham \u018fliyevin r\u0259hb\u0259rliyi v\u0259 r\u0259\u015fad\u0259tli Az\u0259rbaycan \u018fsg\u0259rinin q\u0259hr\u0259manl\u0131\u011f\u0131 say\u0259sind\u0259 qazan\u0131lan tarixi Z\u0259f\u0259rd\u0259n b\u0259hs ed\u0259n \u015e.Bayramov otuz illik yurd h\u0259sr\u0259tind\u0259n sonra torpaqlar\u0131m\u0131z\u0131n i\u015f\u011faldan azad edildiyini, tarixi \u0259dal\u0259tin v\u0259 milli q&uuml;rurun b\u0259rpa olundu\u011funu s&ouml;yl\u0259yib.<\/span><\/p>\n<p style=\"margin-bottom: 0.0001pt; text-align: justify; text-indent: 1cm;\"><span style=\"font-size: 12pt; line-height: 115%; font-family: 'Arial', sans-serif; color: #000000; background: white none repeat scroll 0% 0%;\">H\u0259r birimiz\u0259 sonsuz f\u0259xar\u0259t hissl\u0259ri ya\u015fadan \u015fanl\u0131 Q\u0259l\u0259b\u0259nin \u0259ld\u0259 edilm\u0259sind\u0259 igid \u0259sg\u0259r v\u0259 zabitl\u0259rimizin m&uuml;h&uuml;m pay sahibi olduqlar\u0131n\u0131 diqq\u0259t\u0259 &ccedil;atd\u0131ran \u015e.Bayramov &ouml;lk\u0259mizin \u0259razi b&uuml;t&ouml;vl&uuml;y&uuml; u\u011frunda \u015f\u0259hidlik m\u0259qam\u0131na y&uuml;ks\u0259l\u0259n q\u0259hr\u0259manlar\u0131m\u0131z\u0131n \u0259ziz xatir\u0259sinin he&ccedil; zaman unudulmayaca\u011f\u0131n\u0131 bildirib.<\/span><\/p>\n<p style=\"margin-bottom: 0.0001pt; text-align: justify; text-indent: 1cm;\"><span style=\"font-size: 12pt; line-height: 115%; font-family: 'Arial', sans-serif; color: #000000; background: white none repeat scroll 0% 0%;\">Tarixin b&uuml;t&uuml;n d&ouml;n\u0259ml\u0259rind\u0259 oldu\u011fu kimi, V\u0259t\u0259n M&uuml;harib\u0259sinin ba\u015flad\u0131\u011f\u0131 ilk anlardan etibar\u0259n qarda\u015f T&uuml;rkiy\u0259nin daim Az\u0259rbaycan\u0131n yan\u0131nda oldu\u011funu, b&ouml;y&uuml;k siyasi, diplomatik v\u0259 m\u0259n\u0259vi d\u0259st\u0259k g&ouml;st\u0259rdiyini vur\u011fulayan rektor Qaraba\u011f Z\u0259f\u0259rinin Az\u0259rbaycan-T&uuml;rkiy\u0259 birliyinin g&uuml;c&uuml;n&uuml; d&uuml;nyaya n&uuml;mayi\u015f etdirdiyini, qarda\u015fl\u0131q m&uuml;nasib\u0259tl\u0259rinin daha y&uuml;ks\u0259k zirv\u0259l\u0259r\u0259 ucaltd\u0131\u011f\u0131n\u0131 qeyd edib. <\/span><\/p>\n<p style=\"margin-bottom: 0.0001pt; text-align: justify; text-indent: 1cm;\"><span style=\"font-size: 12pt; line-height: 115%; font-family: 'Arial', sans-serif; color: #000000; background: white none repeat scroll 0% 0%;\">Qaraba\u011f h\u0259qiq\u0259tl\u0259rinin geni\u015f ictimaiyy\u0259t\u0259 &ccedil;atd\u0131r\u0131lmas\u0131nda v\u0259 Az\u0259rbaycan\u0131n haqq i\u015finin d\u0259st\u0259kl\u0259nm\u0259sind\u0259 Qazi Universitetinin y&uuml;ks\u0259k f\u0259all\u0131\u011f\u0131 il\u0259 se&ccedil;ildiyini vur\u011fulayan \u015e.Bayramov bu f\u0259aliyy\u0259tl\u0259rd\u0259 \u0259m\u0259yi olan universitetin b&uuml;t&uuml;n professor-m&uuml;\u0259llim, inzibati-texniki v\u0259 t\u0259l\u0259b\u0259 hey\u0259tin\u0259 minn\u0259tdarl\u0131\u011f\u0131n\u0131 bildirib. \u0130ki universitet aras\u0131nda yarad\u0131lan \u0259m\u0259kda\u015fl\u0131\u011f\u0131n q\u0131sa m&uuml;dd\u0259t \u0259rzind\u0259 inki\u015faf\u0131ndan m\u0259mnunlu\u011funu ifad\u0259 ed\u0259n rektor konfrans\u0131n i\u015fin\u0259 u\u011furlar arzulay\u0131b. <\/span><\/p>\n<p style=\"margin-bottom: 0.0001pt; text-align: justify; text-indent: 1cm;\"><span style=\"color: #000000;\"><span style=\"font-size: 12pt; line-height: 115%; font-family: 'Arial', sans-serif; color: black; background: white none repeat scroll 0% 0%;\">Daha sonra, konfrans\u0131n proqram\u0131na uy\u011fun olaraq Qazi Universitetinin professoru Selma Yel <\/span><span style=\"font-size: 12pt; line-height: 115%; font-family: 'Arial', sans-serif;\">&ldquo;\u015eu\u015fa B\u0259yannam\u0259sinin tarixi fonu&rdquo;, MDU-nun dosenti Nizami Zeynalov &ldquo;B&ouml;lg\u0259nin geosiyasi m\u0259nz\u0259r\u0259sini d\u0259yi\u015f\u0259n Tarixi Z\u0259f\u0259r&rdquo;, Kahramanmara\u015f S&uuml;t&ccedil;&uuml; \u0130mam Universitetinin professoru To\u011frul \u0130smay\u0131l &ldquo;\u0130kinci Qaraba\u011f Sava\u015f\u0131nda Z\u0259f\u0259ri t\u0259min ed\u0259n amill\u0259r v\u0259 n\u0259tic\u0259l\u0259r&rdquo;, MDU-nun dosenti Esmira C\u0259f\u0259rova &ldquo;C\u0259nubi Qafqazda \u0259b\u0259di s&uuml;lh, t\u0259hl&uuml;k\u0259sizlik v\u0259 h\u0259rt\u0259r\u0259fli inki\u015faf perspektivl\u0259ri&rdquo; m&ouml;vzular\u0131nda m\u0259ruz\u0259l\u0259rl\u0259 &ccedil;\u0131x\u0131\u015f edibl\u0259r. <\/span><\/span><\/p>\n<p style=\"margin-bottom: 0.0001pt; text-align: justify; text-indent: 1cm;\"><span style=\"font-size: 12pt; line-height: 115%; font-family: 'Arial', sans-serif; color: #000000;\">Konfrans i\u015ftirak&ccedil;\u0131lar\u0131 t\u0259r\u0259find\u0259n b&ouml;y&uuml;k maraqla qar\u015f\u0131lanan m\u0259ruz\u0259l\u0259r \u0259traf\u0131nda geni\u015f fikir m&uuml;badil\u0259si apar\u0131l\u0131b.<\/span><\/p>\n<p style=\"margin-bottom: 0.0001pt; text-align: justify; text-indent: 1cm;\"><span style=\"font-size: 12pt; line-height: 115%; font-family: 'Arial', sans-serif; color: #000000;\">Qeyd ed\u0259k ki, V\u0259t\u0259n m&uuml;harib\u0259sind\u0259 qazan\u0131lan tarixi Z\u0259f\u0259rin birinci ild&ouml;n&uuml;m&uuml; m&uuml;nasib\u0259til\u0259 MDU-da qarda\u015f &ouml;lk\u0259nin t\u0259r\u0259fda\u015f universitetl\u0259ri il\u0259 birlikd\u0259 silsil\u0259 t\u0259dbirl\u0259r ke&ccedil;irilib.<\/span><\/p>\n<p>{phocagallery view=category|categoryid=752|limitstart=0|limitcount=0}<\/p>","protected":false},"excerpt":{"rendered":"<p>Ming\u0259&ccedil;evir D&ouml;vl\u0259t Universiteti v\u0259 Qazi Universitetinin birg\u0259 t\u0259\u015fkilat&ccedil;\u0131l\u0131\u011f\u0131 il\u0259 Z\u0259f\u0259r G&uuml;n&uuml;n\u0259 h\u0259sr olunan konfrans ke&ccedil;irilib &nbsp; 6 noyabr 2021-ci il tarixind\u0259 Ming\u0259&ccedil;evir D&ouml;vl\u0259t Universiteti (MDU) v\u0259 T&uuml;rkiy\u0259nin Qazi Universiteti aras\u0131nda \u0259m\u0259kda\u015fl\u0131q &ccedil;\u0259r&ccedil;iv\u0259sind\u0259 Qaraba\u011f Z\u0259f\u0259rinin birinci ild&ouml;n&uuml;m&uuml;n\u0259 h\u0259sr olunan birg\u0259 elmi konfrans ke&ccedil;irilib. Konfransda h\u0259r iki universitetin akademik v\u0259 inzibati hey\u0259t &uuml;zvl\u0259ri, t\u0259l\u0259b\u0259, magistrant v\u0259 doktorantlar\u0131 [&hellip;]<\/p>\n","protected":false},"author":1,"featured_media":0,"comment_status":"open","ping_status":"open","sticky":false,"template":"","format":"standard","meta":{"_eb_attr":"","ocean_post_layout":"","ocean_both_sidebars_style":"","ocean_both_sidebars_content_width":0,"ocean_both_sidebars_sidebars_width":0,"ocean_sidebar":"","ocean_second_sidebar":"","ocean_disable_margins":"enable","ocean_add_body_class":"","ocean_shortcode_before_top_bar":"","ocean_shortcode_after_top_bar":"","ocean_shortcode_before_header":"","ocean_shortcode_after_header":"","ocean_has_shortcode":"","ocean_shortcode_after_title":"","ocean_shortcode_before_footer_widgets":"","ocean_shortcode_after_footer_widgets":"","ocean_shortcode_before_footer_bottom":"","ocean_shortcode_after_footer_bottom":"","ocean_display_top_bar":"default","ocean_display_header":"default","ocean_header_style":"","ocean_center_header_left_menu":"","ocean_custom_header_template":"","ocean_custom_logo":0,"ocean_custom_retina_logo":0,"ocean_custom_logo_max_width":0,"ocean_custom_logo_tablet_max_width":0,"ocean_custom_logo_mobile_max_width":0,"ocean_custom_logo_max_height":0,"ocean_custom_logo_tablet_max_height":0,"ocean_custom_logo_mobile_max_height":0,"ocean_header_custom_menu":"","ocean_menu_typo_font_family":"","ocean_menu_typo_font_subset":"","ocean_menu_typo_font_size":0,"ocean_menu_typo_font_size_tablet":0,"ocean_menu_typo_font_size_mobile":0,"ocean_menu_typo_font_size_unit":"px","ocean_menu_typo_font_weight":"","ocean_menu_typo_font_weight_tablet":"","ocean_menu_typo_font_weight_mobile":"","ocean_menu_typo_transform":"","ocean_menu_typo_transform_tablet":"","ocean_menu_typo_transform_mobile":"","ocean_menu_typo_line_height":0,"ocean_menu_typo_line_height_tablet":0,"ocean_menu_typo_line_height_mobile":0,"ocean_menu_typo_line_height_unit":"","ocean_menu_typo_spacing":0,"ocean_menu_typo_spacing_tablet":0,"ocean_menu_typo_spacing_mobile":0,"ocean_menu_typo_spacing_unit":"","ocean_menu_link_color":"","ocean_menu_link_color_hover":"","ocean_menu_link_color_active":"","ocean_menu_link_background":"","ocean_menu_link_hover_background":"","ocean_menu_link_active_background":"","ocean_menu_social_links_bg":"","ocean_menu_social_hover_links_bg":"","ocean_menu_social_links_color":"","ocean_menu_social_hover_links_color":"","ocean_disable_title":"default","ocean_disable_heading":"default","ocean_post_title":"","ocean_post_subheading":"","ocean_post_title_style":"","ocean_post_title_background_color":"","ocean_post_title_background":0,"ocean_post_title_bg_image_position":"","ocean_post_title_bg_image_attachment":"","ocean_post_title_bg_image_repeat":"","ocean_post_title_bg_image_size":"","ocean_post_title_height":0,"ocean_post_title_bg_overlay":0.5,"ocean_post_title_bg_overlay_color":"","ocean_disable_breadcrumbs":"default","ocean_breadcrumbs_color":"","ocean_breadcrumbs_separator_color":"","ocean_breadcrumbs_links_color":"","ocean_breadcrumbs_links_hover_color":"","ocean_display_footer_widgets":"default","ocean_display_footer_bottom":"default","ocean_custom_footer_template":"","ocean_post_oembed":"","ocean_post_self_hosted_media":"","ocean_post_video_embed":"","ocean_link_format":"","ocean_link_format_target":"self","ocean_quote_format":"","ocean_quote_format_link":"post","ocean_gallery_link_images":"on","ocean_gallery_id":[],"footnotes":""},"categories":[63],"tags":[],"class_list":["post-16141","post","type-post","status-publish","format-standard","hentry","category-khaebaerlaer-az","entry"],"_links":{"self":[{"href":"https:\/\/mdu.edu.az\/ru\/wp-json\/wp\/v2\/posts\/16141","targetHints":{"allow":["GET"]}}],"collection":[{"href":"https:\/\/mdu.edu.az\/ru\/wp-json\/wp\/v2\/posts"}],"about":[{"href":"https:\/\/mdu.edu.az\/ru\/wp-json\/wp\/v2\/types\/post"}],"author":[{"embeddable":true,"href":"https:\/\/mdu.edu.az\/ru\/wp-json\/wp\/v2\/users\/1"}],"replies":[{"embeddable":true,"href":"https:\/\/mdu.edu.az\/ru\/wp-json\/wp\/v2\/comments?post=16141"}],"version-history":[{"count":0,"href":"https:\/\/mdu.edu.az\/ru\/wp-json\/wp\/v2\/posts\/16141\/revisions"}],"wp:attachment":[{"href":"https:\/\/mdu.edu.az\/ru\/wp-json\/wp\/v2\/media?parent=16141"}],"wp:term":[{"taxonomy":"category","embeddable":true,"href":"https:\/\/mdu.edu.az\/ru\/wp-json\/wp\/v2\/categories?post=16141"},{"taxonomy":"post_tag","embeddable":true,"href":"https:\/\/mdu.edu.az\/ru\/wp-json\/wp\/v2\/tags?post=16141"}],"curies":[{"name":"wp","href":"https:\/\/api.w.org\/{rel}","templated":true}]}}