{"id":16143,"date":"2021-11-08T14:02:00","date_gmt":"2021-11-08T11:02:00","guid":{"rendered":"https:\/\/mdu.edu.az\/minzh-evir-d-vl-t-universitetind-z-f-r-zh-n-n-h-sr-olunan-m-hazir-l-r-ke-irilib\/"},"modified":"2021-11-08T14:02:00","modified_gmt":"2021-11-08T11:02:00","slug":"minzh-evir-d-vl-t-universitetind-z-f-r-zh-n-n-h-sr-olunan-m-hazir-l-r-ke-irilib","status":"publish","type":"post","link":"https:\/\/mdu.edu.az\/ru\/minzh-evir-d-vl-t-universitetind-z-f-r-zh-n-n-h-sr-olunan-m-hazir-l-r-ke-irilib\/","title":{"rendered":"Ming\u0259\u00e7evir D\u00f6vl\u0259t Universitetind\u0259 Z\u0259f\u0259r G\u00fcn\u00fcn\u0259 h\u0259sr olunan m\u00fchazir\u0259l\u0259r ke\u00e7irilib"},"content":{"rendered":"<p style=\"margin-top: 0cm; margin-right: 0cm; margin-bottom: 0.0001pt; text-align: center; line-height: 150%; background: white none repeat scroll 0% 0%;\"><b><span style=\"font-size: 14pt; line-height: 150%; font-family: 'Arial', sans-serif; color: #002060;\">Ming\u0259&ccedil;evir D&ouml;vl\u0259t Universitetind\u0259 <\/span><\/b><b><span style=\"font-size: 14pt; line-height: 150%; font-family: 'Arial', sans-serif; color: #002060;\">Z\u0259f\u0259r G&uuml;n&uuml;n\u0259 h\u0259sr olunan m&uuml;hazir\u0259l\u0259r ke&ccedil;irilib<\/span><\/b><\/p>\n<p>&nbsp;<\/p>\n<p style=\"margin-bottom: 0.0001pt; text-align: justify; text-indent: 1cm; line-height: 150%;\"><span style=\"font-size: 12pt; line-height: 150%; font-family: 'Arial', sans-serif; color: #000000;\">2021-ci ilin 3-7 noyabr tarixl\u0259rind\u0259 Ming\u0259&ccedil;evir D&ouml;vl\u0259t Universitetind\u0259 (MDU) 44 g&uuml;nl&uuml;k V\u0259t\u0259n M&uuml;harib\u0259sin\u0259 v\u0259 Qaraba\u011f Z\u0259f\u0259rin\u0259 h\u0259sr olunan silsil\u0259 m&uuml;hazir\u0259l\u0259r ke&ccedil;irilib. &ldquo;Microsoft Teams&rdquo; platformas\u0131 &uuml;z\u0259rind\u0259n onlayn formatda t\u0259\u015fkil edil\u0259n m&uuml;hazir\u0259l\u0259rd\u0259 universitetin akademik v\u0259 inzibati hey\u0259t &uuml;zvl\u0259ri, t\u0259l\u0259b\u0259 v\u0259 magistrantlar\u0131 i\u015ftirak edibl\u0259r.<\/span><\/p>\n<p style=\"margin-bottom: 0.0001pt; text-align: justify; text-indent: 1cm; line-height: 150%;\"><span style=\"font-size: 12pt; line-height: 150%; font-family: 'Arial', sans-serif; color: #000000;\">Be\u015f g&uuml;n m&uuml;dd\u0259tind\u0259 davam ed\u0259n m&uuml;hazir\u0259 proqram\u0131na uy\u011fun olaraq, MDU-nun Humanitar f\u0259nl\u0259r kafedras\u0131ndan ba\u015f m&uuml;\u0259llim \u0130lham M\u0259mm\u0259dov &ldquo;Az\u0259rbaycan xalq\u0131 \u015fanl\u0131 Q\u0259l\u0259b\u0259nin astanas\u0131nda &#8211; V\u0259t\u0259n m&uuml;harib\u0259sinin 38-ci g&uuml;n&uuml;: 3 noyabr 2020-ci il&rdquo;, m&uuml;\u0259llim Mirz\u0259 Cavadov &ldquo;\u015eu\u015faya aparan Z\u0259f\u0259r yolu &#8211; V\u0259t\u0259n m&uuml;harib\u0259sinin 39-cu g&uuml;n&uuml;: 4 noyabr 2020-ci il&rdquo;, m&uuml;\u0259llim \u015e\u0259lal\u0259 Quliyeva &ldquo;Az\u0259rbaycan siyasi t\u0259hdidl\u0259r v\u0259 diplomatik t\u0259zyiql\u0259r qar\u015f\u0131s\u0131nda &#8211; V\u0259t\u0259n m&uuml;harib\u0259sinin 40-c\u0131 g&uuml;n&uuml;: 5 noyabr 2020-ci il&rdquo;, ba\u015f m&uuml;\u0259llim M\u0259tan\u0259t Yusifova &ldquo;Erm\u0259ni mifl\u0259rinin iflas\u0131 &#8211; V\u0259t\u0259n m&uuml;harib\u0259sinin 41-ci g&uuml;n&uuml;: 6 noyabr 2020-ci il&rdquo; v\u0259 m&uuml;\u0259llim G&uuml;l\u0259r \u018fjd\u0259rzad\u0259 &ldquo;Erm\u0259ni mifl\u0259rinin iflas\u0131 &#8211; V\u0259t\u0259n m&uuml;harib\u0259sinin 41-ci g&uuml;n&uuml;: 7 noyabr 2020-ci il&rdquo; m&ouml;vzular\u0131nda m\u0259ruz\u0259l\u0259rl\u0259 &ccedil;\u0131x\u0131\u015f edibl\u0259r.<\/span><\/p>\n<p style=\"margin-bottom: 0.0001pt; text-align: justify; text-indent: 1cm; line-height: 150%;\"><span style=\"font-size: 12pt; line-height: 150%; font-family: 'Arial', sans-serif; color: #000000;\">M\u0259ruz\u0259l\u0259rd\u0259 2020-ci ilin sentyabr\u0131n 27-d\u0259n ba\u015flanan v\u0259 44 g&uuml;n davam ed\u0259n V\u0259t\u0259n m&uuml;harib\u0259sinin gedi\u015fat\u0131ndan, xalq\u0131m\u0131z\u0131 \u015fanl\u0131 Z\u0259f\u0259r\u0259 aparan ba\u015fl\u0131ca amill\u0259rd\u0259n, d&uuml;\u015fm\u0259nin kapitulyasiya akt\u0131n\u0131 imzalamas\u0131ndan v\u0259 m&ouml;ht\u0259\u015f\u0259m qalibiyy\u0259tin \u0259ld\u0259 edilm\u0259sind\u0259n b\u0259hs edilib. Bildirilib ki, tarixi Q\u0259l\u0259b\u0259nin t\u0259m\u0259lind\u0259 m&uuml;z\u0259ff\u0259r Ali Ba\u015f Komandan \u0130lham \u018fliyevin q\u0259tiyy\u0259tli siyas\u0259ti, yenilm\u0259z Az\u0259rbaycan Silahl\u0131 Q&uuml;vv\u0259l\u0259rinin r\u0259\u015fad\u0259ti, q\u0259hr\u0259man Az\u0259rbaycan \u018fsg\u0259rinin \u015f&uuml;ca\u0259ti, xalq\u0131n &ouml;z lideri \u0259traf\u0131nda &ldquo;D\u0259mir yumruq&rdquo; kimi birl\u0259\u015fm\u0259si, informasiya m&uuml;harib\u0259sind\u0259 v\u0259 diplomatiyada &uuml;st&uuml;nl&uuml;y&uuml;n qazan\u0131lmas\u0131, qarda\u015f T&uuml;rkiy\u0259nin siyasi v\u0259 m\u0259n\u0259vi d\u0259st\u0259yi dayan\u0131r. <\/span><\/p>\n<p style=\"margin-bottom: 0.0001pt; text-align: justify; text-indent: 1cm; line-height: 150%;\"><span style=\"font-size: 12pt; line-height: 150%; font-family: 'Arial', sans-serif; color: #000000;\">T\u0259l\u0259b\u0259 v\u0259 m&uuml;\u0259llim kolektivi &uuml;zvl\u0259ri t\u0259r\u0259find\u0259n b&ouml;y&uuml;k maraqla qar\u015f\u0131lanan m\u0259ruz\u0259l\u0259r \u0259traf\u0131nda geni\u015f m&uuml;zakir\u0259l\u0259r apar\u0131l\u0131b v\u0259 t\u0259qdim edil\u0259n suallar cavabland\u0131r\u0131l\u0131b. <\/span><\/p>\n<p style=\"margin-bottom: 0.0001pt; text-align: justify; text-indent: 1cm; line-height: 150%;\"><span style=\"font-size: 12pt; line-height: 150%; font-family: 'Arial', sans-serif;\"><span style=\"color: #000000;\">Qeyd ed\u0259k ki, V\u0259t\u0259n M&uuml;harib\u0259sind\u0259 qazan\u0131lan tarixi Z\u0259f\u0259rin birinci ild&ouml;n&uuml;m&uuml; m&uuml;nasib\u0259til\u0259 MDU-da m&uuml;xt\u0259lif formatl\u0131 silsil\u0259 t\u0259dbirl\u0259r ke&ccedil;irilir. S&ouml;z&uuml;ged\u0259n m&uuml;hazir\u0259l\u0259r Az\u0259rbaycan Respublikas\u0131 T\u0259hsil nazirinin m&uuml;vafiq \u0259mri il\u0259 t\u0259sdiq edilmi\u015f &ldquo;27 sentyabr An\u0131m G&uuml;n&uuml; v\u0259 8 noyabr Z\u0259f\u0259r G&uuml;n&uuml; il\u0259 ba\u011fl\u0131 T\u0259dbirl\u0259r Plan\u0131&rdquo; &ccedil;\u0259r&ccedil;iv\u0259sind\u0259 realla\u015fd\u0131r\u0131l\u0131b.<\/span> <\/span><\/p>\n<p>{phocagallery view=category|categoryid=753|limitstart=0|limitcount=0}<\/p>\n<p style=\"margin-bottom: 0.0001pt; line-height: 150%;\"><span style=\"font-size: 12pt; line-height: 150%; font-family: 'Arial', sans-serif;\"><\/span><\/p>","protected":false},"excerpt":{"rendered":"<p>Ming\u0259&ccedil;evir D&ouml;vl\u0259t Universitetind\u0259 Z\u0259f\u0259r G&uuml;n&uuml;n\u0259 h\u0259sr olunan m&uuml;hazir\u0259l\u0259r ke&ccedil;irilib &nbsp; 2021-ci ilin 3-7 noyabr tarixl\u0259rind\u0259 Ming\u0259&ccedil;evir D&ouml;vl\u0259t Universitetind\u0259 (MDU) 44 g&uuml;nl&uuml;k V\u0259t\u0259n M&uuml;harib\u0259sin\u0259 v\u0259 Qaraba\u011f Z\u0259f\u0259rin\u0259 h\u0259sr olunan silsil\u0259 m&uuml;hazir\u0259l\u0259r ke&ccedil;irilib. &ldquo;Microsoft Teams&rdquo; platformas\u0131 &uuml;z\u0259rind\u0259n onlayn formatda t\u0259\u015fkil edil\u0259n m&uuml;hazir\u0259l\u0259rd\u0259 universitetin akademik v\u0259 inzibati hey\u0259t &uuml;zvl\u0259ri, t\u0259l\u0259b\u0259 v\u0259 magistrantlar\u0131 i\u015ftirak edibl\u0259r. Be\u015f g&uuml;n m&uuml;dd\u0259tind\u0259 davam [&hellip;]<\/p>\n","protected":false},"author":1,"featured_media":0,"comment_status":"open","ping_status":"open","sticky":false,"template":"","format":"standard","meta":{"_eb_attr":"","ocean_post_layout":"","ocean_both_sidebars_style":"","ocean_both_sidebars_content_width":0,"ocean_both_sidebars_sidebars_width":0,"ocean_sidebar":"","ocean_second_sidebar":"","ocean_disable_margins":"enable","ocean_add_body_class":"","ocean_shortcode_before_top_bar":"","ocean_shortcode_after_top_bar":"","ocean_shortcode_before_header":"","ocean_shortcode_after_header":"","ocean_has_shortcode":"","ocean_shortcode_after_title":"","ocean_shortcode_before_footer_widgets":"","ocean_shortcode_after_footer_widgets":"","ocean_shortcode_before_footer_bottom":"","ocean_shortcode_after_footer_bottom":"","ocean_display_top_bar":"default","ocean_display_header":"default","ocean_header_style":"","ocean_center_header_left_menu":"","ocean_custom_header_template":"","ocean_custom_logo":0,"ocean_custom_retina_logo":0,"ocean_custom_logo_max_width":0,"ocean_custom_logo_tablet_max_width":0,"ocean_custom_logo_mobile_max_width":0,"ocean_custom_logo_max_height":0,"ocean_custom_logo_tablet_max_height":0,"ocean_custom_logo_mobile_max_height":0,"ocean_header_custom_menu":"","ocean_menu_typo_font_family":"","ocean_menu_typo_font_subset":"","ocean_menu_typo_font_size":0,"ocean_menu_typo_font_size_tablet":0,"ocean_menu_typo_font_size_mobile":0,"ocean_menu_typo_font_size_unit":"px","ocean_menu_typo_font_weight":"","ocean_menu_typo_font_weight_tablet":"","ocean_menu_typo_font_weight_mobile":"","ocean_menu_typo_transform":"","ocean_menu_typo_transform_tablet":"","ocean_menu_typo_transform_mobile":"","ocean_menu_typo_line_height":0,"ocean_menu_typo_line_height_tablet":0,"ocean_menu_typo_line_height_mobile":0,"ocean_menu_typo_line_height_unit":"","ocean_menu_typo_spacing":0,"ocean_menu_typo_spacing_tablet":0,"ocean_menu_typo_spacing_mobile":0,"ocean_menu_typo_spacing_unit":"","ocean_menu_link_color":"","ocean_menu_link_color_hover":"","ocean_menu_link_color_active":"","ocean_menu_link_background":"","ocean_menu_link_hover_background":"","ocean_menu_link_active_background":"","ocean_menu_social_links_bg":"","ocean_menu_social_hover_links_bg":"","ocean_menu_social_links_color":"","ocean_menu_social_hover_links_color":"","ocean_disable_title":"default","ocean_disable_heading":"default","ocean_post_title":"","ocean_post_subheading":"","ocean_post_title_style":"","ocean_post_title_background_color":"","ocean_post_title_background":0,"ocean_post_title_bg_image_position":"","ocean_post_title_bg_image_attachment":"","ocean_post_title_bg_image_repeat":"","ocean_post_title_bg_image_size":"","ocean_post_title_height":0,"ocean_post_title_bg_overlay":0.5,"ocean_post_title_bg_overlay_color":"","ocean_disable_breadcrumbs":"default","ocean_breadcrumbs_color":"","ocean_breadcrumbs_separator_color":"","ocean_breadcrumbs_links_color":"","ocean_breadcrumbs_links_hover_color":"","ocean_display_footer_widgets":"default","ocean_display_footer_bottom":"default","ocean_custom_footer_template":"","ocean_post_oembed":"","ocean_post_self_hosted_media":"","ocean_post_video_embed":"","ocean_link_format":"","ocean_link_format_target":"self","ocean_quote_format":"","ocean_quote_format_link":"post","ocean_gallery_link_images":"on","ocean_gallery_id":[],"footnotes":""},"categories":[63],"tags":[],"class_list":["post-16143","post","type-post","status-publish","format-standard","hentry","category-khaebaerlaer-az","entry"],"_links":{"self":[{"href":"https:\/\/mdu.edu.az\/ru\/wp-json\/wp\/v2\/posts\/16143","targetHints":{"allow":["GET"]}}],"collection":[{"href":"https:\/\/mdu.edu.az\/ru\/wp-json\/wp\/v2\/posts"}],"about":[{"href":"https:\/\/mdu.edu.az\/ru\/wp-json\/wp\/v2\/types\/post"}],"author":[{"embeddable":true,"href":"https:\/\/mdu.edu.az\/ru\/wp-json\/wp\/v2\/users\/1"}],"replies":[{"embeddable":true,"href":"https:\/\/mdu.edu.az\/ru\/wp-json\/wp\/v2\/comments?post=16143"}],"version-history":[{"count":0,"href":"https:\/\/mdu.edu.az\/ru\/wp-json\/wp\/v2\/posts\/16143\/revisions"}],"wp:attachment":[{"href":"https:\/\/mdu.edu.az\/ru\/wp-json\/wp\/v2\/media?parent=16143"}],"wp:term":[{"taxonomy":"category","embeddable":true,"href":"https:\/\/mdu.edu.az\/ru\/wp-json\/wp\/v2\/categories?post=16143"},{"taxonomy":"post_tag","embeddable":true,"href":"https:\/\/mdu.edu.az\/ru\/wp-json\/wp\/v2\/tags?post=16143"}],"curies":[{"name":"wp","href":"https:\/\/api.w.org\/{rel}","templated":true}]}}