{"id":16156,"date":"2021-11-13T08:55:30","date_gmt":"2021-11-13T05:55:30","guid":{"rendered":"https:\/\/mdu.edu.az\/minzh-evir-d-vl-t-universiteti-v-bak-d-vl-t-universitetinin-birzh-t-kilat-l-il-nizami-zh-ndz-viy-h-sr-olunan-b-dii-gira-t-m-sabig-si-ke-irilib\/"},"modified":"2021-11-13T08:55:30","modified_gmt":"2021-11-13T05:55:30","slug":"minzh-evir-d-vl-t-universiteti-v-bak-d-vl-t-universitetinin-birzh-t-kilat-l-il-nizami-zh-ndz-viy-h-sr-olunan-b-dii-gira-t-m-sabig-si-ke-irilib","status":"publish","type":"post","link":"https:\/\/mdu.edu.az\/ru\/minzh-evir-d-vl-t-universiteti-v-bak-d-vl-t-universitetinin-birzh-t-kilat-l-il-nizami-zh-ndz-viy-h-sr-olunan-b-dii-gira-t-m-sabig-si-ke-irilib\/","title":{"rendered":"Ming\u0259\u00e7evir D\u00f6vl\u0259t Universiteti v\u0259 Bak\u0131 D\u00f6vl\u0259t Universitetinin birg\u0259 t\u0259\u015fkilat\u00e7\u0131l\u0131\u011f\u0131 il\u0259 Nizami G\u0259nc\u0259viy\u0259 h\u0259sr olunan b\u0259dii qira\u0259t m\u00fcsabiq\u0259si ke\u00e7irilib"},"content":{"rendered":"<p style=\"margin-bottom: 0.0001pt; text-align: center;\"><b><span style=\"font-size: 14pt; line-height: 115%; font-family: 'Arial', sans-serif; color: #002060;\">Ming\u0259&ccedil;evir D&ouml;vl\u0259t Universiteti v\u0259 Bak\u0131 D&ouml;vl\u0259t Universitetinin birg\u0259 t\u0259\u015fkilat&ccedil;\u0131l\u0131\u011f\u0131 il\u0259 Nizami G\u0259nc\u0259viy\u0259 h\u0259sr olunan b\u0259dii qira\u0259t m&uuml;sabiq\u0259si ke&ccedil;irilib<\/span><\/b><\/p>\n<p>&nbsp;<\/p>\n<p style=\"margin-bottom: 0.0001pt; text-align: justify; text-indent: 1cm;\"><span style=\"font-size: 12pt; line-height: 115%; font-family: 'Arial', sans-serif; color: #000000;\">12 noyabr 2021-ci il tarixind\u0259 Ming\u0259&ccedil;evir D&ouml;vl\u0259t Universiteti (MDU) v\u0259 Bak\u0131 D&ouml;vl\u0259t Universitetinin (BDU) T\u0259l\u0259b\u0259 G\u0259ncl\u0259r T\u0259\u015fkilatlar\u0131n\u0131n birg\u0259 t\u0259\u015fkilat&ccedil;\u0131l\u0131\u011f\u0131 il\u0259 &ldquo;Nizami G\u0259nc\u0259vi \u0130li&rdquo;n\u0259 h\u0259sr olunan b\u0259dii qira\u0259t m&uuml;sabiq\u0259si ke&ccedil;irilib. &ldquo;Microsoft Teams&rdquo; platformas\u0131 &uuml;z\u0259rind\u0259n onlayn formatda t\u0259\u015fkil edil\u0259n t\u0259dbird\u0259 h\u0259r iki universitetin \u0259m\u0259kda\u015flar\u0131, t\u0259l\u0259b\u0259 v\u0259 magistrantar\u0131 i\u015ftirak edibl\u0259r. <\/span><\/p>\n<p style=\"margin-bottom: 0.0001pt; text-align: justify; text-indent: 1cm;\"><span style=\"color: #000000;\"><span style=\"font-size: 12pt; line-height: 115%; font-family: 'Arial', sans-serif;\">MDU-nun Humanitar f\u0259nl\u0259r kafedras\u0131n\u0131n m&uuml;\u0259llimi Svetlana N\u0259siblinin apar\u0131c\u0131l\u0131\u011f\u0131 il\u0259 ke&ccedil;iril\u0259n virtual b\u0259dii qira\u0259t m&uuml;sabiq\u0259sind\u0259 m&uuml;nsifl\u0259r hey\u0259tinin t\u0259rkibind\u0259 universitetin akademik hey\u0259t &uuml;zvl\u0259rind\u0259n G&uuml;nel Yunusova, S\u0259ad\u0259t A\u011faki\u015fiyeva v\u0259 S\u0259bin<\/span><span style=\"font-size: 12pt; line-height: 115%; font-family: 'Arial', sans-serif;\">\u0259<\/span><span style=\"font-size: 12pt; line-height: 115%; font-family: 'Arial', sans-serif;\"> Novruzova yer al\u0131blar.<\/span><\/span><\/p>\n<p style=\"margin-bottom: 0.0001pt; text-align: justify; text-indent: 1cm;\"><span style=\"font-size: 12pt; line-height: 115%; font-family: 'Arial', sans-serif; color: #000000;\">Bildirilib ki, Az\u0259rbaycan\u0131n b&ouml;y&uuml;k \u015fairi v\u0259 m&uuml;t\u0259f\u0259kkiri Nizami G\u0259nc\u0259vinin z\u0259ngin m\u0259d\u0259ni irsinin t\u0259bli\u011fin\u0259 t&ouml;hf\u0259 verm\u0259k m\u0259qs\u0259dini da\u015f\u0131yan birg\u0259 b\u0259dii qira\u0259t m&uuml;sabiq\u0259sinin, \u0259vv\u0259lc\u0259, MDU t\u0259l\u0259b\u0259l\u0259ri, n&ouml;vb\u0259ti d\u0259f\u0259 is\u0259 BDU t\u0259l\u0259b\u0259l\u0259ri aras\u0131nda ke&ccedil;irilm\u0259si n\u0259z\u0259rd\u0259 tutulub.<\/span><\/p>\n<p style=\"margin-bottom: 0.0001pt; text-align: justify; text-indent: 1cm;\"><span style=\"font-size: 12pt; line-height: 115%; font-family: 'Arial', sans-serif; color: #000000;\">Sonra, MDU-nun Pedaqoji, \u0130qtisadiyyat v\u0259 idar\u0259etm\u0259 fak&uuml;lt\u0259l\u0259rinin t\u0259l\u0259b\u0259l\u0259rinin ifas\u0131nda Nizami \u0259s\u0259rl\u0259rind\u0259n m&uuml;xt\u0259lif par&ccedil;alar v\u0259 q\u0259z\u0259ll\u0259r s\u0259sl\u0259ndirilib.<\/span><\/p>\n<p style=\"margin-bottom: 0.0001pt; text-align: justify; text-indent: 1cm;\"><span style=\"font-size: 12pt; line-height: 115%; font-family: 'Arial', sans-serif; color: #000000;\">M&uuml;nsifl\u0259r t\u0259r\u0259find\u0259n t\u0259l\u0259b\u0259l\u0259rin m&uuml;vafiq qaydada qiym\u0259tl\u0259ndirilm\u0259sind\u0259n sonra qalibl\u0259r m&uuml;\u0259yy\u0259n olunub. MDU-nun \u0130qtisadiyyat v\u0259 idar\u0259etm\u0259 fak&uuml;lt\u0259sinin t\u0259l\u0259b\u0259si Nihad C\u0259f\u0259rli birinci, Pedaqoji fak&uuml;lt\u0259nin t\u0259l\u0259b\u0259l\u0259ri Elnar\u0259 H&uuml;seynova ikinci, X\u0259dic\u0259 Nam\u0259tova is\u0259 &uuml;&ccedil;&uuml;nc&uuml; yer\u0259 layiq g&ouml;r&uuml;l&uuml;bl\u0259r.<\/span><\/p>\n<p style=\"margin-bottom: 0.0001pt; text-align: justify; text-indent: 1cm;\"><span style=\"font-size: 12pt; line-height: 115%; font-family: 'Arial', sans-serif; color: #000000;\">Sonda &ccedil;\u0131x\u0131\u015f ed\u0259n h\u0259r iki universitetin \u0259m\u0259kda\u015flar\u0131 qalibl\u0259ri t\u0259brik edib, \u0259b\u0259diya\u015far \u015fair Nizami G\u0259nc\u0259vinin xalq\u0131m\u0131z\u0131n m\u0259d\u0259ni s\u0259rv\u0259tin\u0259 &ccedil;evril\u0259n \u0259s\u0259rl\u0259rinin g\u0259ncl\u0259r aras\u0131nda t\u0259bli\u011finin &ouml;n\u0259mind\u0259n dan\u0131\u015f\u0131b v\u0259 bu m\u0259qs\u0259dl\u0259 h\u0259yata ke&ccedil;iril\u0259n birg\u0259 t\u0259dbirin t\u0259\u015fkilind\u0259 \u0259m\u0259yi olan h\u0259r k\u0259s\u0259 t\u0259\u015f\u0259kk&uuml;rl\u0259rini bildiribl\u0259r.<\/span><\/p>\n<p style=\"margin-bottom: 0.0001pt; text-align: justify; text-indent: 1cm;\"><span style=\"font-size: 12pt; line-height: 115%; font-family: 'Arial', sans-serif;\"><span style=\"color: #000000;\">Qeyd ed\u0259k ki, Az\u0259rbaycan Respublikas\u0131 Prezidentinin m&uuml;vafiq S\u0259r\u0259ncam\u0131na \u0259sas\u0259n 2021-ci ilin &ouml;lk\u0259mizd\u0259 &ldquo;Nizami G\u0259nc\u0259vi ili&rdquo; elan edilm\u0259si il\u0259 \u0259laq\u0259dar olaraq, MDU-da t\u0259f\u0259da\u015f universitetl\u0259rl\u0259 birlikd\u0259 d&uuml;nya \u0259d\u0259biyyat\u0131n\u0131n g&ouml;rk\u0259mli n&uuml;may\u0259nd\u0259si Nizami G\u0259nc\u0259vinin 880 illik yubileyin\u0259 h\u0259sr edilmi\u015f m&uuml;xt\u0259lif formatl\u0131 t\u0259dbirl\u0259r h\u0259yata ke&ccedil;irilib.<\/span> <\/span><\/p>\n<p>{phocagallery view=category|categoryid=762|limitstart=0|limitcount=0}<\/p>","protected":false},"excerpt":{"rendered":"<p>Ming\u0259&ccedil;evir D&ouml;vl\u0259t Universiteti v\u0259 Bak\u0131 D&ouml;vl\u0259t Universitetinin birg\u0259 t\u0259\u015fkilat&ccedil;\u0131l\u0131\u011f\u0131 il\u0259 Nizami G\u0259nc\u0259viy\u0259 h\u0259sr olunan b\u0259dii qira\u0259t m&uuml;sabiq\u0259si ke&ccedil;irilib &nbsp; 12 noyabr 2021-ci il tarixind\u0259 Ming\u0259&ccedil;evir D&ouml;vl\u0259t Universiteti (MDU) v\u0259 Bak\u0131 D&ouml;vl\u0259t Universitetinin (BDU) T\u0259l\u0259b\u0259 G\u0259ncl\u0259r T\u0259\u015fkilatlar\u0131n\u0131n birg\u0259 t\u0259\u015fkilat&ccedil;\u0131l\u0131\u011f\u0131 il\u0259 &ldquo;Nizami G\u0259nc\u0259vi \u0130li&rdquo;n\u0259 h\u0259sr olunan b\u0259dii qira\u0259t m&uuml;sabiq\u0259si ke&ccedil;irilib. &ldquo;Microsoft Teams&rdquo; platformas\u0131 &uuml;z\u0259rind\u0259n onlayn formatda t\u0259\u015fkil [&hellip;]<\/p>\n","protected":false},"author":1,"featured_media":0,"comment_status":"open","ping_status":"open","sticky":false,"template":"","format":"standard","meta":{"_eb_attr":"","ocean_post_layout":"","ocean_both_sidebars_style":"","ocean_both_sidebars_content_width":0,"ocean_both_sidebars_sidebars_width":0,"ocean_sidebar":"","ocean_second_sidebar":"","ocean_disable_margins":"enable","ocean_add_body_class":"","ocean_shortcode_before_top_bar":"","ocean_shortcode_after_top_bar":"","ocean_shortcode_before_header":"","ocean_shortcode_after_header":"","ocean_has_shortcode":"","ocean_shortcode_after_title":"","ocean_shortcode_before_footer_widgets":"","ocean_shortcode_after_footer_widgets":"","ocean_shortcode_before_footer_bottom":"","ocean_shortcode_after_footer_bottom":"","ocean_display_top_bar":"default","ocean_display_header":"default","ocean_header_style":"","ocean_center_header_left_menu":"","ocean_custom_header_template":"","ocean_custom_logo":0,"ocean_custom_retina_logo":0,"ocean_custom_logo_max_width":0,"ocean_custom_logo_tablet_max_width":0,"ocean_custom_logo_mobile_max_width":0,"ocean_custom_logo_max_height":0,"ocean_custom_logo_tablet_max_height":0,"ocean_custom_logo_mobile_max_height":0,"ocean_header_custom_menu":"","ocean_menu_typo_font_family":"","ocean_menu_typo_font_subset":"","ocean_menu_typo_font_size":0,"ocean_menu_typo_font_size_tablet":0,"ocean_menu_typo_font_size_mobile":0,"ocean_menu_typo_font_size_unit":"px","ocean_menu_typo_font_weight":"","ocean_menu_typo_font_weight_tablet":"","ocean_menu_typo_font_weight_mobile":"","ocean_menu_typo_transform":"","ocean_menu_typo_transform_tablet":"","ocean_menu_typo_transform_mobile":"","ocean_menu_typo_line_height":0,"ocean_menu_typo_line_height_tablet":0,"ocean_menu_typo_line_height_mobile":0,"ocean_menu_typo_line_height_unit":"","ocean_menu_typo_spacing":0,"ocean_menu_typo_spacing_tablet":0,"ocean_menu_typo_spacing_mobile":0,"ocean_menu_typo_spacing_unit":"","ocean_menu_link_color":"","ocean_menu_link_color_hover":"","ocean_menu_link_color_active":"","ocean_menu_link_background":"","ocean_menu_link_hover_background":"","ocean_menu_link_active_background":"","ocean_menu_social_links_bg":"","ocean_menu_social_hover_links_bg":"","ocean_menu_social_links_color":"","ocean_menu_social_hover_links_color":"","ocean_disable_title":"default","ocean_disable_heading":"default","ocean_post_title":"","ocean_post_subheading":"","ocean_post_title_style":"","ocean_post_title_background_color":"","ocean_post_title_background":0,"ocean_post_title_bg_image_position":"","ocean_post_title_bg_image_attachment":"","ocean_post_title_bg_image_repeat":"","ocean_post_title_bg_image_size":"","ocean_post_title_height":0,"ocean_post_title_bg_overlay":0.5,"ocean_post_title_bg_overlay_color":"","ocean_disable_breadcrumbs":"default","ocean_breadcrumbs_color":"","ocean_breadcrumbs_separator_color":"","ocean_breadcrumbs_links_color":"","ocean_breadcrumbs_links_hover_color":"","ocean_display_footer_widgets":"default","ocean_display_footer_bottom":"default","ocean_custom_footer_template":"","ocean_post_oembed":"","ocean_post_self_hosted_media":"","ocean_post_video_embed":"","ocean_link_format":"","ocean_link_format_target":"self","ocean_quote_format":"","ocean_quote_format_link":"post","ocean_gallery_link_images":"on","ocean_gallery_id":[],"footnotes":""},"categories":[63],"tags":[],"class_list":["post-16156","post","type-post","status-publish","format-standard","hentry","category-khaebaerlaer-az","entry"],"_links":{"self":[{"href":"https:\/\/mdu.edu.az\/ru\/wp-json\/wp\/v2\/posts\/16156","targetHints":{"allow":["GET"]}}],"collection":[{"href":"https:\/\/mdu.edu.az\/ru\/wp-json\/wp\/v2\/posts"}],"about":[{"href":"https:\/\/mdu.edu.az\/ru\/wp-json\/wp\/v2\/types\/post"}],"author":[{"embeddable":true,"href":"https:\/\/mdu.edu.az\/ru\/wp-json\/wp\/v2\/users\/1"}],"replies":[{"embeddable":true,"href":"https:\/\/mdu.edu.az\/ru\/wp-json\/wp\/v2\/comments?post=16156"}],"version-history":[{"count":0,"href":"https:\/\/mdu.edu.az\/ru\/wp-json\/wp\/v2\/posts\/16156\/revisions"}],"wp:attachment":[{"href":"https:\/\/mdu.edu.az\/ru\/wp-json\/wp\/v2\/media?parent=16156"}],"wp:term":[{"taxonomy":"category","embeddable":true,"href":"https:\/\/mdu.edu.az\/ru\/wp-json\/wp\/v2\/categories?post=16156"},{"taxonomy":"post_tag","embeddable":true,"href":"https:\/\/mdu.edu.az\/ru\/wp-json\/wp\/v2\/tags?post=16156"}],"curies":[{"name":"wp","href":"https:\/\/api.w.org\/{rel}","templated":true}]}}