{"id":16164,"date":"2021-11-19T17:56:03","date_gmt":"2021-11-19T14:56:03","guid":{"rendered":"https:\/\/mdu.edu.az\/minzh-evir-d-vl-t-universiteti-heyd-r-liyev-v-az-rbaydzan-tarikhi-vii-mumrespublika-bilik-yar-nda-u-urla-t-msil-olunub\/"},"modified":"2021-11-19T17:56:03","modified_gmt":"2021-11-19T14:56:03","slug":"minzh-evir-d-vl-t-universiteti-heyd-r-liyev-v-az-rbaydzan-tarikhi-vii-mumrespublika-bilik-yar-nda-u-urla-t-msil-olunub","status":"publish","type":"post","link":"https:\/\/mdu.edu.az\/ru\/minzh-evir-d-vl-t-universiteti-heyd-r-liyev-v-az-rbaydzan-tarikhi-vii-mumrespublika-bilik-yar-nda-u-urla-t-msil-olunub\/","title":{"rendered":"Ming\u0259\u00e7evir D\u00f6vl\u0259t Universiteti \u201cHeyd\u0259r \u018fliyev v\u0259 Az\u0259rbaycan tarixi\u201d VII \u00fcmumrespublika bilik yar\u0131\u015f\u0131nda u\u011furla t\u0259msil olunub"},"content":{"rendered":"<p style=\"margin-bottom: 0.0001pt; text-align: center;\"><b><span style=\"font-size: 14pt; line-height: 107%; font-family: 'Arial', 'sans-serif'; color: #002060; background: white none repeat scroll 0% 0%;\">Ming\u0259&ccedil;evir D&ouml;vl\u0259t Universiteti &ldquo;Heyd\u0259r \u018fliyev v\u0259 Az\u0259rbaycan tarixi&rdquo; VII &uuml;mumrespublika bilik yar\u0131\u015f\u0131nda u\u011furla t\u0259msil olunub<\/span><\/b><\/p>\n<p>&nbsp;<\/p>\n<p style=\"margin-bottom: 0.0001pt; text-align: justify; text-indent: 1cm;\"><span style=\"font-size: 12pt; line-height: 107%; font-family: 'Arial', 'sans-serif'; color: #000000;\">12 noyabr 2021-ci il tarixind\u0259 Ming\u0259&ccedil;evir D&ouml;vl\u0259t Universiteti (MDU) Heyd\u0259r \u018fliyev M\u0259rk\u0259zind\u0259 ke&ccedil;iril\u0259n &ldquo;Heyd\u0259r \u018fliyev v\u0259 Az\u0259rbaycan tarixi&rdquo; VII &uuml;mumrespublika bilik yar\u0131\u015f\u0131nda u\u011furla t\u0259msil olunub. Heyd\u0259r \u018fliyev M\u0259rk\u0259zinin v\u0259 Az\u0259rbaycan Respublikas\u0131 T\u0259hsil Nazirliyinin birg\u0259 t\u0259\u015fkilat&ccedil;\u0131l\u0131\u011f\u0131 il\u0259 &ouml;lk\u0259nin 48 ali t\u0259hsil oca\u011f\u0131 aras\u0131nda ke&ccedil;iril\u0259n bilik yar\u0131\u015f\u0131nda MDU komandas\u0131 11-ci yerd\u0259 q\u0259rarla\u015f\u0131b.<\/span><\/p>\n<p style=\"margin-bottom: 0.0001pt; text-align: justify; text-indent: 1cm;\"><span style=\"font-size: 12pt; line-height: 107%; font-family: 'Arial', 'sans-serif'; color: #000000;\">Diqq\u0259t\u0259 &ccedil;atd\u0131r\u0131l\u0131b ki, bilik yar\u0131\u015f\u0131 Az\u0259rbaycan xalq\u0131n\u0131n &uuml;mummilli lideri Heyd\u0259r \u018fliyevin h\u0259yat\u0131n\u0131n, &ccedil;ox\u015fax\u0259li f\u0259aliyy\u0259tinin, irsinin, el\u0259c\u0259 d\u0259 Az\u0259rbaycan Respublikas\u0131n\u0131n Prezidenti, M&uuml;z\u0259ff\u0259r Ali Ba\u015f Komandan c\u0259nab \u0130lham \u018fliyevin r\u0259hb\u0259rliyi il\u0259 torpaqlar\u0131m\u0131z\u0131n i\u015f\u011faldan azad olunmas\u0131 u\u011frunda apar\u0131lm\u0131\u015f V\u0259t\u0259n m&uuml;harib\u0259si v\u0259 \u015fanl\u0131 Z\u0259f\u0259r tarixinin &ouml;yr\u0259nilm\u0259si v\u0259 t\u0259bli\u011fi m\u0259qs\u0259di da\u015f\u0131y\u0131r.<\/span><\/p>\n<p style=\"margin-bottom: 0.0001pt; text-align: justify; text-indent: 1cm;\"><span style=\"font-size: 12pt; line-height: 107%; font-family: 'Arial', 'sans-serif'; color: #000000;\">Yar\u0131\u015f \u0259r\u0259f\u0259sind\u0259 komandalar\u0131n m&uuml;sabiq\u0259y\u0259<span style=\"color: black;\"> haz\u0131rl\u0131\u011f\u0131 m\u0259qs\u0259dil\u0259 Heyd\u0259r \u018fliyev Muzeyin\u0259 ziyar\u0259tl\u0259ri t\u0259\u015fkil olunub v\u0259 noyabr\u0131n 6-da onlar &uuml;&ccedil;&uuml;n m&uuml;vafiq t\u0259lim ke&ccedil;irilib. <\/span><\/span><\/p>\n<p style=\"margin-bottom: 0.0001pt; text-align: justify; text-indent: 1cm;\"><span style=\"font-size: 12pt; line-height: 107%; font-family: 'Arial', 'sans-serif'; color: #000000;\">M&uuml;nsifl\u0259r hey\u0259tind\u0259 Heyd\u0259r \u018fliyev M\u0259rk\u0259zi, T\u0259hsil Nazirliyi v\u0259 Az\u0259rbaycan Milli Elml\u0259r Akademiyas\u0131 Tarix \u0130nstitutunun n&uuml;may\u0259nd\u0259l\u0259ri t\u0259msil olunublar.<\/span><\/p>\n<p style=\"margin-bottom: 0.0001pt; text-align: justify; text-indent: 1cm;\"><span style=\"font-size: 12pt; line-height: 107%; font-family: 'Arial', 'sans-serif'; color: #000000;\">&Uuml;&ccedil; turdan ibar\u0259t olan bilik yar\u0131\u015f\u0131n\u0131n h\u0259r turunda 12 sual cavabland\u0131r\u0131l\u0131b. Suallar komandalara \u0259vv\u0259lc\u0259d\u0259n t\u0259qdim olunan m&ouml;vzular \u0259sas\u0131nda t\u0259rtib edilib. Turlar\u0131n sonunda &uuml;mumi qiym\u0259tl\u0259ndirm\u0259 &uuml;zr\u0259 qalib komandalar m&uuml;\u0259yy\u0259n edilib. Qalibl\u0259rin m&uuml;kafatland\u0131r\u0131lmas\u0131 il\u0259 yana\u015f\u0131, komandalar\u0131n h\u0259r bir &uuml;zv&uuml;n\u0259 Heyd\u0259r \u018fliyev M\u0259rk\u0259zi ad\u0131ndan i\u015ftirak&ccedil;\u0131 sertifikatlar\u0131 t\u0259qdim olunub.<\/span><\/p>\n<p style=\"margin-bottom: 0.0001pt; text-align: justify; text-indent: 1cm;\"><span style=\"font-size: 12pt; line-height: 107%; font-family: 'Arial', 'sans-serif'; color: #000000;\">Noyabr\u0131n 19-da MDU-nun rektoru \u015eahin Bayramov bilik yar\u0131\u015f\u0131nda i\u015ftirak ed\u0259n universitetin komanda &uuml;zvl\u0259ri il\u0259 g&ouml;r&uuml;\u015f&uuml;b. G&ouml;r&uuml;\u015fd\u0259 rektor MDU-nu layiqli t\u0259msil etdikl\u0259rin\u0259 g&ouml;r\u0259 t\u0259l\u0259b\u0259l\u0259r\u0259 t\u0259\u015f\u0259kk&uuml;r&uuml;n&uuml; bildirib v\u0259 g\u0259l\u0259c\u0259k f\u0259aliyy\u0259tl\u0259rind\u0259 onlara u\u011furlar arzulay\u0131b.<\/span><\/p>\n<p style=\"margin-bottom: 0.0001pt; text-align: justify; text-indent: 1cm;\"><span style=\"font-size: 12pt; line-height: 107%; font-family: 'Arial', 'sans-serif'; color: #000000;\">Qeyd ed\u0259k ki, s&ouml;z&uuml;ged\u0259n bilik yar\u0131\u015f\u0131nda i\u015ftirak etmi\u015f MDU komandas\u0131n\u0131n t\u0259rkibind\u0259 universitetin Pedaqoji fak&uuml;lt\u0259sinin t\u0259l\u0259b\u0259l\u0259ri X\u0259dic\u0259 Abdullayeva (kapitan), V\u0259fa Mustafazad\u0259, \u018fli Abbasov, Sevinc \u018fhm\u0259dova, S\u0259ma S&uuml;leymanova v\u0259 Sahil Abbasov yer al\u0131b. Komandan\u0131 yar\u0131\u015fda MDU rektorunun m&uuml;\u015faviri Hamiz Mahmudov v\u0259 Humanitar f\u0259nl\u0259r kafedras\u0131n\u0131n ba\u015f m&uuml;\u0259llimi \u0130lham M\u0259mm\u0259dov m&uuml;\u015fayi\u0259t edibl\u0259r.<\/span><\/p>\n<p>{phocagallery view=category|categoryid=769|limitstart=0|limitcount=0}<\/p>\n<p style=\"margin-bottom: 0.0001pt; text-align: justify; text-indent: 1cm;\"><span style=\"font-size: 12pt; line-height: 107%; font-family: 'Arial', 'sans-serif'; color: #000000;\">.<\/span><\/p>\n<p style=\"margin-bottom: 0.0001pt; text-align: justify; text-indent: 1cm;\"><span style=\"font-size: 12pt; line-height: 107%; font-family: 'Arial', 'sans-serif'; color: #000000;\"><\/span><\/p>","protected":false},"excerpt":{"rendered":"<p>Ming\u0259&ccedil;evir D&ouml;vl\u0259t Universiteti &ldquo;Heyd\u0259r \u018fliyev v\u0259 Az\u0259rbaycan tarixi&rdquo; VII &uuml;mumrespublika bilik yar\u0131\u015f\u0131nda u\u011furla t\u0259msil olunub &nbsp; 12 noyabr 2021-ci il tarixind\u0259 Ming\u0259&ccedil;evir D&ouml;vl\u0259t Universiteti (MDU) Heyd\u0259r \u018fliyev M\u0259rk\u0259zind\u0259 ke&ccedil;iril\u0259n &ldquo;Heyd\u0259r \u018fliyev v\u0259 Az\u0259rbaycan tarixi&rdquo; VII &uuml;mumrespublika bilik yar\u0131\u015f\u0131nda u\u011furla t\u0259msil olunub. Heyd\u0259r \u018fliyev M\u0259rk\u0259zinin v\u0259 Az\u0259rbaycan Respublikas\u0131 T\u0259hsil Nazirliyinin birg\u0259 t\u0259\u015fkilat&ccedil;\u0131l\u0131\u011f\u0131 il\u0259 &ouml;lk\u0259nin 48 ali [&hellip;]<\/p>\n","protected":false},"author":1,"featured_media":0,"comment_status":"open","ping_status":"open","sticky":false,"template":"","format":"standard","meta":{"_eb_attr":"","ocean_post_layout":"","ocean_both_sidebars_style":"","ocean_both_sidebars_content_width":0,"ocean_both_sidebars_sidebars_width":0,"ocean_sidebar":"","ocean_second_sidebar":"","ocean_disable_margins":"enable","ocean_add_body_class":"","ocean_shortcode_before_top_bar":"","ocean_shortcode_after_top_bar":"","ocean_shortcode_before_header":"","ocean_shortcode_after_header":"","ocean_has_shortcode":"","ocean_shortcode_after_title":"","ocean_shortcode_before_footer_widgets":"","ocean_shortcode_after_footer_widgets":"","ocean_shortcode_before_footer_bottom":"","ocean_shortcode_after_footer_bottom":"","ocean_display_top_bar":"default","ocean_display_header":"default","ocean_header_style":"","ocean_center_header_left_menu":"","ocean_custom_header_template":"","ocean_custom_logo":0,"ocean_custom_retina_logo":0,"ocean_custom_logo_max_width":0,"ocean_custom_logo_tablet_max_width":0,"ocean_custom_logo_mobile_max_width":0,"ocean_custom_logo_max_height":0,"ocean_custom_logo_tablet_max_height":0,"ocean_custom_logo_mobile_max_height":0,"ocean_header_custom_menu":"","ocean_menu_typo_font_family":"","ocean_menu_typo_font_subset":"","ocean_menu_typo_font_size":0,"ocean_menu_typo_font_size_tablet":0,"ocean_menu_typo_font_size_mobile":0,"ocean_menu_typo_font_size_unit":"px","ocean_menu_typo_font_weight":"","ocean_menu_typo_font_weight_tablet":"","ocean_menu_typo_font_weight_mobile":"","ocean_menu_typo_transform":"","ocean_menu_typo_transform_tablet":"","ocean_menu_typo_transform_mobile":"","ocean_menu_typo_line_height":0,"ocean_menu_typo_line_height_tablet":0,"ocean_menu_typo_line_height_mobile":0,"ocean_menu_typo_line_height_unit":"","ocean_menu_typo_spacing":0,"ocean_menu_typo_spacing_tablet":0,"ocean_menu_typo_spacing_mobile":0,"ocean_menu_typo_spacing_unit":"","ocean_menu_link_color":"","ocean_menu_link_color_hover":"","ocean_menu_link_color_active":"","ocean_menu_link_background":"","ocean_menu_link_hover_background":"","ocean_menu_link_active_background":"","ocean_menu_social_links_bg":"","ocean_menu_social_hover_links_bg":"","ocean_menu_social_links_color":"","ocean_menu_social_hover_links_color":"","ocean_disable_title":"default","ocean_disable_heading":"default","ocean_post_title":"","ocean_post_subheading":"","ocean_post_title_style":"","ocean_post_title_background_color":"","ocean_post_title_background":0,"ocean_post_title_bg_image_position":"","ocean_post_title_bg_image_attachment":"","ocean_post_title_bg_image_repeat":"","ocean_post_title_bg_image_size":"","ocean_post_title_height":0,"ocean_post_title_bg_overlay":0.5,"ocean_post_title_bg_overlay_color":"","ocean_disable_breadcrumbs":"default","ocean_breadcrumbs_color":"","ocean_breadcrumbs_separator_color":"","ocean_breadcrumbs_links_color":"","ocean_breadcrumbs_links_hover_color":"","ocean_display_footer_widgets":"default","ocean_display_footer_bottom":"default","ocean_custom_footer_template":"","ocean_post_oembed":"","ocean_post_self_hosted_media":"","ocean_post_video_embed":"","ocean_link_format":"","ocean_link_format_target":"self","ocean_quote_format":"","ocean_quote_format_link":"post","ocean_gallery_link_images":"on","ocean_gallery_id":[],"footnotes":""},"categories":[63],"tags":[],"class_list":["post-16164","post","type-post","status-publish","format-standard","hentry","category-khaebaerlaer-az","entry"],"_links":{"self":[{"href":"https:\/\/mdu.edu.az\/ru\/wp-json\/wp\/v2\/posts\/16164","targetHints":{"allow":["GET"]}}],"collection":[{"href":"https:\/\/mdu.edu.az\/ru\/wp-json\/wp\/v2\/posts"}],"about":[{"href":"https:\/\/mdu.edu.az\/ru\/wp-json\/wp\/v2\/types\/post"}],"author":[{"embeddable":true,"href":"https:\/\/mdu.edu.az\/ru\/wp-json\/wp\/v2\/users\/1"}],"replies":[{"embeddable":true,"href":"https:\/\/mdu.edu.az\/ru\/wp-json\/wp\/v2\/comments?post=16164"}],"version-history":[{"count":0,"href":"https:\/\/mdu.edu.az\/ru\/wp-json\/wp\/v2\/posts\/16164\/revisions"}],"wp:attachment":[{"href":"https:\/\/mdu.edu.az\/ru\/wp-json\/wp\/v2\/media?parent=16164"}],"wp:term":[{"taxonomy":"category","embeddable":true,"href":"https:\/\/mdu.edu.az\/ru\/wp-json\/wp\/v2\/categories?post=16164"},{"taxonomy":"post_tag","embeddable":true,"href":"https:\/\/mdu.edu.az\/ru\/wp-json\/wp\/v2\/tags?post=16164"}],"curies":[{"name":"wp","href":"https:\/\/api.w.org\/{rel}","templated":true}]}}