{"id":16183,"date":"2021-11-28T09:11:27","date_gmt":"2021-11-28T06:11:27","guid":{"rendered":"https:\/\/mdu.edu.az\/minzh-evir-d-vl-t-universiteti-rezhionlarda-ali-t-hsil-reall-glar-v-perspektivl-r-adl-beyn-lkhalg-konfransa-t-r-fda-l-g-edib\/"},"modified":"2021-11-28T09:11:27","modified_gmt":"2021-11-28T06:11:27","slug":"minzh-evir-d-vl-t-universiteti-rezhionlarda-ali-t-hsil-reall-glar-v-perspektivl-r-adl-beyn-lkhalg-konfransa-t-r-fda-l-g-edib","status":"publish","type":"post","link":"https:\/\/mdu.edu.az\/ru\/minzh-evir-d-vl-t-universiteti-rezhionlarda-ali-t-hsil-reall-glar-v-perspektivl-r-adl-beyn-lkhalg-konfransa-t-r-fda-l-g-edib\/","title":{"rendered":"Ming\u0259\u00e7evir D\u00f6vl\u0259t Universiteti &#8220;Regionlarda ali t\u0259hsil: reall\u0131qlar v\u0259 perspektivl\u0259r&#8221; adl\u0131 beyn\u0259lxalq konfransa t\u0259r\u0259fda\u015fl\u0131q edib"},"content":{"rendered":"<p style=\"margin-bottom: 0.0001pt; text-align: center; line-height: 150%;\"><b><span style=\"font-size: 14pt; line-height: 150%; font-family: Arial, sans-serif; color: #002060;\">Ming\u0259&ccedil;evir D&ouml;vl\u0259t Universiteti &#8220;Regionlarda ali t\u0259hsil: reall\u0131qlar v\u0259 perspektivl\u0259r&#8221; adl\u0131 beyn\u0259lxalq konfransa t\u0259r\u0259fda\u015fl\u0131q edib<\/span><\/b><\/p>\n<p>&nbsp;<\/p>\n<p style=\"margin-bottom: 0.0001pt; text-align: justify; text-indent: 1cm; line-height: 150%;\"><span style=\"font-size: 12pt; line-height: 150%; font-family: Arial, sans-serif; color: #000000;\">Ming\u0259&ccedil;evir D&ouml;vl\u0259t Universiteti (MDU) 25-26 noyabr 2021-ci il tarixl\u0259rind\u0259 Az\u0259rbaycan D&ouml;vl\u0259t Pedaqoji Universitetinin (ADPU) 100, ADPU Quba filial\u0131n\u0131n 30 illiyin\u0259 h\u0259sr olunan &#8220;Regionlarda ali t\u0259hsil: reall\u0131qlar v\u0259 perspektivl\u0259r&#8221; m&ouml;vzusunda ke&ccedil;iril\u0259n beyn\u0259lxalq elmi konfrans\u0131n \u0259sas t\u0259r\u0259fda\u015flar\u0131ndan biri olub. Konfransda Az\u0259rbaycan, T&uuml;rkiy\u0259, Q\u0131r\u011f\u0131z\u0131stan, Moldova v\u0259 \u015eimali Kiprin ali t\u0259hsil m&uuml;\u0259ssis\u0259l\u0259ri, elmi-t\u0259dqiqat institutlar\u0131 v\u0259 m\u0259rk\u0259zl\u0259rinin r\u0259hb\u0259rl\u0259ri v\u0259 \u0259m\u0259kda\u015flar\u0131 i\u015ftirak edibl\u0259r.<\/span><\/p>\n<p style=\"margin-bottom: 0.0001pt; text-align: justify; text-indent: 1cm; line-height: 150%;\"><span style=\"font-size: 12pt; line-height: 150%; font-family: Arial, sans-serif; color: #000000;\">&ldquo;Zoom&rdquo; platformas\u0131 &uuml;z\u0259rind\u0259n onlayn formatda t\u0259\u015fkil edil\u0259n konfransda MDU-nu rektor \u015eahin Bayramov v\u0259 universitetin akademik hey\u0259t &uuml;zvl\u0259ri t\u0259msil edibl\u0259r. <\/span><\/p>\n<p style=\"margin-bottom: 0.0001pt; text-align: justify; text-indent: 1cm; line-height: 150%;\"><span style=\"font-size: 12pt; line-height: 150%; font-family: Arial, sans-serif; color: #000000;\">Konfrans\u0131n a&ccedil;\u0131l\u0131\u015f\u0131nda ADPU-nun rektoru C\u0259f\u0259r C\u0259f\u0259rov, T&uuml;rkiy\u0259 Qafqaz Universitetinin rektoru H&uuml;sn&uuml; Kapu, Tiraspol D&ouml;vl\u0259t Universitetinin rektoru Eduard Koropseanu, AMEA Akademik H\u0259s\u0259n \u018fliyev ad\u0131na Co\u011frafiya \u0130nstitunun ba\u015f direktoru Zakir Eminov, MDU-nun rektoru \u015eahin Bayramov, Q\u0131r\u011f\u0131z\u0131stan T\u0259hsil Akademiyas\u0131n\u0131n vitse-prezidenti Ulanbek Mambetakunov, ADPU-nun prorektoru As\u0259f Zamanov, Girne Amerikan Universitetinin departament direktoru Orhan Hasano\u011flu, Bursa Uluda\u011f Universitetinin T\u0259hsil fak&uuml;lt\u0259sinin dekan\u0131 Salih &Ccedil;epni &ccedil;\u0131x\u0131\u015f edibl\u0259r.<\/span><\/p>\n<p style=\"margin-bottom: 0.0001pt; text-align: justify; text-indent: 1cm; line-height: 150%;\"><span style=\"font-size: 12pt; line-height: 150%; font-family: Arial, sans-serif; color: #000000;\">A&ccedil;\u0131l\u0131\u015f nitqind\u0259 ADPU v\u0259 onun Quba filial\u0131n\u0131n kollektiv &uuml;zvl\u0259rin\u0259 yubiley t\u0259brikl\u0259rini &ccedil;atd\u0131ran MDU-nun rektoru \u015e.Bayramov M&ouml;ht\u0259r\u0259m Prezidentimiz \u0130lham \u018fliyevin m&uuml;vafiq S\u0259r\u0259ncam\u0131 il\u0259 ADPU-nun 100 illik yubileyinin qeyd edilm\u0259sini ali t\u0259hsilin inki\u015faf\u0131na d&ouml;vl\u0259t qay\u011f\u0131s\u0131n\u0131n bariz n&uuml;mun\u0259l\u0259rind\u0259n biri kimi d\u0259y\u0259rl\u0259ndirib.<\/span><\/p>\n<p style=\"margin-bottom: 0.0001pt; text-align: justify; text-indent: 1cm; line-height: 150%;\"><span style=\"font-size: 12pt; line-height: 150%; font-family: Arial, sans-serif; color: #000000;\">&Ouml;lk\u0259mizin t\u0259hsil tarixind\u0259 x&uuml;susi yeri olan ADPU-nun regionda yerl\u0259\u015f\u0259n universitetl\u0259rl\u0259 f\u0259al \u0259m\u0259kda\u015fl\u0131q etdiyini v\u0259 onlar\u0131n potensial\u0131n\u0131n g&uuml;cl\u0259ndirilm\u0259sin\u0259 d\u0259st\u0259k g&ouml;st\u0259rdiyini vur\u011fulayan rektor paytaxt\u0131n bu qocaman ali t\u0259hsil m&uuml;\u0259ssis\u0259sinin MDU il\u0259 qar\u015f\u0131l\u0131ql\u0131 faydal\u0131 i\u015fbirliyin\u0259 diqq\u0259ti &ccedil;\u0259kib.<\/span><\/p>\n<p style=\"margin-bottom: 0.0001pt; text-align: justify; text-indent: 1cm; line-height: 150%;\"><span style=\"font-size: 12pt; line-height: 150%; font-family: Arial, sans-serif; color: #000000;\">Konfrans\u0131n m&ouml;vzusunun aktuall\u0131\u011f\u0131ndan b\u0259hs ed\u0259n \u015e.Bayramov h\u0259m regionlar\u0131n, h\u0259m d\u0259 ali t\u0259hsilin inki\u015faf\u0131n\u0131n d&ouml;vl\u0259t siyas\u0259tinin prioritetl\u0259rind\u0259n hesab edildiyini, d&ouml;vl\u0259tin y&uuml;ks\u0259k diqq\u0259t v\u0259 qay\u011f\u0131s\u0131 il\u0259 \u0259hat\u0259 olundu\u011funu qeyd edib.<\/span><\/p>\n<p style=\"margin-bottom: 0.0001pt; text-align: justify; text-indent: 1cm; line-height: 150%;\"><span style=\"font-size: 12pt; line-height: 150%; font-family: Arial, sans-serif; color: #000000;\">Regionda yerl\u0259\u015f\u0259n universitetl\u0259rin \u0259sas m\u0259qs\u0259dinin yerl\u0259\u015fdiyi regionun inki\u015faf trendl\u0259rin\u0259 uy\u011funla\u015fmaqdan v\u0259 regionun h\u0259rt\u0259r\u0259fli inki\u015faf\u0131na t&ouml;hf\u0259 verm\u0259kd\u0259n ibar\u0259t oldu\u011funu bildir\u0259n rektor m&uuml;t\u0259x\u0259ssis kadrlar\u0131n haz\u0131rl\u0131\u011f\u0131, t\u0259dqiqat v\u0259 innovasiya f\u0259aliyy\u0259tl\u0259ril\u0259 bu tip ali t\u0259hsil m&uuml;\u0259ssis\u0259l\u0259rinin regional inki\u015faf\u0131n v\u0259 ekosistemin \u0259sas drayverin\u0259 &ccedil;evrilm\u0259k imkanlar\u0131ndan v\u0259 strateji h\u0259d\u0259fl\u0259rind\u0259n dan\u0131\u015f\u0131b.<\/span><\/p>\n<p style=\"margin-bottom: 0.0001pt; text-align: justify; text-indent: 1cm; line-height: 150%;\"><span style=\"font-size: 12pt; line-height: 150%; font-family: Arial, sans-serif; color: #000000;\">Regionda yerl\u0259\u015fm\u0259 faktorunun &uuml;st&uuml;nl&uuml;kl\u0259ri v\u0259 &ccedil;\u0259tinlikl\u0259rind\u0259n s&ouml;hb\u0259t a&ccedil;an \u015e.Bayramov paytaxtdan k\u0259narda m&uuml;asir d&ouml;vr&uuml;n t\u0259l\u0259bl\u0259rin\u0259 uy\u011fun ali t\u0259hsil xidm\u0259tl\u0259rinin g&ouml;st\u0259rilm\u0259si il\u0259 ba\u011fl\u0131 yerli v\u0259 xarici &ouml;lk\u0259l\u0259rin t\u0259cr&uuml;b\u0259l\u0259rinin &ouml;yr\u0259nilm\u0259si v\u0259 ortaq t\u0259\u015f\u0259bb&uuml;sl\u0259rin ir\u0259li s&uuml;r&uuml;lm\u0259si bax\u0131m\u0131ndan konfrans\u0131n \u0259h\u0259miyy\u0259tli platformaya &ccedil;evril\u0259c\u0259yin\u0259 inand\u0131\u011f\u0131n\u0131 s&ouml;yl\u0259yib.<\/span><\/p>\n<p style=\"margin-bottom: 0.0001pt; text-align: justify; text-indent: 1cm; line-height: 150%;\"><span style=\"font-size: 12pt; line-height: 150%; font-family: Arial, sans-serif; color: #000000;\">MDU-ya konfransda \u0259sas t\u0259r\u0259fda\u015flardan biri kimi t\u0259msil olunmaq imkan\u0131n\u0131n yarad\u0131lmas\u0131na g&ouml;r\u0259 t\u0259\u015f\u0259kk&uuml;r&uuml;n&uuml; bildir\u0259n rektor konfrans\u0131n i\u015fin\u0259 u\u011furlar arzulay\u0131b. <\/span><\/p>\n<p style=\"margin-bottom: 0.0001pt; text-align: justify; text-indent: 1cm; line-height: 150%;\"><span style=\"font-size: 12pt; line-height: 150%; font-family: Arial, sans-serif; color: #000000;\">Konfrans\u0131n &ldquo;XXI \u0259srin ali t\u0259hsili: reall\u0131qlar v\u0259 &ccedil;a\u011f\u0131r\u0131\u015flar&rdquo; adl\u0131 b&ouml;lm\u0259 iclas\u0131nda MDU-nun akademik hey\u0259t &uuml;zvl\u0259rind\u0259n Nizami Zeynalov, V&uuml;qar Mustafayev, Mahir \u0130smay\u0131lov, S\u0259ad\u0259t \u015e\u0131x\u0259liyeva, P\u0259rvan\u0259 S\u0259f\u0259rova, \u015e\u0259bn\u0259m \u0130slamova v\u0259 Leyla \u0130smay\u0131lzad\u0259 m\u0259ruz\u0259l\u0259rl\u0259 &ccedil;\u0131x\u0131\u015f edibl\u0259r. Konfrans i\u015ftirak&ccedil;\u0131lar\u0131 t\u0259r\u0259find\u0259n maraqla qar\u015f\u0131lanan m\u0259ruz\u0259l\u0259r \u0259traf\u0131nda geni\u015f fikir m&uuml;badil\u0259si apar\u0131l\u0131b.<\/span><\/p>\n<p style=\"margin-bottom: 0.0001pt; text-align: justify; text-indent: 1cm; line-height: 150%;\"><span style=\"font-size: 12pt; line-height: 150%; font-family: Arial, sans-serif; color: #000000;\">Qeyd ed\u0259k ki, haz\u0131rda m&uuml;asirl\u0259\u015fm\u0259 m\u0259rh\u0259l\u0259sind\u0259 olan MDU-da regionda yerl\u0259\u015f\u0259n ali t\u0259hsil m&uuml;\u0259ssis\u0259l\u0259ri il\u0259 t\u0259r\u0259fda\u015fl\u0131q \u0259laq\u0259l\u0259rinin inki\u015faf etdirilm\u0259si diqq\u0259t m\u0259rk\u0259zind\u0259 saxlan\u0131l\u0131r, akademik v\u0259 elmi potensial\u0131n g&uuml;cl\u0259ndirilm\u0259sin\u0259 h\u0259d\u0259fl\u0259n\u0259n birg\u0259 f\u0259aliyy\u0259tl\u0259rin h\u0259yata ke&ccedil;irilm\u0259sin\u0259 x&uuml;susi &ouml;n\u0259m verilir.<\/span><\/p>\n<p>{phocagallery view=category|categoryid=782|limitstart=0|limitcount=0}<\/p>\n<p style=\"margin-bottom: 0.0001pt; text-align: justify; text-indent: 1cm; line-height: 150%;\"><span style=\"font-size: 12pt; line-height: 150%; font-family: Arial, sans-serif;\"><\/span><\/p>\n<p style=\"margin-bottom: 0.0001pt; text-align: justify; line-height: 150%;\"><span style=\"font-size: 12pt; line-height: 150%; font-family: Arial, sans-serif;\"><\/span><\/p>","protected":false},"excerpt":{"rendered":"<p>Ming\u0259&ccedil;evir D&ouml;vl\u0259t Universiteti &#8220;Regionlarda ali t\u0259hsil: reall\u0131qlar v\u0259 perspektivl\u0259r&#8221; adl\u0131 beyn\u0259lxalq konfransa t\u0259r\u0259fda\u015fl\u0131q edib &nbsp; Ming\u0259&ccedil;evir D&ouml;vl\u0259t Universiteti (MDU) 25-26 noyabr 2021-ci il tarixl\u0259rind\u0259 Az\u0259rbaycan D&ouml;vl\u0259t Pedaqoji Universitetinin (ADPU) 100, ADPU Quba filial\u0131n\u0131n 30 illiyin\u0259 h\u0259sr olunan &#8220;Regionlarda ali t\u0259hsil: reall\u0131qlar v\u0259 perspektivl\u0259r&#8221; m&ouml;vzusunda ke&ccedil;iril\u0259n beyn\u0259lxalq elmi konfrans\u0131n \u0259sas t\u0259r\u0259fda\u015flar\u0131ndan biri olub. Konfransda Az\u0259rbaycan, T&uuml;rkiy\u0259, [&hellip;]<\/p>\n","protected":false},"author":1,"featured_media":0,"comment_status":"open","ping_status":"open","sticky":false,"template":"","format":"standard","meta":{"_eb_attr":"","ocean_post_layout":"","ocean_both_sidebars_style":"","ocean_both_sidebars_content_width":0,"ocean_both_sidebars_sidebars_width":0,"ocean_sidebar":"","ocean_second_sidebar":"","ocean_disable_margins":"enable","ocean_add_body_class":"","ocean_shortcode_before_top_bar":"","ocean_shortcode_after_top_bar":"","ocean_shortcode_before_header":"","ocean_shortcode_after_header":"","ocean_has_shortcode":"","ocean_shortcode_after_title":"","ocean_shortcode_before_footer_widgets":"","ocean_shortcode_after_footer_widgets":"","ocean_shortcode_before_footer_bottom":"","ocean_shortcode_after_footer_bottom":"","ocean_display_top_bar":"default","ocean_display_header":"default","ocean_header_style":"","ocean_center_header_left_menu":"","ocean_custom_header_template":"","ocean_custom_logo":0,"ocean_custom_retina_logo":0,"ocean_custom_logo_max_width":0,"ocean_custom_logo_tablet_max_width":0,"ocean_custom_logo_mobile_max_width":0,"ocean_custom_logo_max_height":0,"ocean_custom_logo_tablet_max_height":0,"ocean_custom_logo_mobile_max_height":0,"ocean_header_custom_menu":"","ocean_menu_typo_font_family":"","ocean_menu_typo_font_subset":"","ocean_menu_typo_font_size":0,"ocean_menu_typo_font_size_tablet":0,"ocean_menu_typo_font_size_mobile":0,"ocean_menu_typo_font_size_unit":"px","ocean_menu_typo_font_weight":"","ocean_menu_typo_font_weight_tablet":"","ocean_menu_typo_font_weight_mobile":"","ocean_menu_typo_transform":"","ocean_menu_typo_transform_tablet":"","ocean_menu_typo_transform_mobile":"","ocean_menu_typo_line_height":0,"ocean_menu_typo_line_height_tablet":0,"ocean_menu_typo_line_height_mobile":0,"ocean_menu_typo_line_height_unit":"","ocean_menu_typo_spacing":0,"ocean_menu_typo_spacing_tablet":0,"ocean_menu_typo_spacing_mobile":0,"ocean_menu_typo_spacing_unit":"","ocean_menu_link_color":"","ocean_menu_link_color_hover":"","ocean_menu_link_color_active":"","ocean_menu_link_background":"","ocean_menu_link_hover_background":"","ocean_menu_link_active_background":"","ocean_menu_social_links_bg":"","ocean_menu_social_hover_links_bg":"","ocean_menu_social_links_color":"","ocean_menu_social_hover_links_color":"","ocean_disable_title":"default","ocean_disable_heading":"default","ocean_post_title":"","ocean_post_subheading":"","ocean_post_title_style":"","ocean_post_title_background_color":"","ocean_post_title_background":0,"ocean_post_title_bg_image_position":"","ocean_post_title_bg_image_attachment":"","ocean_post_title_bg_image_repeat":"","ocean_post_title_bg_image_size":"","ocean_post_title_height":0,"ocean_post_title_bg_overlay":0.5,"ocean_post_title_bg_overlay_color":"","ocean_disable_breadcrumbs":"default","ocean_breadcrumbs_color":"","ocean_breadcrumbs_separator_color":"","ocean_breadcrumbs_links_color":"","ocean_breadcrumbs_links_hover_color":"","ocean_display_footer_widgets":"default","ocean_display_footer_bottom":"default","ocean_custom_footer_template":"","ocean_post_oembed":"","ocean_post_self_hosted_media":"","ocean_post_video_embed":"","ocean_link_format":"","ocean_link_format_target":"self","ocean_quote_format":"","ocean_quote_format_link":"post","ocean_gallery_link_images":"on","ocean_gallery_id":[],"footnotes":""},"categories":[63],"tags":[],"class_list":["post-16183","post","type-post","status-publish","format-standard","hentry","category-khaebaerlaer-az","entry"],"_links":{"self":[{"href":"https:\/\/mdu.edu.az\/ru\/wp-json\/wp\/v2\/posts\/16183","targetHints":{"allow":["GET"]}}],"collection":[{"href":"https:\/\/mdu.edu.az\/ru\/wp-json\/wp\/v2\/posts"}],"about":[{"href":"https:\/\/mdu.edu.az\/ru\/wp-json\/wp\/v2\/types\/post"}],"author":[{"embeddable":true,"href":"https:\/\/mdu.edu.az\/ru\/wp-json\/wp\/v2\/users\/1"}],"replies":[{"embeddable":true,"href":"https:\/\/mdu.edu.az\/ru\/wp-json\/wp\/v2\/comments?post=16183"}],"version-history":[{"count":0,"href":"https:\/\/mdu.edu.az\/ru\/wp-json\/wp\/v2\/posts\/16183\/revisions"}],"wp:attachment":[{"href":"https:\/\/mdu.edu.az\/ru\/wp-json\/wp\/v2\/media?parent=16183"}],"wp:term":[{"taxonomy":"category","embeddable":true,"href":"https:\/\/mdu.edu.az\/ru\/wp-json\/wp\/v2\/categories?post=16183"},{"taxonomy":"post_tag","embeddable":true,"href":"https:\/\/mdu.edu.az\/ru\/wp-json\/wp\/v2\/tags?post=16183"}],"curies":[{"name":"wp","href":"https:\/\/api.w.org\/{rel}","templated":true}]}}