{"id":16196,"date":"2021-12-04T11:32:04","date_gmt":"2021-12-04T08:32:04","guid":{"rendered":"https:\/\/mdu.edu.az\/elmi\/"},"modified":"2021-12-04T11:32:04","modified_gmt":"2021-12-04T08:32:04","slug":"elmi","status":"publish","type":"post","link":"https:\/\/mdu.edu.az\/ru\/elmi\/","title":{"rendered":"Ming\u0259\u00e7evir D\u00f6vl\u0259t Universitetind\u0259 Elmi \u015euran\u0131n n\u00f6vb\u0259ti iclas\u0131 ke\u00e7irilib"},"content":{"rendered":"<p style=\"margin-bottom: 0.0001pt; text-align: center;\"><b><span style=\"font-size: 14pt; line-height: 115%; font-family: Arial, 'sans-serif'; color: #002060; background: white;\">Ming\u0259&ccedil;evir D&ouml;vl\u0259t Universitetind\u0259 Elmi \u015euran\u0131n n&ouml;vb\u0259ti iclas\u0131<\/span><\/b><span style=\"font-size: 14pt; line-height: 115%; font-family: Arial, 'sans-serif'; color: #002060; background: white;\"> <\/span><b><span style=\"font-size: 14pt; line-height: 115%; font-family: Arial, 'sans-serif'; color: #002060; background: white;\">ke&ccedil;irilib<\/span><\/b><\/p>\n<p>&nbsp;<\/p>\n<p style=\"margin-bottom: 0.0001pt; text-align: justify; text-indent: 1cm;\"><span style=\"font-size: 12pt; line-height: 115%; font-family: Arial, 'sans-serif'; background: white; color: #000000;\">3 dekabr 2021-ci il tarixind\u0259 Ming\u0259&ccedil;evir D&ouml;vl\u0259t Universitetind\u0259 (MDU) Elmi \u015euran\u0131n n&ouml;vb\u0259ti iclas\u0131 ke&ccedil;irilib. &ldquo;Microsoft Teams&rdquo; platformas\u0131 &uuml;z\u0259rind\u0259n onlayn formatda ke&ccedil;iril\u0259n iclas\u0131 a&ccedil;an MDU-nun rektoru \u015eahin Bayramov g&uuml;nd\u0259likd\u0259 duran m\u0259s\u0259l\u0259l\u0259ri \u015eura &uuml;zvl\u0259rinin diqq\u0259tin\u0259 &ccedil;atd\u0131r\u0131b.<\/span><\/p>\n<p style=\"margin-bottom: 0.0001pt; text-align: justify; text-indent: 1cm;\"><span style=\"font-size: 12pt; line-height: 115%; font-family: Arial, 'sans-serif'; background: white; color: #000000;\">G&uuml;nd\u0259liy\u0259 uy\u011fun olaraq, \u0259vv\u0259lc\u0259, iclasda MDU-nun elmi i\u015fl\u0259r &uuml;zr\u0259 prorektor \u0259v\u0259zi Veys\u0259l \u018fyyubovun t\u0259qdimat\u0131nda &ldquo;2021-ci ilin elmi t\u0259dqiqat i\u015fl\u0259rinin n\u0259tic\u0259l\u0259ri v\u0259 2022-ci il &uuml;&ccedil;&uuml;n apar\u0131lacaq elmi-t\u0259dqiqat i\u015fl\u0259ri haqq\u0131nda&rdquo; hesabat dinl\u0259nilib. <\/span><\/p>\n<p style=\"margin-bottom: 0.0001pt; text-align: justify; text-indent: 1cm;\"><span style=\"font-size: 12pt; line-height: 115%; font-family: Arial, 'sans-serif'; background: white; color: #000000;\">Diqq\u0259t\u0259 &ccedil;atd\u0131r\u0131l\u0131b ki, hesabat d&ouml;vr&uuml;nd\u0259 elmi f\u0259aliyy\u0259tin t\u0259\u015fviqi, g\u0259nc \u0259m\u0259kda\u015flar\u0131n t\u0259dqiqat bacar\u0131qlar\u0131n\u0131n inki\u015faf etidirlm\u0259si, n&uuml;fuzlu beyn\u0259lxalq jurnallarda m\u0259qal\u0259l\u0259rin say\u0131n\u0131n art\u0131r\u0131lmas\u0131, &ldquo;Dayan\u0131ql\u0131 inki\u015faf&rdquo; elmi jurnal\u0131n\u0131n yarad\u0131lmas\u0131, yerli v\u0259 xarici t\u0259r\u0259fda\u015f universitetl\u0259rl\u0259 birg\u0259 elmi t\u0259dbirl\u0259rin t\u0259\u015fkili, akademik hey\u0259t &uuml;zvl\u0259rinin respublika v\u0259 beyn\u0259lxalq elmi konfranslarda f\u0259al i\u015ftirak\u0131n\u0131n d\u0259st\u0259kl\u0259nm\u0259si MDU-nun elmi potensial\u0131n\u0131n g&uuml;cl\u0259nm\u0259sin\u0259, elmi t\u0259dqiqat i\u015fl\u0259rinin keyfiyy\u0259tinin y&uuml;ks\u0259lm\u0259sin\u0259, t\u0259dqiqat n\u0259tic\u0259l\u0259rinin n\u0259\u015fr olunmas\u0131 v\u0259 elmi ictimaiyy\u0259t\u0259 &ccedil;atd\u0131r\u0131lmas\u0131 i\u015fin\u0259 \u0259h\u0259miyy\u0259tli t&ouml;hf\u0259l\u0259r verib. <\/span><\/p>\n<p style=\"margin-bottom: 0.0001pt; text-align: justify; text-indent: 1cm;\"><span style=\"font-size: 12pt; line-height: 115%; font-family: Arial, 'sans-serif'; background: white; color: #000000;\">M&uuml;zakir\u0259l\u0259rd\u0259n sonra, rektor t\u0259dqiqat m&ouml;vzular\u0131n\u0131n se&ccedil;ilm\u0259si v\u0259 elmi t\u0259dqiqatlar\u0131n n\u0259tic\u0259y&ouml;n&uuml;ml&uuml;y&uuml;n&uuml;n art\u0131r\u0131lmas\u0131 m\u0259s\u0259l\u0259l\u0259rin\u0259 toxunub v\u0259 bununla ba\u011fl\u0131 m&uuml;vafiq tap\u015f\u0131r\u0131qlar verib. <span style=\"color: black;\">Hesabat Elmi \u015eura t\u0259r\u0259find\u0259n q\u0259bul edilib.<\/span><\/span><\/p>\n<p style=\"margin-bottom: 0.0001pt; text-align: justify; text-indent: 1cm;\"><span style=\"color: #000000;\"><span style=\"font-size: 12pt; line-height: 115%; font-family: Arial, 'sans-serif'; color: black; background: white;\">Sonra, universitetin T\u0259dris \u015f&ouml;b\u0259sinin m&uuml;diri &Uuml;zeyir Zeynalov t\u0259r\u0259find\u0259n <\/span><span style=\"font-size: 12pt; line-height: 115%; font-family: Arial, 'sans-serif'; background: white;\">&ldquo;MDU-da t\u0259drisin keyfiyy\u0259tinin m&ouml;vcud v\u0259ziyy\u0259ti haqq\u0131nda&rdquo; hesabat t\u0259qdim edilib. <\/span><\/span><\/p>\n<p style=\"margin-bottom: 0.0001pt; text-align: justify; text-indent: 1cm;\"><span style=\"font-size: 12pt; line-height: 115%; font-family: Arial, 'sans-serif'; background: white; color: #000000;\">Hesabatda yeni t\u0259dris standartlar\u0131na uy\u011fun olaraq t\u0259dris-metodiki bazan\u0131n t\u0259kmill\u0259\u015fdirilm\u0259si, yeni d\u0259rslik v\u0259 d\u0259rs v\u0259saitl\u0259rinin &ccedil;ap olunmas\u0131, elektron t\u0259dris resurslar\u0131n\u0131n geni\u015fl\u0259ndirilm\u0259si, m&uuml;asir t\u0259lim texnologiyalar\u0131 il\u0259 ba\u011fl\u0131 akademik hey\u0259t &uuml;zvl\u0259rinin bilik v\u0259 bacar\u0131qlar\u0131n\u0131n art\u0131r\u0131lmas\u0131, beyn\u0259lxalq v\u0259 yerli layih\u0259l\u0259r &ccedil;\u0259r&ccedil;iv\u0259sind\u0259 t\u0259drisin m\u0259zmununun yenil\u0259nm\u0259si il\u0259 ba\u011fl\u0131 g&ouml;r&uuml;l\u0259n i\u015fl\u0259r bar\u0259d\u0259 m\u0259lumat verilib. <\/span><\/p>\n<p style=\"margin-bottom: 0.0001pt; text-align: justify; text-indent: 1cm;\"><span style=\"font-size: 12pt; line-height: 115%; font-family: Arial, 'sans-serif'; background: white; color: #000000;\">M&uuml;zakir\u0259l\u0259rd\u0259n sonra, t\u0259drisin keyfiyy\u0259tinin y&uuml;ks\u0259ldilm\u0259si m\u0259qs\u0259dil\u0259 yerli v\u0259 xarici universitetl\u0259rl\u0259 \u0259m\u0259kda\u015fl\u0131\u011f\u0131n, beyn\u0259lxalq layih\u0259l\u0259rd\u0259 i\u015ftirak\u0131n yaratd\u0131\u011f\u0131 imkanlardan s\u0259m\u0259r\u0259li \u015f\u0259kild\u0259 faydalanma\u011f\u0131 t&ouml;vsiy\u0259 ed\u0259n rektor bununla ba\u011fl\u0131 <span style=\"color: black;\">qar\u015f\u0131da duran v\u0259zif\u0259l\u0259rin icras\u0131na dair aidiyy\u0259ti struktur b&ouml;lm\u0259l\u0259rin r\u0259hb\u0259rl\u0259rin\u0259 m&uuml;vafiq tap\u015f\u0131r\u0131qlar verib. Hesabat Elmi \u015eura &uuml;zvl\u0259ri t\u0259r\u0259find\u0259n q\u0259na\u0259tb\u0259x\u015f hesab edilib.<\/span><\/span><\/p>\n<p style=\"margin-bottom: 0.0001pt; text-align: justify; text-indent: 1cm;\"><span style=\"font-size: 12pt; line-height: 115%; font-family: Arial, 'sans-serif'; background: white; color: #000000;\">Cari m\u0259s\u0259l\u0259l\u0259rin m&uuml;zakir\u0259si il\u0259 davam ed\u0259n iclasda MDU-nun Karyera v\u0259 \u0130nki\u015faf M\u0259rk\u0259zinin \u018fsasnam\u0259si t\u0259sdiq olunub.<\/span><\/p>\n<p style=\"margin-bottom: 0.0001pt; text-align: justify; text-indent: 1cm;\"><span style=\"font-size: 12pt; line-height: 115%; font-family: Arial, 'sans-serif'; background: white; color: #000000;\">Sonda, universitetin T\u0259l\u0259b\u0259 G\u0259ncl\u0259r T\u0259\u015fkilat\u0131n\u0131n yeni se&ccedil;ilmi\u015f s\u0259dri P\u0259nah K\u0259rimov \u015eura &uuml;zvl\u0259rin\u0259 t\u0259qdim edilib.<\/span><\/p>\n<p>&nbsp;<\/p>\n<p style=\"margin-bottom: 0.0001pt; text-align: justify; text-indent: 1cm;\"><span style=\"font-size: 12pt; line-height: 115%; font-family: Arial, 'sans-serif'; background: white; color: #000000;\">{phocagallery view=category|categoryid=795|limitstart=0|limitcount=0} <\/span><\/p>","protected":false},"excerpt":{"rendered":"<p>Ming\u0259&ccedil;evir D&ouml;vl\u0259t Universitetind\u0259 Elmi \u015euran\u0131n n&ouml;vb\u0259ti iclas\u0131 ke&ccedil;irilib &nbsp; 3 dekabr 2021-ci il tarixind\u0259 Ming\u0259&ccedil;evir D&ouml;vl\u0259t Universitetind\u0259 (MDU) Elmi \u015euran\u0131n n&ouml;vb\u0259ti iclas\u0131 ke&ccedil;irilib. &ldquo;Microsoft Teams&rdquo; platformas\u0131 &uuml;z\u0259rind\u0259n onlayn formatda ke&ccedil;iril\u0259n iclas\u0131 a&ccedil;an MDU-nun rektoru \u015eahin Bayramov g&uuml;nd\u0259likd\u0259 duran m\u0259s\u0259l\u0259l\u0259ri \u015eura &uuml;zvl\u0259rinin diqq\u0259tin\u0259 &ccedil;atd\u0131r\u0131b. G&uuml;nd\u0259liy\u0259 uy\u011fun olaraq, \u0259vv\u0259lc\u0259, iclasda MDU-nun elmi i\u015fl\u0259r &uuml;zr\u0259 prorektor \u0259v\u0259zi Veys\u0259l [&hellip;]<\/p>\n","protected":false},"author":1,"featured_media":0,"comment_status":"open","ping_status":"open","sticky":false,"template":"","format":"standard","meta":{"_eb_attr":"","ocean_post_layout":"","ocean_both_sidebars_style":"","ocean_both_sidebars_content_width":0,"ocean_both_sidebars_sidebars_width":0,"ocean_sidebar":"","ocean_second_sidebar":"","ocean_disable_margins":"enable","ocean_add_body_class":"","ocean_shortcode_before_top_bar":"","ocean_shortcode_after_top_bar":"","ocean_shortcode_before_header":"","ocean_shortcode_after_header":"","ocean_has_shortcode":"","ocean_shortcode_after_title":"","ocean_shortcode_before_footer_widgets":"","ocean_shortcode_after_footer_widgets":"","ocean_shortcode_before_footer_bottom":"","ocean_shortcode_after_footer_bottom":"","ocean_display_top_bar":"default","ocean_display_header":"default","ocean_header_style":"","ocean_center_header_left_menu":"","ocean_custom_header_template":"","ocean_custom_logo":0,"ocean_custom_retina_logo":0,"ocean_custom_logo_max_width":0,"ocean_custom_logo_tablet_max_width":0,"ocean_custom_logo_mobile_max_width":0,"ocean_custom_logo_max_height":0,"ocean_custom_logo_tablet_max_height":0,"ocean_custom_logo_mobile_max_height":0,"ocean_header_custom_menu":"","ocean_menu_typo_font_family":"","ocean_menu_typo_font_subset":"","ocean_menu_typo_font_size":0,"ocean_menu_typo_font_size_tablet":0,"ocean_menu_typo_font_size_mobile":0,"ocean_menu_typo_font_size_unit":"px","ocean_menu_typo_font_weight":"","ocean_menu_typo_font_weight_tablet":"","ocean_menu_typo_font_weight_mobile":"","ocean_menu_typo_transform":"","ocean_menu_typo_transform_tablet":"","ocean_menu_typo_transform_mobile":"","ocean_menu_typo_line_height":0,"ocean_menu_typo_line_height_tablet":0,"ocean_menu_typo_line_height_mobile":0,"ocean_menu_typo_line_height_unit":"","ocean_menu_typo_spacing":0,"ocean_menu_typo_spacing_tablet":0,"ocean_menu_typo_spacing_mobile":0,"ocean_menu_typo_spacing_unit":"","ocean_menu_link_color":"","ocean_menu_link_color_hover":"","ocean_menu_link_color_active":"","ocean_menu_link_background":"","ocean_menu_link_hover_background":"","ocean_menu_link_active_background":"","ocean_menu_social_links_bg":"","ocean_menu_social_hover_links_bg":"","ocean_menu_social_links_color":"","ocean_menu_social_hover_links_color":"","ocean_disable_title":"default","ocean_disable_heading":"default","ocean_post_title":"","ocean_post_subheading":"","ocean_post_title_style":"","ocean_post_title_background_color":"","ocean_post_title_background":0,"ocean_post_title_bg_image_position":"","ocean_post_title_bg_image_attachment":"","ocean_post_title_bg_image_repeat":"","ocean_post_title_bg_image_size":"","ocean_post_title_height":0,"ocean_post_title_bg_overlay":0.5,"ocean_post_title_bg_overlay_color":"","ocean_disable_breadcrumbs":"default","ocean_breadcrumbs_color":"","ocean_breadcrumbs_separator_color":"","ocean_breadcrumbs_links_color":"","ocean_breadcrumbs_links_hover_color":"","ocean_display_footer_widgets":"default","ocean_display_footer_bottom":"default","ocean_custom_footer_template":"","ocean_post_oembed":"","ocean_post_self_hosted_media":"","ocean_post_video_embed":"","ocean_link_format":"","ocean_link_format_target":"self","ocean_quote_format":"","ocean_quote_format_link":"post","ocean_gallery_link_images":"on","ocean_gallery_id":[],"footnotes":""},"categories":[63],"tags":[],"class_list":["post-16196","post","type-post","status-publish","format-standard","hentry","category-khaebaerlaer-az","entry"],"_links":{"self":[{"href":"https:\/\/mdu.edu.az\/ru\/wp-json\/wp\/v2\/posts\/16196","targetHints":{"allow":["GET"]}}],"collection":[{"href":"https:\/\/mdu.edu.az\/ru\/wp-json\/wp\/v2\/posts"}],"about":[{"href":"https:\/\/mdu.edu.az\/ru\/wp-json\/wp\/v2\/types\/post"}],"author":[{"embeddable":true,"href":"https:\/\/mdu.edu.az\/ru\/wp-json\/wp\/v2\/users\/1"}],"replies":[{"embeddable":true,"href":"https:\/\/mdu.edu.az\/ru\/wp-json\/wp\/v2\/comments?post=16196"}],"version-history":[{"count":0,"href":"https:\/\/mdu.edu.az\/ru\/wp-json\/wp\/v2\/posts\/16196\/revisions"}],"wp:attachment":[{"href":"https:\/\/mdu.edu.az\/ru\/wp-json\/wp\/v2\/media?parent=16196"}],"wp:term":[{"taxonomy":"category","embeddable":true,"href":"https:\/\/mdu.edu.az\/ru\/wp-json\/wp\/v2\/categories?post=16196"},{"taxonomy":"post_tag","embeddable":true,"href":"https:\/\/mdu.edu.az\/ru\/wp-json\/wp\/v2\/tags?post=16196"}],"curies":[{"name":"wp","href":"https:\/\/api.w.org\/{rel}","templated":true}]}}