{"id":16211,"date":"2021-12-11T23:18:06","date_gmt":"2021-12-11T20:18:06","guid":{"rendered":"https:\/\/mdu.edu.az\/minzh-evir-d-vl-t-universitetind-ulu-nd-rin-an-m-zh-n-n-h-sr-olunan-d-yirmi-masa-ke-irilib\/"},"modified":"2021-12-11T23:18:06","modified_gmt":"2021-12-11T20:18:06","slug":"minzh-evir-d-vl-t-universitetind-ulu-nd-rin-an-m-zh-n-n-h-sr-olunan-d-yirmi-masa-ke-irilib","status":"publish","type":"post","link":"https:\/\/mdu.edu.az\/ru\/minzh-evir-d-vl-t-universitetind-ulu-nd-rin-an-m-zh-n-n-h-sr-olunan-d-yirmi-masa-ke-irilib\/","title":{"rendered":"Ming\u0259\u00e7evir D\u00f6vl\u0259t Universitetind\u0259 Ulu \u00d6nd\u0259rin an\u0131m g\u00fcn\u00fcn\u0259 h\u0259sr olunan d\u0259yirmi masa ke\u00e7irilib"},"content":{"rendered":"<p style=\"margin-bottom: 0.0001pt; text-align: center; line-height: 150%;\"><b><span style=\"font-size: 14pt; line-height: 150%; font-family: Arial, sans-serif; color: #002060;\">Ming\u0259&ccedil;evir D&ouml;vl\u0259t Universitetind\u0259 Ulu &Ouml;nd\u0259rin an\u0131m g&uuml;n&uuml;n\u0259 h\u0259sr olunan d\u0259yirmi masa ke&ccedil;irilib<\/span><\/b><\/p>\n<p>&nbsp;<\/p>\n<p style=\"margin-bottom: 0.0001pt; text-align: justify; text-indent: 1cm; line-height: 150%;\"><span style=\"font-size: 12pt; line-height: 150%; font-family: Arial, sans-serif; color: #000000;\">Ming\u0259&ccedil;evir D&ouml;vl\u0259t Universitetind\u0259 (MDU) \u0130qtisadiyyat v\u0259 idar\u0259etm\u0259 fak&uuml;lt\u0259sinin T\u0259l\u0259b\u0259 Elmi C\u0259miyy\u0259tinin t\u0259\u015fkilat&ccedil;\u0131l\u0131\u011f\u0131 il\u0259 &uuml;mummilli lider Heyd\u0259r \u018fliyevin an\u0131m g&uuml;n&uuml;n\u0259 h\u0259sr olunan &ldquo;Heyd\u0259r \u018fliyev d&uuml;has\u0131 v\u0259 m&uuml;st\u0259qil Az\u0259rbaycan d&ouml;vl\u0259ti&rdquo; m&ouml;vzusunda d\u0259yirmi masa ke&ccedil;irilib. D\u0259yirmi masada fak&uuml;lt\u0259nin akademik v\u0259 inzibati hey\u0259t &uuml;zvl\u0259ri, t\u0259l\u0259b\u0259 v\u0259 magistrantlar\u0131 i\u015ftirak edibl\u0259r.<\/span><\/p>\n<p style=\"margin-bottom: 0.0001pt; text-align: justify; text-indent: 1cm; line-height: 150%;\"><span style=\"font-size: 12pt; line-height: 150%; font-family: Arial, sans-serif; color: #000000;\">T\u0259dbird\u0259 giri\u015f s&ouml;z&uuml; il\u0259 &ccedil;\u0131x\u0131\u015f ed\u0259n MDU-nun \u0130qtisadiyyat v\u0259 idar\u0259etm\u0259 fak&uuml;lt\u0259sinin dekan\u0131 N&uuml;\u015fab\u0259 Q\u0259dimli m&uuml;asir v\u0259 m&uuml;st\u0259qil d&ouml;vl\u0259timizin memar\u0131 Heyd\u0259r \u018fliyevin z\u0259ngin h\u0259yat yolu, titanik siyasi f\u0259aliyy\u0259ti v\u0259 t\u0259hsil\u0259 verdiyi y&uuml;ks\u0259k d\u0259y\u0259rd\u0259n dan\u0131\u015f\u0131b, d\u0259yirmi masan\u0131n \u0259h\u0259miyy\u0259tini vur\u011fulay\u0131b.<\/span><\/p>\n<p style=\"margin-bottom: 0.0001pt; text-align: justify; text-indent: 1cm; line-height: 150%;\"><span style=\"font-size: 12pt; line-height: 150%; font-family: Arial, sans-serif; color: #000000;\">Sonra, fak&uuml;lt\u0259nin t\u0259l\u0259b\u0259l\u0259rind\u0259n Xan\u0131mt\u0259r V\u0259liyeva, \u018flirza Abdullayev, Fidan Bala\u015fova, R\u0259c\u0259b Tanr\u0131verdiyev, Fidan R\u0259himli, G&uuml;lt\u0259kin Musazad\u0259, Z\u0259min\u0259 M\u0259mm\u0259dova, L\u0259man \u018fliyeva, G&uuml;lnar Mustafayeva v\u0259 Fidan Babayeva &ccedil;\u0131x\u0131\u015f edibl\u0259r.<\/span><\/p>\n<p style=\"margin-bottom: 0.0001pt; text-align: justify; text-indent: 1cm; line-height: 150%;\"><span style=\"font-size: 12pt; line-height: 150%; font-family: Arial, sans-serif; color: #000000;\">&Ccedil;\u0131x\u0131\u015flarda &Uuml;mummilli Liderin &ccedil;ox\u015fax\u0259li d&ouml;vl\u0259t&ccedil;ilik f\u0259aliyy\u0259tind\u0259 g\u0259ncl\u0259r siyas\u0259tinin x&uuml;susi yer tutdu\u011fu diqq\u0259t\u0259 &ccedil;atd\u0131r\u0131l\u0131b, <span style=\"color: black; background: white;\">milli-m\u0259n\u0259vi d\u0259y\u0259rl\u0259r\u0259 ba\u011fl\u0131, v\u0259t\u0259np\u0259rv\u0259r, savadl\u0131, m&uuml;t\u0259r\u0259qqi d&uuml;\u015f&uuml;nc\u0259li v\u0259 y&uuml;ks\u0259k intellektli g\u0259nc n\u0259slin yeti\u015fdirilm\u0259sind\u0259 dahi \u015f\u0259xsiyy\u0259tin misilsiz t&ouml;hf\u0259l\u0259rind\u0259n b\u0259hs edilib. Qeyd edilib ki, \u0259sas\u0131 ulu &ouml;nd\u0259r Heyd\u0259r \u018fliyev t\u0259r\u0259find\u0259n qoyulan m&uuml;asir g\u0259ncl\u0259r siyas\u0259ti haz\u0131rda Prezident \u0130lham \u018fliyev t\u0259r\u0259find\u0259n u\u011furla davam etdirilir. M\u0259hz bunun m\u0259ntiqi n\u0259tic\u0259sidir ki, bu g&uuml;n g\u0259ncl\u0259rimiz &ouml;z &uuml;z\u0259ril\u0259rin\u0259 d&uuml;\u015f\u0259n missiyan\u0131n &ouml;hd\u0259sind\u0259n layiqinc\u0259 g\u0259lir, f\u0259aliyy\u0259t g&ouml;st\u0259rdikl\u0259ri sah\u0259d\u0259 &ouml;lk\u0259mizi u\u011furla t\u0259msil edir v\u0259 y&uuml;ks\u0259k v\u0259t\u0259np\u0259rv\u0259rlik n&uuml;mayi\u015f etdirirl\u0259r. H\u0259r k\u0259si q&uuml;rurland\u0131ran tarixi Z\u0259f\u0259rin qazan\u0131lmas\u0131nda g\u0259nc \u0259sg\u0259r v\u0259 zabitl\u0259rimizin g&ouml;st\u0259rdikl\u0259ri \u015f&uuml;ca\u0259t, f\u0259dakarl\u0131q v\u0259 q\u0259hr\u0259manl\u0131q n&uuml;mun\u0259l\u0259ri bunun \u0259n bariz t\u0259sdiqi hesab edilir.<\/span><\/span><\/p>\n<p style=\"margin-bottom: 0.0001pt; text-align: justify; text-indent: 1cm; line-height: 150%;\"><span style=\"font-size: 12pt; line-height: 150%; font-family: Arial, sans-serif; color: #000000; background: white;\">Sonda Heyd\u0259r \u018fliyevin z\u0259ngin &ouml;m&uuml;r yolundan b\u0259hs ed\u0259n video&ccedil;arx n&uuml;mayi\u015f etdirilib.<\/span><\/p>\n<p style=\"margin-bottom: 0.0001pt; text-align: justify; text-indent: 1cm; line-height: 150%;\"><span style=\"font-size: 12pt; line-height: 150%; font-family: Arial, sans-serif; color: #000000; background: white;\"> Qeyd ed\u0259k ki, \u0259sas v\u0259zif\u0259l\u0259rind\u0259n biri v\u0259t\u0259n\u0259, xalqa v\u0259 d&ouml;vl\u0259t\u0259 ba\u011fl\u0131 m&uuml;t\u0259x\u0259ssis kadrlar\u0131n yeti\u015fdirilm\u0259si olan MDU-da &uuml;mummilli lider Heyd\u0259r \u018fliyev\u0259 h\u0259sr olunan t\u0259dbirl\u0259rin ke&ccedil;irilm\u0259si, dahi \u015f\u0259xsiyy\u0259tin irsinin ara\u015fd\u0131r\u0131lmas\u0131 v\u0259 t\u0259l\u0259b\u0259 g\u0259ncl\u0259r\u0259 &ouml;t&uuml;r&uuml;lm\u0259si diqq\u0259t m\u0259rk\u0259zind\u0259 saxlan\u0131l\u0131r.<\/span><\/p>\n<p>{phocagallery view=category|categoryid=809|limitstart=0|limitcount=0}<\/p>\n<p style=\"margin-bottom: 0.0001pt; text-align: justify; line-height: 150%;\"><span style=\"font-size: 12pt; line-height: 150%; font-family: Arial, sans-serif;\"><\/span><\/p>","protected":false},"excerpt":{"rendered":"<p>Ming\u0259&ccedil;evir D&ouml;vl\u0259t Universitetind\u0259 Ulu &Ouml;nd\u0259rin an\u0131m g&uuml;n&uuml;n\u0259 h\u0259sr olunan d\u0259yirmi masa ke&ccedil;irilib &nbsp; Ming\u0259&ccedil;evir D&ouml;vl\u0259t Universitetind\u0259 (MDU) \u0130qtisadiyyat v\u0259 idar\u0259etm\u0259 fak&uuml;lt\u0259sinin T\u0259l\u0259b\u0259 Elmi C\u0259miyy\u0259tinin t\u0259\u015fkilat&ccedil;\u0131l\u0131\u011f\u0131 il\u0259 &uuml;mummilli lider Heyd\u0259r \u018fliyevin an\u0131m g&uuml;n&uuml;n\u0259 h\u0259sr olunan &ldquo;Heyd\u0259r \u018fliyev d&uuml;has\u0131 v\u0259 m&uuml;st\u0259qil Az\u0259rbaycan d&ouml;vl\u0259ti&rdquo; m&ouml;vzusunda d\u0259yirmi masa ke&ccedil;irilib. D\u0259yirmi masada fak&uuml;lt\u0259nin akademik v\u0259 inzibati hey\u0259t &uuml;zvl\u0259ri, t\u0259l\u0259b\u0259 v\u0259 [&hellip;]<\/p>\n","protected":false},"author":1,"featured_media":0,"comment_status":"open","ping_status":"open","sticky":false,"template":"","format":"standard","meta":{"_eb_attr":"","ocean_post_layout":"","ocean_both_sidebars_style":"","ocean_both_sidebars_content_width":0,"ocean_both_sidebars_sidebars_width":0,"ocean_sidebar":"","ocean_second_sidebar":"","ocean_disable_margins":"enable","ocean_add_body_class":"","ocean_shortcode_before_top_bar":"","ocean_shortcode_after_top_bar":"","ocean_shortcode_before_header":"","ocean_shortcode_after_header":"","ocean_has_shortcode":"","ocean_shortcode_after_title":"","ocean_shortcode_before_footer_widgets":"","ocean_shortcode_after_footer_widgets":"","ocean_shortcode_before_footer_bottom":"","ocean_shortcode_after_footer_bottom":"","ocean_display_top_bar":"default","ocean_display_header":"default","ocean_header_style":"","ocean_center_header_left_menu":"","ocean_custom_header_template":"","ocean_custom_logo":0,"ocean_custom_retina_logo":0,"ocean_custom_logo_max_width":0,"ocean_custom_logo_tablet_max_width":0,"ocean_custom_logo_mobile_max_width":0,"ocean_custom_logo_max_height":0,"ocean_custom_logo_tablet_max_height":0,"ocean_custom_logo_mobile_max_height":0,"ocean_header_custom_menu":"","ocean_menu_typo_font_family":"","ocean_menu_typo_font_subset":"","ocean_menu_typo_font_size":0,"ocean_menu_typo_font_size_tablet":0,"ocean_menu_typo_font_size_mobile":0,"ocean_menu_typo_font_size_unit":"px","ocean_menu_typo_font_weight":"","ocean_menu_typo_font_weight_tablet":"","ocean_menu_typo_font_weight_mobile":"","ocean_menu_typo_transform":"","ocean_menu_typo_transform_tablet":"","ocean_menu_typo_transform_mobile":"","ocean_menu_typo_line_height":0,"ocean_menu_typo_line_height_tablet":0,"ocean_menu_typo_line_height_mobile":0,"ocean_menu_typo_line_height_unit":"","ocean_menu_typo_spacing":0,"ocean_menu_typo_spacing_tablet":0,"ocean_menu_typo_spacing_mobile":0,"ocean_menu_typo_spacing_unit":"","ocean_menu_link_color":"","ocean_menu_link_color_hover":"","ocean_menu_link_color_active":"","ocean_menu_link_background":"","ocean_menu_link_hover_background":"","ocean_menu_link_active_background":"","ocean_menu_social_links_bg":"","ocean_menu_social_hover_links_bg":"","ocean_menu_social_links_color":"","ocean_menu_social_hover_links_color":"","ocean_disable_title":"default","ocean_disable_heading":"default","ocean_post_title":"","ocean_post_subheading":"","ocean_post_title_style":"","ocean_post_title_background_color":"","ocean_post_title_background":0,"ocean_post_title_bg_image_position":"","ocean_post_title_bg_image_attachment":"","ocean_post_title_bg_image_repeat":"","ocean_post_title_bg_image_size":"","ocean_post_title_height":0,"ocean_post_title_bg_overlay":0.5,"ocean_post_title_bg_overlay_color":"","ocean_disable_breadcrumbs":"default","ocean_breadcrumbs_color":"","ocean_breadcrumbs_separator_color":"","ocean_breadcrumbs_links_color":"","ocean_breadcrumbs_links_hover_color":"","ocean_display_footer_widgets":"default","ocean_display_footer_bottom":"default","ocean_custom_footer_template":"","ocean_post_oembed":"","ocean_post_self_hosted_media":"","ocean_post_video_embed":"","ocean_link_format":"","ocean_link_format_target":"self","ocean_quote_format":"","ocean_quote_format_link":"post","ocean_gallery_link_images":"on","ocean_gallery_id":[],"footnotes":""},"categories":[63],"tags":[],"class_list":["post-16211","post","type-post","status-publish","format-standard","hentry","category-khaebaerlaer-az","entry"],"_links":{"self":[{"href":"https:\/\/mdu.edu.az\/ru\/wp-json\/wp\/v2\/posts\/16211","targetHints":{"allow":["GET"]}}],"collection":[{"href":"https:\/\/mdu.edu.az\/ru\/wp-json\/wp\/v2\/posts"}],"about":[{"href":"https:\/\/mdu.edu.az\/ru\/wp-json\/wp\/v2\/types\/post"}],"author":[{"embeddable":true,"href":"https:\/\/mdu.edu.az\/ru\/wp-json\/wp\/v2\/users\/1"}],"replies":[{"embeddable":true,"href":"https:\/\/mdu.edu.az\/ru\/wp-json\/wp\/v2\/comments?post=16211"}],"version-history":[{"count":0,"href":"https:\/\/mdu.edu.az\/ru\/wp-json\/wp\/v2\/posts\/16211\/revisions"}],"wp:attachment":[{"href":"https:\/\/mdu.edu.az\/ru\/wp-json\/wp\/v2\/media?parent=16211"}],"wp:term":[{"taxonomy":"category","embeddable":true,"href":"https:\/\/mdu.edu.az\/ru\/wp-json\/wp\/v2\/categories?post=16211"},{"taxonomy":"post_tag","embeddable":true,"href":"https:\/\/mdu.edu.az\/ru\/wp-json\/wp\/v2\/tags?post=16211"}],"curies":[{"name":"wp","href":"https:\/\/api.w.org\/{rel}","templated":true}]}}