{"id":16230,"date":"2021-12-29T15:38:53","date_gmt":"2021-12-29T12:38:53","guid":{"rendered":"https:\/\/mdu.edu.az\/minzh-evir-d-vl-t-universitetind-khalg-yaz-s-ziz-dz-f-rzad-nin-100-illiyin-h-sr-olunmu-konfrans-ke-irilib\/"},"modified":"2021-12-29T15:38:53","modified_gmt":"2021-12-29T12:38:53","slug":"minzh-evir-d-vl-t-universitetind-khalg-yaz-s-ziz-dz-f-rzad-nin-100-illiyin-h-sr-olunmu-konfrans-ke-irilib","status":"publish","type":"post","link":"https:\/\/mdu.edu.az\/ru\/minzh-evir-d-vl-t-universitetind-khalg-yaz-s-ziz-dz-f-rzad-nin-100-illiyin-h-sr-olunmu-konfrans-ke-irilib\/","title":{"rendered":"Ming\u0259\u00e7evir D\u00f6vl\u0259t Universitetind\u0259 Xalq yaz\u0131\u00e7\u0131s\u0131 \u018fziz\u0259 C\u0259f\u0259rzad\u0259nin 100 illiyin\u0259 h\u0259sr olunmu\u015f konfrans ke\u00e7irilib"},"content":{"rendered":"<p style=\"margin-bottom: 0.0001pt; text-align: center; line-height: 150%;\"><b><span style=\"font-size: 14pt; line-height: 150%; font-family: Arial, sans-serif; color: #002060;\">Ming\u0259&ccedil;evir D&ouml;vl\u0259t Universitetind\u0259 Xalq yaz\u0131&ccedil;\u0131s\u0131 <\/span><\/b><b><span style=\"font-size: 14pt; line-height: 150%; font-family: Arial, sans-serif; color: #002060;\">\u018fziz\u0259 C\u0259f\u0259rzad\u0259nin 100 illiyin\u0259 h\u0259sr olunmu\u015f <\/span><\/b><b><span style=\"font-size: 14pt; line-height: 150%; font-family: Arial, sans-serif; color: #002060;\">konfrans ke&ccedil;irilib<\/span><\/b><\/p>\n<p>&nbsp;<\/p>\n<p style=\"margin-bottom: 0.0001pt; text-align: justify; text-indent: 1cm; line-height: 150%;\"><span style=\"font-size: 12pt; line-height: 150%; font-family: Arial, sans-serif; color: #000000;\">2021-ci ilin 27 dekabr tarixind\u0259 Ming\u0259&ccedil;evir D&ouml;vl\u0259t Universitetind\u0259 (MDU) Xalq yaz\u0131&ccedil;\u0131s\u0131, g&ouml;rk\u0259mli pedaqoq \u018fziz\u0259 C\u0259f\u0259rzad\u0259nin anadan olmas\u0131n\u0131n 100 illik yubileyin\u0259 h\u0259sr olunmu\u015f &ldquo;Al\u0259md\u0259 s\u0259si olan yaz\u0131&ccedil;\u0131 qad\u0131n&rdquo; m&ouml;vzusunda elmi konfrans ke&ccedil;irilib. <\/span><\/p>\n<p style=\"margin-bottom: 0.0001pt; text-align: justify; text-indent: 1cm; line-height: 150%;\"><span style=\"font-size: 12pt; line-height: 150%; font-family: Arial, sans-serif; color: #000000;\">&ldquo;Zoom&rdquo; platformas\u0131 &uuml;z\u0259rind\u0259n onlayn formatda t\u0259\u015fkil edil\u0259n konfransda universitetin akademik v\u0259 inzibati hey\u0259t &uuml;zvl\u0259ri, t\u0259l\u0259b\u0259l\u0259r v\u0259 magistrantlar i\u015ftirak edibl\u0259r.<\/span><\/p>\n<p style=\"margin-bottom: 0.0001pt; text-align: justify; text-indent: 1cm; line-height: 150%;\"><span style=\"font-size: 12pt; line-height: 150%; font-family: Arial, sans-serif; color: #000000;\">Konfransda giri\u015f s&ouml;z&uuml; il\u0259 &ccedil;\u0131x\u0131\u015f ed\u0259n MDU-nun Humanitar f\u0259nl\u0259r kafedras\u0131n\u0131n m&uuml;diri dosent Esmira C\u0259f\u0259rova g&ouml;rk\u0259mli \u0259dib \u018fziz\u0259 C\u0259f\u0259rzad\u0259nin z\u0259ngin h\u0259yat v\u0259 yarad\u0131c\u0131l\u0131\u011f\u0131ndan dan\u0131\u015f\u0131b v\u0259 elmi t\u0259dbirin \u0259h\u0259miyy\u0259tini vur\u011fulay\u0131b. <\/span><\/p>\n<p style=\"margin-bottom: 0.0001pt; text-align: justify; text-indent: 1cm; line-height: 150%;\"><span style=\"font-size: 12pt; line-height: 150%; font-family: Arial, sans-serif; color: #000000;\">Xalq yaz\u0131&ccedil;\u0131s\u0131n\u0131n &ccedil;ox\u015fax\u0259li \u0259d\u0259bi, elmi, pedaqoji v\u0259 ictimai f\u0259aliyy\u0259tind\u0259n b\u0259hs ed\u0259n video&ccedil;arx n&uuml;mayi\u015f olunduqdan sonra konfransda m\u0259ruz\u0259l\u0259r dinl\u0259nilib. <\/span><\/p>\n<p style=\"margin-bottom: 0.0001pt; text-align: justify; text-indent: 1cm; line-height: 150%;\"><span style=\"font-size: 12pt; line-height: 150%; font-family: Arial, sans-serif; color: #000000;\">AMEA-n\u0131n Nizami G\u0259nc\u0259vi ad\u0131na \u018fd\u0259biyyat \u0130nstitutundan B\u0259dirxan \u018fhm\u0259dov &rdquo;Milli tarixin b\u0259dii interpretasiyas\u0131&rdquo;, yaz\u0131&ccedil;\u0131n\u0131n o\u011flu Turan \u0130brahimov &ldquo;\u018fziz\u0259 C\u0259f\u0259rzad\u0259nin 100 illiyind\u0259 irsi, yeni n\u0259\u015frl\u0259r v\u0259 g\u0259l\u0259c\u0259k planlar&rdquo;, Mehmet Akif Ersoy Universitetind\u0259n P\u0259rvan\u0259 Bayram &ldquo;\u018fziz\u0259 C\u0259f\u0259rzad\u0259nin ilk d\u0259f\u0259 n\u0259\u015fr edil\u0259n povestl\u0259ri haqq\u0131nda&rdquo;, Nax&ccedil;\u0131van Universitetind\u0259n \u018fli H\u0259\u015fimli &ldquo;\u018fziz\u0259 C\u0259f\u0259rzad\u0259 n\u0259srinin folklor qaynaqlar\u0131&rdquo;, MDU \u0259m\u0259kda\u015flar\u0131ndan G&uuml;nel Yunusova: &ldquo;\u018fziz\u0259 C\u0259f\u0259rzad\u0259 romanlar\u0131nda \u015eirvan m&uuml;hitinin t\u0259sviri&rdquo; v\u0259 Ayna Babazad\u0259 &ldquo;\u018fziz\u0259 C\u0259f\u0259rzad\u0259 n\u0259srind\u0259 tarixi v\u0259 b\u0259dii t\u0259x\u0259yy&uuml;l&uuml;n yeri&rdquo; m&ouml;vzular\u0131nda m\u0259ruz\u0259l\u0259rl\u0259 &ccedil;\u0131x\u0131\u015f edibl\u0259r.<\/span><\/p>\n<p style=\"margin-bottom: 0.0001pt; text-align: justify; text-indent: 1cm; line-height: 150%;\"><span style=\"font-size: 12pt; line-height: 150%; font-family: Arial, sans-serif; color: #000000;\">M\u0259ruz\u0259l\u0259r konfrans i\u015ftirak&ccedil;\u0131lar\u0131 t\u0259r\u0259find\u0259n maraqla qar\u015f\u0131lan\u0131b.<\/span><\/p>\n<p style=\"margin-bottom: 0.0001pt; text-align: justify; text-indent: 1cm; line-height: 150%;\"><span style=\"font-size: 12pt; line-height: 150%; font-family: Arial, sans-serif; color: #000000;\">Sonda, Xalq yaz\u0131&ccedil;\u0131s\u0131n\u0131n &ouml;vlad\u0131 Turan \u0130brahimov videog&ouml;r&uuml;nt&uuml; vasit\u0259sil\u0259 \u018fziz\u0259 C\u0259f\u0259rzad\u0259nin evind\u0259ki z\u0259ngin kitabxanas\u0131n\u0131, yarad\u0131c\u0131l\u0131\u011f\u0131 il\u0259 ba\u011fl\u0131 yeni n\u0259\u015frl\u0259ri n&uuml;mayi\u015f etdirib v\u0259 yubiley t\u0259dbirinin t\u0259\u015fkilind\u0259 \u0259m\u0259yi olanlara t\u0259\u015f\u0259kk&uuml;r&uuml;n&uuml; bildirib. <\/span><\/p>\n<p style=\"margin-bottom: 0.0001pt; text-align: justify; text-indent: 1cm; line-height: 150%;\"><span style=\"font-size: 12pt; line-height: 150%; font-family: Arial, sans-serif; color: #000000;\">Qeyd ed\u0259k ki, MDU-da Az\u0259rbaycan\u0131n g&ouml;rk\u0259mli \u015f\u0259xsiyy\u0259tl\u0259rin\u0259 h\u0259sr olunmu\u015f t\u0259dbirl\u0259rin ke&ccedil;irilm\u0259sin\u0259 x&uuml;susi \u0259h\u0259miyy\u0259t verilir, onlar\u0131n z\u0259ngin irsinin &ouml;yr\u0259nilm\u0259si, n&uuml;mun\u0259vi h\u0259yat v\u0259 yarad\u0131c\u0131l\u0131q f\u0259aliyy\u0259tl\u0259rinin g\u0259nc n\u0259sil aras\u0131nda t\u0259bli\u011fi diqq\u0259t m\u0259rk\u0259zind\u0259 saxlan\u0131l\u0131r.<\/span><\/p>\n<p>{phocagallery view=category|categoryid=823|limitstart=0|limitcount=0}<\/p>\n<p style=\"margin-bottom: 0.0001pt; line-height: 150%;\"><span style=\"font-size: 12pt; line-height: 150%;\"><\/span><\/p>","protected":false},"excerpt":{"rendered":"<p>Ming\u0259&ccedil;evir D&ouml;vl\u0259t Universitetind\u0259 Xalq yaz\u0131&ccedil;\u0131s\u0131 \u018fziz\u0259 C\u0259f\u0259rzad\u0259nin 100 illiyin\u0259 h\u0259sr olunmu\u015f konfrans ke&ccedil;irilib &nbsp; 2021-ci ilin 27 dekabr tarixind\u0259 Ming\u0259&ccedil;evir D&ouml;vl\u0259t Universitetind\u0259 (MDU) Xalq yaz\u0131&ccedil;\u0131s\u0131, g&ouml;rk\u0259mli pedaqoq \u018fziz\u0259 C\u0259f\u0259rzad\u0259nin anadan olmas\u0131n\u0131n 100 illik yubileyin\u0259 h\u0259sr olunmu\u015f &ldquo;Al\u0259md\u0259 s\u0259si olan yaz\u0131&ccedil;\u0131 qad\u0131n&rdquo; m&ouml;vzusunda elmi konfrans ke&ccedil;irilib. &ldquo;Zoom&rdquo; platformas\u0131 &uuml;z\u0259rind\u0259n onlayn formatda t\u0259\u015fkil edil\u0259n konfransda universitetin akademik [&hellip;]<\/p>\n","protected":false},"author":1,"featured_media":0,"comment_status":"open","ping_status":"open","sticky":false,"template":"","format":"standard","meta":{"_eb_attr":"","ocean_post_layout":"","ocean_both_sidebars_style":"","ocean_both_sidebars_content_width":0,"ocean_both_sidebars_sidebars_width":0,"ocean_sidebar":"","ocean_second_sidebar":"","ocean_disable_margins":"enable","ocean_add_body_class":"","ocean_shortcode_before_top_bar":"","ocean_shortcode_after_top_bar":"","ocean_shortcode_before_header":"","ocean_shortcode_after_header":"","ocean_has_shortcode":"","ocean_shortcode_after_title":"","ocean_shortcode_before_footer_widgets":"","ocean_shortcode_after_footer_widgets":"","ocean_shortcode_before_footer_bottom":"","ocean_shortcode_after_footer_bottom":"","ocean_display_top_bar":"default","ocean_display_header":"default","ocean_header_style":"","ocean_center_header_left_menu":"","ocean_custom_header_template":"","ocean_custom_logo":0,"ocean_custom_retina_logo":0,"ocean_custom_logo_max_width":0,"ocean_custom_logo_tablet_max_width":0,"ocean_custom_logo_mobile_max_width":0,"ocean_custom_logo_max_height":0,"ocean_custom_logo_tablet_max_height":0,"ocean_custom_logo_mobile_max_height":0,"ocean_header_custom_menu":"","ocean_menu_typo_font_family":"","ocean_menu_typo_font_subset":"","ocean_menu_typo_font_size":0,"ocean_menu_typo_font_size_tablet":0,"ocean_menu_typo_font_size_mobile":0,"ocean_menu_typo_font_size_unit":"px","ocean_menu_typo_font_weight":"","ocean_menu_typo_font_weight_tablet":"","ocean_menu_typo_font_weight_mobile":"","ocean_menu_typo_transform":"","ocean_menu_typo_transform_tablet":"","ocean_menu_typo_transform_mobile":"","ocean_menu_typo_line_height":0,"ocean_menu_typo_line_height_tablet":0,"ocean_menu_typo_line_height_mobile":0,"ocean_menu_typo_line_height_unit":"","ocean_menu_typo_spacing":0,"ocean_menu_typo_spacing_tablet":0,"ocean_menu_typo_spacing_mobile":0,"ocean_menu_typo_spacing_unit":"","ocean_menu_link_color":"","ocean_menu_link_color_hover":"","ocean_menu_link_color_active":"","ocean_menu_link_background":"","ocean_menu_link_hover_background":"","ocean_menu_link_active_background":"","ocean_menu_social_links_bg":"","ocean_menu_social_hover_links_bg":"","ocean_menu_social_links_color":"","ocean_menu_social_hover_links_color":"","ocean_disable_title":"default","ocean_disable_heading":"default","ocean_post_title":"","ocean_post_subheading":"","ocean_post_title_style":"","ocean_post_title_background_color":"","ocean_post_title_background":0,"ocean_post_title_bg_image_position":"","ocean_post_title_bg_image_attachment":"","ocean_post_title_bg_image_repeat":"","ocean_post_title_bg_image_size":"","ocean_post_title_height":0,"ocean_post_title_bg_overlay":0.5,"ocean_post_title_bg_overlay_color":"","ocean_disable_breadcrumbs":"default","ocean_breadcrumbs_color":"","ocean_breadcrumbs_separator_color":"","ocean_breadcrumbs_links_color":"","ocean_breadcrumbs_links_hover_color":"","ocean_display_footer_widgets":"default","ocean_display_footer_bottom":"default","ocean_custom_footer_template":"","ocean_post_oembed":"","ocean_post_self_hosted_media":"","ocean_post_video_embed":"","ocean_link_format":"","ocean_link_format_target":"self","ocean_quote_format":"","ocean_quote_format_link":"post","ocean_gallery_link_images":"on","ocean_gallery_id":[],"footnotes":""},"categories":[63],"tags":[],"class_list":["post-16230","post","type-post","status-publish","format-standard","hentry","category-khaebaerlaer-az","entry"],"_links":{"self":[{"href":"https:\/\/mdu.edu.az\/ru\/wp-json\/wp\/v2\/posts\/16230","targetHints":{"allow":["GET"]}}],"collection":[{"href":"https:\/\/mdu.edu.az\/ru\/wp-json\/wp\/v2\/posts"}],"about":[{"href":"https:\/\/mdu.edu.az\/ru\/wp-json\/wp\/v2\/types\/post"}],"author":[{"embeddable":true,"href":"https:\/\/mdu.edu.az\/ru\/wp-json\/wp\/v2\/users\/1"}],"replies":[{"embeddable":true,"href":"https:\/\/mdu.edu.az\/ru\/wp-json\/wp\/v2\/comments?post=16230"}],"version-history":[{"count":0,"href":"https:\/\/mdu.edu.az\/ru\/wp-json\/wp\/v2\/posts\/16230\/revisions"}],"wp:attachment":[{"href":"https:\/\/mdu.edu.az\/ru\/wp-json\/wp\/v2\/media?parent=16230"}],"wp:term":[{"taxonomy":"category","embeddable":true,"href":"https:\/\/mdu.edu.az\/ru\/wp-json\/wp\/v2\/categories?post=16230"},{"taxonomy":"post_tag","embeddable":true,"href":"https:\/\/mdu.edu.az\/ru\/wp-json\/wp\/v2\/tags?post=16230"}],"curies":[{"name":"wp","href":"https:\/\/api.w.org\/{rel}","templated":true}]}}