{"id":16260,"date":"2022-01-20T11:08:20","date_gmt":"2022-01-20T08:08:20","guid":{"rendered":"https:\/\/mdu.edu.az\/minzh-evir-d-vl-t-universitetind-20-yanvar-fadzi-sinin-32-dzi-ild-n-m-n-h-sr-olunmu-silsil-m-hazir-l-r-ke-irilib\/"},"modified":"2022-04-27T14:12:04","modified_gmt":"2022-04-27T11:12:04","slug":"minzh-evir-d-vl-t-universitetind-20-yanvar-fadzi-sinin-32-dzi-ild-n-m-n-h-sr-olunmu-silsil-m-hazir-l-r-ke-irilib","status":"publish","type":"post","link":"https:\/\/mdu.edu.az\/ru\/minzh-evir-d-vl-t-universitetind-20-yanvar-fadzi-sinin-32-dzi-ild-n-m-n-h-sr-olunmu-silsil-m-hazir-l-r-ke-irilib\/","title":{"rendered":"Ming\u0259\u00e7evir D\u00f6vl\u0259t Universitetind\u0259 20 Yanvar faci\u0259sinin 32-ci ild\u00f6n\u00fcm\u00fcn\u0259 h\u0259sr  olunmu\u015f silsil\u0259 m\u00fchazir\u0259l\u0259r ke\u00e7irilib"},"content":{"rendered":"<p style=\"margin-bottom: 0.0001pt; text-align: justify; text-indent: 27pt; line-height: 150%;\"><span style=\"font-size: 12pt; line-height: 150%; font-family: Arial, 'sans-serif'; color: #000000;\">2022-ci ilin 17-19 yanvar tarixl\u0259rind\u0259 Ming\u0259\u00e7evir D\u00f6vl\u0259t Universitetind\u0259 (MDU) 20 Yanvar faci\u0259sinin 32-ci ild\u00f6n\u00fcm\u00fcn\u0259 h\u0259sr olunmu\u015f \u201c20 Yanvar faci\u0259si tariximizin milli q\u00fcrur, \u015f\u0259r\u0259f v\u0259 q\u0259hr\u0259manl\u0131q s\u0259hif\u0259sidir\u201d m\u00f6vzusunda silsil\u0259 m\u00fchazir\u0259l\u0259r t\u0259\u015fkil olunub.<\/span><\/p>\n<p style=\"margin-bottom: 0.0001pt; text-align: justify; text-indent: 27pt; line-height: 150%;\"><span style=\"font-size: 12pt; line-height: 150%; font-family: Arial, 'sans-serif'; color: #000000;\">Universitetin t\u0259l\u0259b\u0259 v\u0259 magistrantlar\u0131n\u0131n i\u015ftirak\u0131 il\u0259 \u201cMicrosoft Teams\u201d platformas\u0131 \u00fcz\u0259rind\u0259n online formatda ke\u00e7iril\u0259n m\u00fchazir\u0259l\u0259rd\u0259 Az\u0259rbaycan xalq\u0131na qar\u015f\u0131 t\u00f6r\u0259dilmi\u015f amans\u0131z q\u0259tliam\u0131n v\u0259 tarixi cinay\u0259tin t\u0259f\u0259rr\u00fcatlar\u0131 bar\u0259d\u0259 dan\u0131\u015f\u0131l\u0131b.<\/span><\/p>\n<p style=\"margin-bottom: 0.0001pt; text-align: justify; text-indent: 27pt; line-height: 150%;\"><span style=\"color: #000000;\"><span style=\"font-size: 12pt; line-height: 150%; font-family: Arial, 'sans-serif'; color: black;\">MDU-nun Humanitar f\u0259nl\u0259r kafedras\u0131n\u0131n m\u00fcdiri Esmira C\u0259f\u0259rovan\u0131n moderatorlu\u011fu il\u0259 \u00fc\u00e7 g\u00fcn <\/span><span style=\"font-size: 12pt; line-height: 150%; font-family: Arial, 'sans-serif';\">davam ed\u0259n m\u00fchazir\u0259l\u0259rd\u0259 qeyd olunan <span style=\"color: black;\">kafedran\u0131n m\u00fc\u0259lliml\u0259ri Mirz\u0259 Cavadov, M\u0259tan\u0259t Yusifova v\u0259 \u0130lham M\u0259m\u0259dovun m\u0259ruz\u0259l\u0259ri dinl\u0259nilib.<\/span><\/span><\/span><\/p>\n<p style=\"margin-bottom: 0.0001pt; text-align: justify; text-indent: 27pt; line-height: 150%;\"><span style=\"font-size: 12pt; line-height: 150%; font-family: Arial, 'sans-serif'; color: #000000;\">M\u00fchazir\u0259l\u0259rd\u0259 20 Yanvar faci\u0259sinin s\u0259b\u0259bl\u0259ri v\u0259 \u0259sas g\u00fcnahkarlar\u0131, q\u0259tliam\u0131n mahiyy\u0259ti v\u0259 ac\u0131 n\u0259tic\u0259l\u0259ri, Az\u0259rbaycan xalq\u0131na qar\u015f\u0131 t\u00f6r\u0259dilmi\u015f genosid akt\u0131na \u00fcmummilli lider Heyd\u0259r \u018fliyev t\u0259r\u0259find\u0259n veril\u0259n siyasi v\u0259 tarixi qiym\u0259t, m\u00fcst\u0259qillik yolunda can\u0131ndan ke\u00e7\u0259n \u015e\u0259hidl\u0259rin n\u00fcmayi\u015f etdirdiyi q\u0259hr\u0259manl\u0131q m\u00fcbariz\u0259si, m\u00f6ht\u0259r\u0259m Prezidentimiz c\u0259nab \u0130lham \u018fliyev t\u0259r\u0259find\u0259n 20 yanvar \u015e\u0259hidl\u0259rinin xatir\u0259sinin \u0259b\u0259dil\u0259\u015fdirilm\u0259sin\u0259 v\u0259 ail\u0259 \u00fczvl\u0259rin\u0259 g\u00f6st\u0259ril\u0259n y\u00fcks\u0259k diqq\u0259t v\u0259 qay\u011f\u0131 haqq\u0131nda \u0259trafl\u0131 m\u0259lumat verilib.<\/span><\/p>\n<p style=\"margin-bottom: 0.0001pt; text-align: justify; text-indent: 27pt; line-height: 150%;\"><span style=\"font-size: 12pt; line-height: 150%; font-family: Arial, 'sans-serif'; color: #000000;\">M\u0259ruz\u0259l\u0259rd\u0259 44 g\u00fcnl\u00fck V\u0259t\u0259n M\u00fcharib\u0259sind\u0259 \u0259ld\u0259 olunan tarixi z\u0259f\u0259r n\u0259tic\u0259sind\u0259 torpaqlar\u0131m\u0131z\u0131n d\u00fc\u015fm\u0259n i\u015f\u011fal\u0131ndan azad edilm\u0259sinin yaratd\u0131\u011f\u0131 sonsuz q\u00fcrur hissind\u0259n b\u0259hs olunub, \u015e\u0259hidl\u0259rimizin ruhunun \u015fad olmas\u0131na \u0259minlik ifad\u0259 olunub.<\/span><\/p>\n<p style=\"margin-bottom: 0.0001pt; text-align: justify; text-indent: 27pt; line-height: 150%;\"><span style=\"font-size: 12pt; line-height: 150%; font-family: Arial, 'sans-serif'; color: #000000;\">T\u0259l\u0259b\u0259 v\u0259 magistrantlar t\u0259r\u0259find\u0259n b\u00f6y\u00fck maraqla qar\u015f\u0131lanan m\u00fchazir\u0259l\u0259rd\u0259 geni\u015f fikir m\u00fcbadil\u0259si apar\u0131l\u0131b, \u00e7oxsayl\u0131 suallar cavabland\u0131r\u0131l\u0131b.<\/span><\/p>\n<p style=\"margin-bottom: 0.0001pt; text-align: justify; text-indent: 27pt; line-height: 150%;\"><span style=\"font-size: 12pt; line-height: 150%; font-family: Arial, 'sans-serif'; color: #000000;\">Qeyd ed\u0259k ki, m\u00fchazir\u0259l\u0259r Az\u0259rbaycan Respublikas\u0131n\u0131n t\u0259hsil nazirinin m\u00fcvafiq \u0259mri il\u0259 t\u0259sdiq olunmu\u015f T\u0259dbirl\u0259r Plan\u0131 \u00e7\u0259r\u00e7iv\u0259sind\u0259 t\u0259\u015fkil olunub.<\/span><\/p>","protected":false},"excerpt":{"rendered":"<p>2022-ci ilin 17-19 yanvar tarixl\u0259rind\u0259 Ming\u0259\u00e7evir D\u00f6vl\u0259t Universitetind\u0259 (MDU) 20 Yanvar faci\u0259sinin 32-ci ild\u00f6n\u00fcm\u00fcn\u0259 h\u0259sr olunmu\u015f \u201c20 Yanvar faci\u0259si tariximizin milli q\u00fcrur, \u015f\u0259r\u0259f v\u0259 q\u0259hr\u0259manl\u0131q s\u0259hif\u0259sidir\u201d m\u00f6vzusunda silsil\u0259 m\u00fchazir\u0259l\u0259r t\u0259\u015fkil olunub. Universitetin t\u0259l\u0259b\u0259 v\u0259 magistrantlar\u0131n\u0131n i\u015ftirak\u0131 il\u0259 \u201cMicrosoft Teams\u201d platformas\u0131 \u00fcz\u0259rind\u0259n online formatda ke\u00e7iril\u0259n m\u00fchazir\u0259l\u0259rd\u0259 Az\u0259rbaycan xalq\u0131na qar\u015f\u0131 t\u00f6r\u0259dilmi\u015f amans\u0131z q\u0259tliam\u0131n v\u0259 tarixi cinay\u0259tin t\u0259f\u0259rr\u00fcatlar\u0131 [&hellip;]<\/p>\n","protected":false},"author":1,"featured_media":21628,"comment_status":"open","ping_status":"open","sticky":false,"template":"","format":"gallery","meta":{"_eb_attr":"","ocean_post_layout":"","ocean_both_sidebars_style":"","ocean_both_sidebars_content_width":0,"ocean_both_sidebars_sidebars_width":0,"ocean_sidebar":"","ocean_second_sidebar":"","ocean_disable_margins":"enable","ocean_add_body_class":"","ocean_shortcode_before_top_bar":"","ocean_shortcode_after_top_bar":"","ocean_shortcode_before_header":"","ocean_shortcode_after_header":"","ocean_has_shortcode":"","ocean_shortcode_after_title":"","ocean_shortcode_before_footer_widgets":"","ocean_shortcode_after_footer_widgets":"","ocean_shortcode_before_footer_bottom":"","ocean_shortcode_after_footer_bottom":"","ocean_display_top_bar":"default","ocean_display_header":"default","ocean_header_style":"","ocean_center_header_left_menu":"","ocean_custom_header_template":"","ocean_custom_logo":0,"ocean_custom_retina_logo":0,"ocean_custom_logo_max_width":0,"ocean_custom_logo_tablet_max_width":0,"ocean_custom_logo_mobile_max_width":0,"ocean_custom_logo_max_height":0,"ocean_custom_logo_tablet_max_height":0,"ocean_custom_logo_mobile_max_height":0,"ocean_header_custom_menu":"","ocean_menu_typo_font_family":"","ocean_menu_typo_font_subset":"","ocean_menu_typo_font_size":0,"ocean_menu_typo_font_size_tablet":0,"ocean_menu_typo_font_size_mobile":0,"ocean_menu_typo_font_size_unit":"px","ocean_menu_typo_font_weight":"","ocean_menu_typo_font_weight_tablet":"","ocean_menu_typo_font_weight_mobile":"","ocean_menu_typo_transform":"","ocean_menu_typo_transform_tablet":"","ocean_menu_typo_transform_mobile":"","ocean_menu_typo_line_height":0,"ocean_menu_typo_line_height_tablet":0,"ocean_menu_typo_line_height_mobile":0,"ocean_menu_typo_line_height_unit":"","ocean_menu_typo_spacing":0,"ocean_menu_typo_spacing_tablet":0,"ocean_menu_typo_spacing_mobile":0,"ocean_menu_typo_spacing_unit":"","ocean_menu_link_color":"","ocean_menu_link_color_hover":"","ocean_menu_link_color_active":"","ocean_menu_link_background":"","ocean_menu_link_hover_background":"","ocean_menu_link_active_background":"","ocean_menu_social_links_bg":"","ocean_menu_social_hover_links_bg":"","ocean_menu_social_links_color":"","ocean_menu_social_hover_links_color":"","ocean_disable_title":"default","ocean_disable_heading":"default","ocean_post_title":"","ocean_post_subheading":"","ocean_post_title_style":"","ocean_post_title_background_color":"","ocean_post_title_background":0,"ocean_post_title_bg_image_position":"","ocean_post_title_bg_image_attachment":"","ocean_post_title_bg_image_repeat":"","ocean_post_title_bg_image_size":"","ocean_post_title_height":0,"ocean_post_title_bg_overlay":0.5,"ocean_post_title_bg_overlay_color":"","ocean_disable_breadcrumbs":"default","ocean_breadcrumbs_color":"","ocean_breadcrumbs_separator_color":"","ocean_breadcrumbs_links_color":"","ocean_breadcrumbs_links_hover_color":"","ocean_display_footer_widgets":"default","ocean_display_footer_bottom":"default","ocean_custom_footer_template":"","ocean_post_oembed":"","ocean_post_self_hosted_media":"","ocean_post_video_embed":"","ocean_link_format":"","ocean_link_format_target":"self","ocean_quote_format":"","ocean_quote_format_link":"post","ocean_gallery_link_images":"off","ocean_gallery_id":[21627,21626,21625,21623],"footnotes":""},"categories":[43],"tags":[],"class_list":["post-16260","post","type-post","status-publish","format-gallery","has-post-thumbnail","hentry","category-tedbirler","post_format-post-format-gallery","entry","has-media"],"_links":{"self":[{"href":"https:\/\/mdu.edu.az\/ru\/wp-json\/wp\/v2\/posts\/16260","targetHints":{"allow":["GET"]}}],"collection":[{"href":"https:\/\/mdu.edu.az\/ru\/wp-json\/wp\/v2\/posts"}],"about":[{"href":"https:\/\/mdu.edu.az\/ru\/wp-json\/wp\/v2\/types\/post"}],"author":[{"embeddable":true,"href":"https:\/\/mdu.edu.az\/ru\/wp-json\/wp\/v2\/users\/1"}],"replies":[{"embeddable":true,"href":"https:\/\/mdu.edu.az\/ru\/wp-json\/wp\/v2\/comments?post=16260"}],"version-history":[{"count":1,"href":"https:\/\/mdu.edu.az\/ru\/wp-json\/wp\/v2\/posts\/16260\/revisions"}],"predecessor-version":[{"id":21629,"href":"https:\/\/mdu.edu.az\/ru\/wp-json\/wp\/v2\/posts\/16260\/revisions\/21629"}],"wp:featuredmedia":[{"embeddable":true,"href":"https:\/\/mdu.edu.az\/ru\/wp-json\/wp\/v2\/media\/21628"}],"wp:attachment":[{"href":"https:\/\/mdu.edu.az\/ru\/wp-json\/wp\/v2\/media?parent=16260"}],"wp:term":[{"taxonomy":"category","embeddable":true,"href":"https:\/\/mdu.edu.az\/ru\/wp-json\/wp\/v2\/categories?post=16260"},{"taxonomy":"post_tag","embeddable":true,"href":"https:\/\/mdu.edu.az\/ru\/wp-json\/wp\/v2\/tags?post=16260"}],"curies":[{"name":"wp","href":"https:\/\/api.w.org\/{rel}","templated":true}]}}