{"id":16309,"date":"2022-02-21T17:07:34","date_gmt":"2022-02-21T14:07:34","guid":{"rendered":"https:\/\/mdu.edu.az\/beyn-lkhalzh-konfrans-2nd-karatay-internat-onal-dzonferendze-on-islamidz-edzonomidzs-and-finandze-kardzief-2022\/"},"modified":"2022-02-21T17:07:34","modified_gmt":"2022-02-21T14:07:34","slug":"beyn-lkhalzh-konfrans-2nd-karatay-internat-onal-dzonferendze-on-islamidz-edzonomidzs-and-finandze-kardzief-2022","status":"publish","type":"post","link":"https:\/\/mdu.edu.az\/ru\/beyn-lkhalzh-konfrans-2nd-karatay-internat-onal-dzonferendze-on-islamidz-edzonomidzs-and-finandze-kardzief-2022\/","title":{"rendered":"\u0130slam \u0130qtisadiyyat\u0131 v\u0259 Maliyy\u0259si \u00fczr\u0259 2-ci Karatay Beyn\u0259lxalq Konfrans\u0131 (KARCIEF 2022)"},"content":{"rendered":"<p style=\"text-align: justify; text-indent: 1cm;\"><span style=\"font-size: 14pt; font-family: Arial, sans-serif;\"><\/span><\/p>\n<p style=\"text-align: center;\"><span style=\"font-size: 18pt;\"><span style=\"font-size: 18pt; font-family: Arial, sans-serif; color: red;\"><span style=\"font-size: 14pt; line-height: 107%; font-family: Arial, sans-serif;\">\u0130slam \u0130qtisadiyyat\u0131 v\u0259 Maliyy\u0259si &uuml;zr\u0259 2-ci Karatay Beyn\u0259lxalq Konfrans\u0131 (KARCIEF 2022)<\/span><\/span><\/span><\/p>\n<p style=\"text-align: center;\"><span style=\"font-size: 14pt; font-family: Arial, sans-serif;\"><\/span><\/p>\n<p style=\"text-align: justify; text-indent: 1cm;\"><span style=\"font-size: 14pt; font-family: Arial, sans-serif; color: #000000;\">Ming\u0259&ccedil;evir D&ouml;vl\u0259t Universiteti (MDU) 2022-ci ilin 17-18 iyun tarixl\u0259rind\u0259 T&uuml;rkiy\u0259nin KTO Karatay Universitetind\u0259 ke&ccedil;iril\u0259c\u0259k &ldquo;Dayan\u0131ql\u0131 a\u011f\u0131ll\u0131 k\u0259nd t\u0259s\u0259rr&uuml;fat\u0131, Fintex, blok&ccedil;eyn texnologiyas\u0131 v\u0259 islam maliyy\u0259si&rdquo; m&ouml;vzusunda \u0130slam \u0130qtisadiyyat\u0131 v\u0259 Maliyy\u0259si &uuml;zr\u0259 \u0130kinci Karatay Beyn\u0259lxalq Konfrans\u0131n\u0131n (2nd Karatay Internat\u0131onal Conference on Islamic Economics and Finance &#8211; KARCIEF 2022) akademik t\u0259r\u0259fda\u015flar\u0131ndan biri se&ccedil;ilib. <\/span><\/p>\n<p style=\"text-align: justify; text-indent: 1cm;\"><span style=\"font-size: 14pt; font-family: Arial, sans-serif; color: #000000;\">D&uuml;nyan\u0131n m&uuml;xt\u0259lif &ouml;lk\u0259l\u0259rind\u0259n akademik hey\u0259ti v\u0259 praktik m&uuml;t\u0259x\u0259ssisl\u0259ri bir araya toplamaqla islam iqtisadiyyat\u0131 v\u0259 maliyy\u0259si sah\u0259sind\u0259 m&ouml;vcud probleml\u0259ri m&uuml;zakir\u0259 etm\u0259k v\u0259 innovativ h\u0259ll\u0259r t\u0259klif etm\u0259k m\u0259qs\u0259di da\u015f\u0131yan s&ouml;z&uuml;ged\u0259n beyn\u0259lxalq konfransa 100-d\u0259n &ccedil;ox m\u0259ruz\u0259&ccedil;i v\u0259 i\u015ftirak&ccedil;\u0131n\u0131n qat\u0131laca\u011f\u0131 g&ouml;zl\u0259nilir. <\/span><\/p>\n<p style=\"text-align: justify; text-indent: 1cm;\"><span style=\"font-size: 14pt; font-family: Arial, sans-serif; color: #000000;\">KARCIEF 2022 &ldquo;\u0130slamda k\u0259nd t\u0259s\u0259rr&uuml;fat\u0131 v\u0259 aqrobiznes anlay\u0131\u015f\u0131&rdquo;, &ldquo;\u0130slam banklar\u0131 t\u0259r\u0259find\u0259n k\u0259nd t\u0259s\u0259rr&uuml;fat\u0131 sektoru &uuml;&ccedil;&uuml;n t\u0259qdim edil\u0259n maliyy\u0259 imkanlar\u0131&rdquo;, &ldquo;K\u0259nd t\u0259s\u0259rr&uuml;fat\u0131 d\u0259y\u0259r z\u0259ncirind\u0259 Fintex v\u0259 islam maliyy\u0259si m\u0259hsullar\u0131n\u0131n inki\u015faf\u0131&rdquo;, &ldquo;K\u0259nd t\u0259s\u0259rr&uuml;fat\u0131 sektorunda kraudfandinq v\u0259 islam maliyy\u0259sinin potensial\u0131&rdquo;, &ldquo;\u0130slam maliyy\u0259si \u0259rzaq t\u0259hl&uuml;k\u0259sizliyini g&uuml;cl\u0259ndir\u0259n strateji mexanizm kimi&rdquo;, &ldquo;K\u0259nd t\u0259s\u0259rr&uuml;fat\u0131n\u0131n maliyy\u0259l\u0259\u015fdirilm\u0259sind\u0259 islam maliyy\u0259si al\u0259tl\u0259rinin t\u0259tbiqi&rdquo;, &ldquo;K\u0259nd t\u0259s\u0259rr&uuml;fat\u0131n\u0131n inki\u015faf\u0131nda islam kapital bazar\u0131 al\u0259tl\u0259rinin rolu&rdquo;, &ldquo;K\u0259nd t\u0259s\u0259rr&uuml;fat\u0131 sektoru &uuml;&ccedil;&uuml;n v\u0259qf \u0259sasl\u0131 islam Fintex modell\u0259ri&rdquo; v\u0259 &ldquo;K\u0259nd t\u0259s\u0259rr&uuml;fat\u0131nda m\u0259nf\u0259\u0259t v\u0259 z\u0259r\u0259rin b&ouml;l&uuml;\u015fd&uuml;r&uuml;lm\u0259si&rdquo; m&ouml;vzular\u0131n\u0131 \u0259hat\u0259 ed\u0259c\u0259kdir. <\/span><\/p>\n<p style=\"text-align: justify; text-indent: 1cm;\"><span style=\"font-size: 14pt; font-family: Arial, sans-serif;\"><span style=\"color: #000000;\">Konfransa q\u0259bul edil\u0259n m\u0259qal\u0259l\u0259r &ldquo;Journal of Islamic Economics and Finance (KARJIEF)&rdquo;, &ldquo;International Journal of Islamic Economics and Finance Studies (IJISEF)&rdquo; v\u0259 &ldquo;Journal of Islamic Finance (JIF)&rdquo; kimi elmi n\u0259\u015frl\u0259rd\u0259 d\u0259rc olunacaqd\u0131r. Akademik t\u0259r\u0259fda\u015f olan universitetl\u0259rd\u0259n, o c&uuml;ml\u0259d\u0259n MDU-dan konfransa t\u0259qdim olunacaq 5-\u0259 q\u0259d\u0259r m\u0259qal\u0259 &ouml;d\u0259ni\u015fsiz, qalan m\u0259qal\u0259l\u0259r is\u0259 m&uuml;vafiq endiriml\u0259rl\u0259 &ouml;d\u0259ni\u015fli \u0259saslarla q\u0259bul edil\u0259c\u0259kdir. <\/span><\/span><\/p>\n<p style=\"text-align: justify; text-indent: 1cm;\"><span style=\"font-size: 14pt; font-family: Arial, sans-serif;\"><span style=\"color: #000000;\">Konfransda i\u015ftirakla ba\u011fl\u0131 \u0259trafl\u0131 m\u0259lumat\u0131 KARCIEF-in r\u0259smi internet sayt\u0131ndan<\/span> (<a href=\"https:\/\/karcief.karatay.edu.tr\/\" target=\"_blank\" rel=\"noopener\">https:\/\/karcief.karatay.edu.tr\/<\/a>) <span style=\"color: #000000;\">\u0259ld\u0259 etm\u0259k olar.<\/span><\/span><\/p>\n<p>{phocagallery view=category|categoryid=888|limitstart=0|limitcount=0}<\/p>","protected":false},"excerpt":{"rendered":"<p>\u0130slam \u0130qtisadiyyat\u0131 v\u0259 Maliyy\u0259si &uuml;zr\u0259 2-ci Karatay Beyn\u0259lxalq Konfrans\u0131 (KARCIEF 2022) Ming\u0259&ccedil;evir D&ouml;vl\u0259t Universiteti (MDU) 2022-ci ilin 17-18 iyun tarixl\u0259rind\u0259 T&uuml;rkiy\u0259nin KTO Karatay Universitetind\u0259 ke&ccedil;iril\u0259c\u0259k &ldquo;Dayan\u0131ql\u0131 a\u011f\u0131ll\u0131 k\u0259nd t\u0259s\u0259rr&uuml;fat\u0131, Fintex, blok&ccedil;eyn texnologiyas\u0131 v\u0259 islam maliyy\u0259si&rdquo; m&ouml;vzusunda \u0130slam \u0130qtisadiyyat\u0131 v\u0259 Maliyy\u0259si &uuml;zr\u0259 \u0130kinci Karatay Beyn\u0259lxalq Konfrans\u0131n\u0131n (2nd Karatay Internat\u0131onal Conference on Islamic Economics and Finance &#8211; [&hellip;]<\/p>\n","protected":false},"author":1,"featured_media":0,"comment_status":"open","ping_status":"open","sticky":false,"template":"","format":"standard","meta":{"_eb_attr":"","ocean_post_layout":"","ocean_both_sidebars_style":"","ocean_both_sidebars_content_width":0,"ocean_both_sidebars_sidebars_width":0,"ocean_sidebar":"","ocean_second_sidebar":"","ocean_disable_margins":"enable","ocean_add_body_class":"","ocean_shortcode_before_top_bar":"","ocean_shortcode_after_top_bar":"","ocean_shortcode_before_header":"","ocean_shortcode_after_header":"","ocean_has_shortcode":"","ocean_shortcode_after_title":"","ocean_shortcode_before_footer_widgets":"","ocean_shortcode_after_footer_widgets":"","ocean_shortcode_before_footer_bottom":"","ocean_shortcode_after_footer_bottom":"","ocean_display_top_bar":"default","ocean_display_header":"default","ocean_header_style":"","ocean_center_header_left_menu":"","ocean_custom_header_template":"","ocean_custom_logo":0,"ocean_custom_retina_logo":0,"ocean_custom_logo_max_width":0,"ocean_custom_logo_tablet_max_width":0,"ocean_custom_logo_mobile_max_width":0,"ocean_custom_logo_max_height":0,"ocean_custom_logo_tablet_max_height":0,"ocean_custom_logo_mobile_max_height":0,"ocean_header_custom_menu":"","ocean_menu_typo_font_family":"","ocean_menu_typo_font_subset":"","ocean_menu_typo_font_size":0,"ocean_menu_typo_font_size_tablet":0,"ocean_menu_typo_font_size_mobile":0,"ocean_menu_typo_font_size_unit":"px","ocean_menu_typo_font_weight":"","ocean_menu_typo_font_weight_tablet":"","ocean_menu_typo_font_weight_mobile":"","ocean_menu_typo_transform":"","ocean_menu_typo_transform_tablet":"","ocean_menu_typo_transform_mobile":"","ocean_menu_typo_line_height":0,"ocean_menu_typo_line_height_tablet":0,"ocean_menu_typo_line_height_mobile":0,"ocean_menu_typo_line_height_unit":"","ocean_menu_typo_spacing":0,"ocean_menu_typo_spacing_tablet":0,"ocean_menu_typo_spacing_mobile":0,"ocean_menu_typo_spacing_unit":"","ocean_menu_link_color":"","ocean_menu_link_color_hover":"","ocean_menu_link_color_active":"","ocean_menu_link_background":"","ocean_menu_link_hover_background":"","ocean_menu_link_active_background":"","ocean_menu_social_links_bg":"","ocean_menu_social_hover_links_bg":"","ocean_menu_social_links_color":"","ocean_menu_social_hover_links_color":"","ocean_disable_title":"default","ocean_disable_heading":"default","ocean_post_title":"","ocean_post_subheading":"","ocean_post_title_style":"","ocean_post_title_background_color":"","ocean_post_title_background":0,"ocean_post_title_bg_image_position":"","ocean_post_title_bg_image_attachment":"","ocean_post_title_bg_image_repeat":"","ocean_post_title_bg_image_size":"","ocean_post_title_height":0,"ocean_post_title_bg_overlay":0.5,"ocean_post_title_bg_overlay_color":"","ocean_disable_breadcrumbs":"default","ocean_breadcrumbs_color":"","ocean_breadcrumbs_separator_color":"","ocean_breadcrumbs_links_color":"","ocean_breadcrumbs_links_hover_color":"","ocean_display_footer_widgets":"default","ocean_display_footer_bottom":"default","ocean_custom_footer_template":"","ocean_post_oembed":"","ocean_post_self_hosted_media":"","ocean_post_video_embed":"","ocean_link_format":"","ocean_link_format_target":"self","ocean_quote_format":"","ocean_quote_format_link":"post","ocean_gallery_link_images":"on","ocean_gallery_id":[],"footnotes":""},"categories":[63],"tags":[],"class_list":["post-16309","post","type-post","status-publish","format-standard","hentry","category-khaebaerlaer-az","entry"],"_links":{"self":[{"href":"https:\/\/mdu.edu.az\/ru\/wp-json\/wp\/v2\/posts\/16309","targetHints":{"allow":["GET"]}}],"collection":[{"href":"https:\/\/mdu.edu.az\/ru\/wp-json\/wp\/v2\/posts"}],"about":[{"href":"https:\/\/mdu.edu.az\/ru\/wp-json\/wp\/v2\/types\/post"}],"author":[{"embeddable":true,"href":"https:\/\/mdu.edu.az\/ru\/wp-json\/wp\/v2\/users\/1"}],"replies":[{"embeddable":true,"href":"https:\/\/mdu.edu.az\/ru\/wp-json\/wp\/v2\/comments?post=16309"}],"version-history":[{"count":0,"href":"https:\/\/mdu.edu.az\/ru\/wp-json\/wp\/v2\/posts\/16309\/revisions"}],"wp:attachment":[{"href":"https:\/\/mdu.edu.az\/ru\/wp-json\/wp\/v2\/media?parent=16309"}],"wp:term":[{"taxonomy":"category","embeddable":true,"href":"https:\/\/mdu.edu.az\/ru\/wp-json\/wp\/v2\/categories?post=16309"},{"taxonomy":"post_tag","embeddable":true,"href":"https:\/\/mdu.edu.az\/ru\/wp-json\/wp\/v2\/tags?post=16309"}],"curies":[{"name":"wp","href":"https:\/\/api.w.org\/{rel}","templated":true}]}}