{"id":16317,"date":"2022-02-24T19:28:07","date_gmt":"2022-02-24T16:28:07","guid":{"rendered":"https:\/\/mdu.edu.az\/minzh-evir-d-vl-t-universiteti-az-rbaydzan-tekhniki-universiteti-v-y-ld-z-teknik-universitetinin-birzh-t-kilat-l-il-khodzal-soyg-r-m-na-h-sr-olunan-an-m-t-dbiri-ke-irilib\/"},"modified":"2022-04-27T13:44:10","modified_gmt":"2022-04-27T10:44:10","slug":"minzh-evir-d-vl-t-universiteti-az-rbaydzan-tekhniki-universiteti-v-y-ld-z-teknik-universitetinin-birzh-t-kilat-l-il-khodzal-soyg-r-m-na-h-sr-olunan-an-m-t-dbiri-ke-irilib","status":"publish","type":"post","link":"https:\/\/mdu.edu.az\/ru\/minzh-evir-d-vl-t-universiteti-az-rbaydzan-tekhniki-universiteti-v-y-ld-z-teknik-universitetinin-birzh-t-kilat-l-il-khodzal-soyg-r-m-na-h-sr-olunan-an-m-t-dbiri-ke-irilib\/","title":{"rendered":"Ming\u0259\u00e7evir D\u00f6vl\u0259t Universiteti, Az\u0259rbaycan Texniki Universiteti v\u0259 Y\u0131ld\u0131z Teknik Universitetinin birg\u0259 t\u0259\u015fkilat\u00e7\u0131l\u0131\u011f\u0131 il\u0259 Xocal\u0131 soyq\u0131r\u0131m\u0131na h\u0259sr olunan an\u0131m t\u0259dbiri ke\u00e7irilib"},"content":{"rendered":"<p style=\"margin-top: 0cm; margin-right: 0cm; margin-bottom: 0.0001pt; text-align: justify; text-indent: 1cm; line-height: 15.75pt; background: white;\"><span style=\"color: #000000;\"><span style=\"font-family: Arial, sans-serif; color: black; background: white;\">2022-ci ilin 2<\/span><span style=\"font-family: Arial, sans-serif; color: black; background: white;\">4<\/span><span style=\"font-family: Arial, sans-serif; color: black; background: white;\"> fevral tarixind\u0259 Ming\u0259\u00e7evir D\u00f6vl\u0259t Universiteti (MDU)<\/span><span style=\"font-family: Arial, sans-serif; color: black; background: white;\">, Az\u0259rbaycan Texniki Universiteti (AzTU)<\/span><span style=\"font-family: Arial, sans-serif; color: black; background: white;\"> v\u0259 T\u00fcrkiy\u0259nin <\/span><span style=\"font-family: Arial, sans-serif; color: black; background: white;\">Y\u0131ld\u0131z Teknik <\/span><span style=\"font-family: Arial, sans-serif; color: black; background: white;\">Universitetinin <\/span><span style=\"font-family: Arial, sans-serif; color: black; background: white;\">(YTU) <\/span><span style=\"font-family: Arial, sans-serif; color: black; background: white;\">birg\u0259 t\u0259\u015fkilat\u00e7\u0131l\u0131\u011f\u0131 il\u0259 Xocal\u0131 soyq\u0131r\u0131m\u0131n\u0131n otuzuncu ild\u00f6n\u00fcm\u00fcn\u0259 h\u0259sr olunan an\u0131m t\u0259dbiri ke\u00e7irilib. <\/span><\/span><\/p>\n<p style=\"margin-top: 0cm; margin-right: 0cm; margin-bottom: 0.0001pt; text-align: justify; text-indent: 1cm; line-height: 15.75pt; background: white;\"><span style=\"color: #000000;\"><span style=\"font-family: Arial, sans-serif; color: black; background: white;\">\u201cZoom\u201d platformas\u0131 \u00fcz\u0259rind\u0259n onlayn formatda t\u0259\u015fkil edil\u0259n <\/span><span style=\"font-family: Arial, sans-serif; color: black; background: white;\">t<\/span><span style=\"font-family: Arial, sans-serif; color: black; background: white;\">\u0259dbird\u0259 h\u0259r <\/span><span style=\"font-family: Arial, sans-serif; color: black; background: white;\">\u00fc\u00e7<\/span><span style=\"font-family: Arial, sans-serif; color: black; background: white;\"> universitetin akademik v\u0259 inzibati hey\u0259t \u00fczvl\u0259ri, t\u0259l\u0259b\u0259, magistrant v\u0259 doktorantlar\u0131 i\u015ftirak edibl\u0259r.<\/span><\/span><\/p>\n<p style=\"margin-top: 0cm; margin-right: 0cm; margin-bottom: 0.0001pt; text-align: justify; text-indent: 1cm; line-height: 15.75pt; background: white;\"><span style=\"color: #000000;\"><span style=\"font-family: Arial, sans-serif; color: black; background: white;\">T\u0259dbirin a\u00e7\u0131l\u0131\u015f\u0131nda <\/span><span style=\"font-family: Arial, sans-serif; color: black; background: white;\">AzTU-nun rektoru Vilay\u0259t V\u0259liyev, <\/span><span style=\"font-family: Arial, sans-serif; color: black; background: white;\">MDU-nun rektoru \u015eahin Bayramov v\u0259 <\/span><span style=\"font-family: Arial, sans-serif; color: black; background: white;\">Y\u0131ld\u0131z Teknik Universitetinin <\/span><span style=\"font-family: Arial, sans-serif; color: black; background: white;\">prorektoru <\/span><span style=\"font-family: Arial, sans-serif; color: black; background: white;\">Nur Bekiro\u011flu<\/span><span style=\"font-family: Arial, sans-serif; color: black; background: white;\"> \u00e7\u0131x\u0131\u015f edibl\u0259r.<\/span><\/span><\/p>\n<p style=\"margin-top: 0cm; margin-right: 0cm; margin-bottom: 0.0001pt; text-align: justify; text-indent: 1cm; line-height: 15.75pt; background: white;\"><span style=\"color: #000000;\"><span style=\"font-family: Arial, sans-serif; color: black; background: white;\">T\u0259dbir i\u015ftirak\u00e7\u0131lar\u0131n\u0131 salamlayan AzTU-nun rektoru V.V\u0259liyev Az\u0259rbaycan tarixinin \u0259n d\u0259h\u015f\u0259tli s\u0259hif\u0259l\u0259rind\u0259n biri olan Xocal\u0131 soyq\u0131r\u0131m\u0131na <\/span><span style=\"font-family: Arial, sans-serif; color: black; background: white;\">h\u0259sr olunan <\/span><span style=\"font-family: Arial, sans-serif; color: black; background: white;\">ortaq an\u0131m proqram\u0131n\u0131n \u0259h\u0259miyy\u0259tind\u0259n dan\u0131\u015f\u0131b. <\/span><\/span><\/p>\n<p style=\"margin-top: 0cm; margin-right: 0cm; margin-bottom: 0.0001pt; text-align: justify; text-indent: 1cm; line-height: 15.75pt; background: white;\"><span style=\"font-family: Arial, sans-serif; color: #000000; background: white;\">Qarda\u015f \u00f6lk\u0259l\u0259rin ali t\u0259hsil m\u00fc\u0259ssis\u0259l\u0259rinin vahid platformadan \u00e7\u0131x\u0131\u015f etm\u0259sini m\u00fcsb\u0259t d\u0259y\u0259rl\u0259ndir\u0259n V.V\u0259liyev Xocal\u0131 faci\u0259si, erm\u0259ni v\u0259h\u015filiyi v\u0259 vandalizmi bar\u0259d\u0259 h\u0259qiq\u0259tl\u0259rin daha geni\u015f ictimaiyy\u0259t\u0259 \u00e7atd\u0131r\u0131lmas\u0131nda universitetl\u0259r aras\u0131nda bel\u0259 formatda t\u0259r\u0259fda\u015fl\u0131qlar\u0131n \u00f6n\u0259mini diqq\u0259t\u0259 \u00e7atd\u0131r\u0131b.<\/span><\/p>\n<p style=\"margin-top: 0cm; margin-right: 0cm; margin-bottom: 0.0001pt; text-align: justify; text-indent: 1cm; line-height: 15.75pt; background: white;\"><span style=\"font-family: Arial, sans-serif; color: #000000; background: white;\">Faci\u0259nin s\u0259b\u0259bl\u0259rinin, ba\u015f verdiyi tarixi v\u0259 ictimai-siyasi \u015f\u0259raitin t\u0259dqiq edilm\u0259sind\u0259, Xocal\u0131 h\u0259qiq\u0259tl\u0259rinin g\u0259nc n\u0259sil\u0259 \u00f6t\u00fcr\u00fclm\u0259sind\u0259 v\u0259 bu istiqam\u0259td\u0259 m\u00fcvafiq t\u0259bli\u011fat i\u015fl\u0259rinin apar\u0131lmas\u0131nda universitetl\u0259rin rolundan b\u0259hs ed\u0259n rektor ortaq t\u0259dbirin t\u0259\u015fkilind\u0259 \u0259m\u0259yi olanlara t\u0259\u015f\u0259kk\u00fcr\u00fcn\u00fc bildirib.<\/span><\/p>\n<p style=\"margin-top: 0cm; margin-right: 0cm; margin-bottom: 0.0001pt; text-align: justify; text-indent: 1cm; line-height: 15.75pt; background: white;\"><span style=\"font-family: Arial, sans-serif; color: #000000; background: white;\">Xocal\u0131 qurbanlar\u0131n\u0131n \u0259ziz xatir\u0259sinin daim b\u00f6y\u00fck ehtiramla an\u0131ld\u0131\u011f\u0131n\u0131 qeyd ed\u0259n V.V\u0259liyev b\u00fct\u00fcn \u015f\u0259hidl\u0259rimiz\u0259 r\u0259hm\u0259t, qazil\u0259rimiz\u0259 is\u0259 \u015f\u0259fa dil\u0259yib.<\/span><\/p>\n<p style=\"margin-top: 0cm; margin-right: 0cm; margin-bottom: 0.0001pt; text-align: justify; text-indent: 1cm; line-height: 15.75pt; background: white;\"><span style=\"font-family: Arial, sans-serif; color: #000000; background: white;\">T\u0259dbirin a\u00e7\u0131l\u0131\u015f\u0131nda \u00e7\u0131x\u0131\u015f ed\u0259n MDU-nun rektoru \u015e.Bayramov Xocal\u0131 Soyq\u0131r\u0131m\u0131n\u0131n otuzuncu ild\u00f6n\u00fcm\u00fc m\u00fcnasib\u0259til\u0259 \u00fc\u00e7t\u0259r\u0259fli formatda t\u0259\u015fkil edil\u0259n ortaq t\u0259dbirin t\u0259\u015fkilind\u0259 d\u0259st\u0259yi v\u0259 \u0259m\u0259yi olanlara, m\u0259ruz\u0259\u00e7il\u0259r\u0259 v\u0259 i\u015ftirak\u00e7\u0131lara t\u0259\u015f\u0259kk\u00fcr\u00fcn\u00fc \u00e7atd\u0131r\u0131b. <\/span><\/p>\n<p style=\"margin-top: 0cm; margin-right: 0cm; margin-bottom: 0.0001pt; text-align: justify; text-indent: 1cm; line-height: 15.75pt; background: white;\"><span style=\"font-family: Arial, sans-serif; color: #000000; background: white;\">N\u0259inki Az\u0259rbaycan xalq\u0131na, el\u0259c\u0259 d\u0259 b\u00fct\u00fcn b\u0259\u015f\u0259riyy\u0259t\u0259 qar\u015f\u0131 y\u00f6n\u0259ldilmi\u015f tarixi cinay\u0259t hesab edil\u0259n Xocal\u0131 faci\u0259sind\u0259n otuz il \u00f6td\u00fcy\u00fcn\u00fc qeyd ed\u0259n \u015e.Bayramov 1992-ci ilin fevral ay\u0131nda soyuq q\u0131\u015f gec\u0259sind\u0259 erm\u0259ni c\u0259lladlar\u0131n\u0131n x\u00fcsusi amans\u0131zl\u0131qla t\u00f6r\u0259tdikl\u0259ri q\u0259tliam\u0131 d\u00fcnya tarixind\u0259 ba\u015f vermi\u015f \u0259n q\u0259ddar soyq\u0131r\u0131m hadis\u0259l\u0259rind\u0259n biri kimi d\u0259y\u0259rl\u0259ndirib.<\/span><\/p>\n<p style=\"margin-top: 0cm; margin-right: 0cm; margin-bottom: 0.0001pt; text-align: justify; text-indent: 1cm; line-height: 15.75pt; background: white;\"><span style=\"font-family: Arial, sans-serif; color: #000000; background: white;\">M\u00f6ht\u0259r\u0259m Prezidentimiz, c\u0259nab \u0130lham \u018fliyevin m\u00fcvafiq S\u0259r\u0259ncam\u0131na uy\u011fun olaraq \u00f6lk\u0259mizd\u0259 Xocal\u0131 soyq\u0131r\u0131m\u0131n\u0131n otuzuncu ild\u00f6n\u00fcm\u00fcn\u0259 h\u0259sr olunan \u00e7oxlu sayda t\u0259dbirl\u0259rin h\u0259yata ke\u00e7irildiyini diqq\u0259t\u0259 \u00e7atd\u0131ran rektor ali t\u0259hsil m\u00fc\u0259ssis\u0259l\u0259rinin bu f\u0259aliyy\u0259tl\u0259rd\u0259 ver\u0259 bil\u0259c\u0259yi t\u00f6hf\u0259l\u0259rd\u0259n b\u0259hs edib v\u0259 t\u0259dbirin \u00f6n\u0259mini vur\u011fulay\u0131b.<\/span><\/p>\n<p style=\"margin-top: 0cm; margin-right: 0cm; margin-bottom: 0.0001pt; text-align: justify; text-indent: 1cm; line-height: 15.75pt; background: white;\"><span style=\"font-family: Arial, sans-serif; color: #000000; background: white;\">M\u00fcz\u0259ff\u0259r Ali Ba\u015f Komandan\u0131m\u0131z\u0131n r\u0259hb\u0259rliyi v\u0259 r\u0259\u015fad\u0259tli Az\u0259rbaycan \u018fsg\u0259rinin q\u0259hr\u0259manl\u0131\u011f\u0131 say\u0259sind\u0259 do\u011fma Qaraba\u011f\u0131n i\u015f\u011faldan azad edildiyini qeyd ed\u0259n \u015e.Bayramov Xocal\u0131 qurbanlar\u0131n\u0131n qanlar\u0131n\u0131n yerd\u0259 qalmad\u0131\u011f\u0131n\u0131, ruhlar\u0131n\u0131n \u015fad oldu\u011funu s\u00f6yl\u0259yib v\u0259 onlar\u0131n \u0259ziz xatir\u0259l\u0259rinin daim b\u00f6y\u00fck ehtiram v\u0259 r\u0259hm\u0259tl\u0259 yad edil\u0259c\u0259yini bildirib.<\/span><\/p>\n<p style=\"margin-top: 0cm; margin-right: 0cm; margin-bottom: 0.0001pt; text-align: justify; text-indent: 1cm; line-height: 15.75pt; background: white;\"><span style=\"font-family: Arial, sans-serif; color: #000000; background: white;\">T\u0259dbirin a\u00e7\u0131l\u0131\u015f\u0131nda \u00e7\u0131x\u0131\u015f ed\u0259n YTU-nun prorektoru Nur Bekiro\u011flu, ilk n\u00f6vb\u0259d\u0259, t\u0259msil etdiyi universitetin rektoru Tamer Y\u0131lmaz\u0131n salamlar\u0131n\u0131 \u00e7atd\u0131r\u0131b v\u0259 ortaq t\u0259dbirin ke\u00e7irilm\u0259sin\u0259 d\u0259st\u0259k g\u00f6st\u0259r\u0259n h\u0259r \u00fc\u00e7 universitetin r\u0259hb\u0259rliyin\u0259 v\u0259 \u0259m\u0259kda\u015flar\u0131na t\u0259\u015f\u0259kk\u00fcr\u00fcn\u00fc bildirib.<\/span><\/p>\n<p style=\"margin-top: 0cm; margin-right: 0cm; margin-bottom: 0.0001pt; text-align: justify; text-indent: 1cm; line-height: 15.75pt; background: white;\"><span style=\"font-family: Arial, sans-serif; color: #000000; background: white;\">T\u00fcrk d\u00fcnyas\u0131n\u0131n ulu \u00f6nd\u0259rl\u0259ri Mustafa Kamal Atat\u00fcrk\u00fcn \u201cAz\u0259rbaycan\u0131n sevinci bizim sevincimiz, k\u0259d\u0259ri bizim k\u0259d\u0259rimizdir\u201d v\u0259 Heyd\u0259r \u018fliyevin \u201cBiz bir mill\u0259t, iki d\u00f6vl\u0259tik\u201d k\u0259lamlar\u0131n\u0131 dil\u0259 g\u0259tir\u0259n N.Bekiro\u011flu bu fikirl\u0259rin T\u00fcrkiy\u0259 &#8211; Az\u0259rbaycan birliyinin v\u0259 qarda\u015fl\u0131\u011f\u0131n\u0131n r\u0259mzi oldu\u011funu s\u00f6yl\u0259yib. <\/span><\/p>\n<p style=\"margin-top: 0cm; margin-right: 0cm; margin-bottom: 0.0001pt; text-align: justify; text-indent: 1cm; line-height: 15.75pt; background: white;\"><span style=\"font-family: Arial, sans-serif; color: #000000; background: white;\">Otuz il \u0259vv\u0259l qarda\u015f az\u0259rbaycanl\u0131lara qar\u015f\u0131 q\u0259ddarcas\u0131na t\u00f6r\u0259dil\u0259n Xocal\u0131 soyq\u0131r\u0131m\u0131n\u0131n ac\u0131s\u0131na daim \u015f\u0259rik olduqlar\u0131n\u0131 bildir\u0259n prorektor ill\u0259r ke\u00e7s\u0259 d\u0259 bu d\u0259h\u015f\u0259tli faci\u0259nin he\u00e7 zaman unudulmayaca\u011f\u0131n\u0131, \u015f\u0259hidl\u0259rin \u0259ziz xatir\u0259sinin daim uca tutulaca\u011f\u0131n\u0131 v\u0259 sonsuz ehtiramla yad edil\u0259c\u0259yini bildirib. <\/span><\/p>\n<p style=\"margin-top: 0cm; margin-right: 0cm; margin-bottom: 0.0001pt; text-align: justify; text-indent: 1cm; line-height: 15.75pt; background: white;\"><span style=\"font-family: Arial, sans-serif; color: #000000; background: white;\">Universitetl\u0259r aras\u0131nda i\u015fbirliyinin yaln\u0131z akademik m\u00fcst\u0259vid\u0259 deyil, \u00fc\u00e7t\u0259r\u0259fli formatda ke\u00e7iril\u0259n bel\u0259 t\u0259dbirl\u0259rl\u0259 d\u0259 inki\u015faf etdirilm\u0259sini y\u00fcks\u0259k qiym\u0259tl\u0259ndir\u0259n N.Bekiro\u011flu \u0259m\u0259kda\u015fl\u0131\u011fa h\u0259r zaman a\u00e7\u0131q olduqlar\u0131n\u0131 diqq\u0259t\u0259 \u00e7atd\u0131r\u0131b.<\/span><\/p>\n<p style=\"margin-top: 0cm; margin-right: 0cm; margin-bottom: 0.0001pt; text-align: justify; text-indent: 1cm; line-height: 15.75pt; background: white;\"><span style=\"font-family: Arial, sans-serif; color: #000000; background: white;\">Sonra, proqrama uy\u011fun olaraq, MDU-nun rektorunun m\u00fc\u015faviri Hamiz Mahmudovun moderatorlu\u011fu il\u0259 \u00e7\u0131x\u0131\u015flara ba\u015flan\u0131l\u0131b. <\/span><\/p>\n<p style=\"margin-top: 0cm; margin-right: 0cm; margin-bottom: 0.0001pt; text-align: justify; text-indent: 1cm; line-height: 15.75pt; background: white;\"><span style=\"font-family: Arial, sans-serif; color: #000000; background: white;\">YTU-nun dosenti Yasin \u015eehito\u011flu \u201cXocal\u0131 soyq\u0131r\u0131m\u0131 b\u00fct\u00fcn t\u00fcrk d\u00fcnyas\u0131 \u00fc\u00e7\u00fcn n\u0259 ifad\u0259 edir?\u201d m\u00f6vzusunda, AzTU-nun professoru \u015eikar Qas\u0131mov \u201cXocal\u0131 soyq\u0131r\u0131m\u0131: t\u00fcrk-m\u00fcs\u0259lman q\u0259tliam\u0131\u201d m\u00f6vzusunda v\u0259 MDU-nun dosenti Esmira C\u0259f\u0259rova \u201cXocal\u0131 q\u0259tliam\u0131 t\u00fcrk mill\u0259tinin istiqlal\u0131na qar\u015f\u0131 sui-q\u0259sddir\u201d m\u00f6vzusunda \u00e7\u0131x\u0131\u015f edibl\u0259r.<\/span><\/p>\n<p style=\"margin-top: 0cm; margin-right: 0cm; margin-bottom: 0.0001pt; text-align: justify; text-indent: 1cm; line-height: 15.75pt; background: white;\"><span style=\"font-family: Arial, sans-serif; color: #000000;\">M\u00fczakir\u0259l\u0259rl\u0259 davam ed\u0259n t\u0259dbirin sonunda i\u015ftirak\u00e7\u0131lar bel\u0259 bir ortaq t\u0259dbirin ke\u00e7irilm\u0259sind\u0259 g\u00f6st\u0259rdikl\u0259ri d\u0259st\u0259y\u0259 g\u00f6r\u0259 h\u0259r \u00fc\u00e7 ali t\u0259hsil m\u00fc\u0259ssis\u0259sinin r\u0259hb\u0259rliyin\u0259 t\u0259\u015f\u0259kk\u00fcr\u00fcn\u00fc bildirib v\u0259 bu istiqam\u0259td\u0259 birg\u0259 f\u0259aliyy\u0259tin davaml\u0131l\u0131\u011f\u0131n\u0131 arzulay\u0131blar.<\/span><\/p>\n<p style=\"margin-top: 0cm; margin-right: 0cm; margin-bottom: 0.0001pt; text-align: justify; text-indent: 1cm; line-height: 15.75pt; background: white;\"><span style=\"font-family: Arial, sans-serif; color: #000000;\">Qeyd ed\u0259k ki, MDU-da Xocal\u0131 soyq\u0131r\u0131m\u0131n\u0131n otuzuncu ild\u00f6n\u00fcm\u00fcn\u0259 h\u0259sr olunan silsil\u0259 t\u0259dbirl\u0259r davam edir.<\/span><\/p>","protected":false},"excerpt":{"rendered":"<p>2022-ci ilin 24 fevral tarixind\u0259 Ming\u0259\u00e7evir D\u00f6vl\u0259t Universiteti (MDU), Az\u0259rbaycan Texniki Universiteti (AzTU) v\u0259 T\u00fcrkiy\u0259nin Y\u0131ld\u0131z Teknik Universitetinin (YTU) birg\u0259 t\u0259\u015fkilat\u00e7\u0131l\u0131\u011f\u0131 il\u0259 Xocal\u0131 soyq\u0131r\u0131m\u0131n\u0131n otuzuncu ild\u00f6n\u00fcm\u00fcn\u0259 h\u0259sr olunan an\u0131m t\u0259dbiri ke\u00e7irilib. \u201cZoom\u201d platformas\u0131 \u00fcz\u0259rind\u0259n onlayn formatda t\u0259\u015fkil edil\u0259n t\u0259dbird\u0259 h\u0259r \u00fc\u00e7 universitetin akademik v\u0259 inzibati hey\u0259t \u00fczvl\u0259ri, t\u0259l\u0259b\u0259, magistrant v\u0259 doktorantlar\u0131 i\u015ftirak edibl\u0259r. T\u0259dbirin a\u00e7\u0131l\u0131\u015f\u0131nda [&hellip;]<\/p>\n","protected":false},"author":1,"featured_media":21566,"comment_status":"open","ping_status":"open","sticky":false,"template":"","format":"gallery","meta":{"_eb_attr":"","ocean_post_layout":"","ocean_both_sidebars_style":"","ocean_both_sidebars_content_width":0,"ocean_both_sidebars_sidebars_width":0,"ocean_sidebar":"0","ocean_second_sidebar":"0","ocean_disable_margins":"enable","ocean_add_body_class":"","ocean_shortcode_before_top_bar":"","ocean_shortcode_after_top_bar":"","ocean_shortcode_before_header":"","ocean_shortcode_after_header":"","ocean_has_shortcode":"","ocean_shortcode_after_title":"","ocean_shortcode_before_footer_widgets":"","ocean_shortcode_after_footer_widgets":"","ocean_shortcode_before_footer_bottom":"","ocean_shortcode_after_footer_bottom":"","ocean_display_top_bar":"default","ocean_display_header":"default","ocean_header_style":"","ocean_center_header_left_menu":"0","ocean_custom_header_template":"0","ocean_custom_logo":0,"ocean_custom_retina_logo":0,"ocean_custom_logo_max_width":0,"ocean_custom_logo_tablet_max_width":0,"ocean_custom_logo_mobile_max_width":0,"ocean_custom_logo_max_height":0,"ocean_custom_logo_tablet_max_height":0,"ocean_custom_logo_mobile_max_height":0,"ocean_header_custom_menu":"0","ocean_menu_typo_font_family":"0","ocean_menu_typo_font_subset":"","ocean_menu_typo_font_size":0,"ocean_menu_typo_font_size_tablet":0,"ocean_menu_typo_font_size_mobile":0,"ocean_menu_typo_font_size_unit":"px","ocean_menu_typo_font_weight":"","ocean_menu_typo_font_weight_tablet":"","ocean_menu_typo_font_weight_mobile":"","ocean_menu_typo_transform":"","ocean_menu_typo_transform_tablet":"","ocean_menu_typo_transform_mobile":"","ocean_menu_typo_line_height":0,"ocean_menu_typo_line_height_tablet":0,"ocean_menu_typo_line_height_mobile":0,"ocean_menu_typo_line_height_unit":"","ocean_menu_typo_spacing":0,"ocean_menu_typo_spacing_tablet":0,"ocean_menu_typo_spacing_mobile":0,"ocean_menu_typo_spacing_unit":"","ocean_menu_link_color":"","ocean_menu_link_color_hover":"","ocean_menu_link_color_active":"","ocean_menu_link_background":"","ocean_menu_link_hover_background":"","ocean_menu_link_active_background":"","ocean_menu_social_links_bg":"","ocean_menu_social_hover_links_bg":"","ocean_menu_social_links_color":"","ocean_menu_social_hover_links_color":"","ocean_disable_title":"default","ocean_disable_heading":"default","ocean_post_title":"","ocean_post_subheading":"","ocean_post_title_style":"","ocean_post_title_background_color":"","ocean_post_title_background":0,"ocean_post_title_bg_image_position":"","ocean_post_title_bg_image_attachment":"","ocean_post_title_bg_image_repeat":"","ocean_post_title_bg_image_size":"","ocean_post_title_height":0,"ocean_post_title_bg_overlay":0.5,"ocean_post_title_bg_overlay_color":"","ocean_disable_breadcrumbs":"default","ocean_breadcrumbs_color":"","ocean_breadcrumbs_separator_color":"","ocean_breadcrumbs_links_color":"","ocean_breadcrumbs_links_hover_color":"","ocean_display_footer_widgets":"default","ocean_display_footer_bottom":"default","ocean_custom_footer_template":"0","ocean_post_oembed":"","ocean_post_self_hosted_media":"","ocean_post_video_embed":"","ocean_link_format":"","ocean_link_format_target":"self","ocean_quote_format":"","ocean_quote_format_link":"post","ocean_gallery_link_images":"on","ocean_gallery_id":[21556,21557,21558,21559,21560,21561,21562,21564,21565],"footnotes":""},"categories":[43],"tags":[],"class_list":["post-16317","post","type-post","status-publish","format-gallery","has-post-thumbnail","hentry","category-tedbirler","post_format-post-format-gallery","entry","has-media"],"_links":{"self":[{"href":"https:\/\/mdu.edu.az\/ru\/wp-json\/wp\/v2\/posts\/16317","targetHints":{"allow":["GET"]}}],"collection":[{"href":"https:\/\/mdu.edu.az\/ru\/wp-json\/wp\/v2\/posts"}],"about":[{"href":"https:\/\/mdu.edu.az\/ru\/wp-json\/wp\/v2\/types\/post"}],"author":[{"embeddable":true,"href":"https:\/\/mdu.edu.az\/ru\/wp-json\/wp\/v2\/users\/1"}],"replies":[{"embeddable":true,"href":"https:\/\/mdu.edu.az\/ru\/wp-json\/wp\/v2\/comments?post=16317"}],"version-history":[{"count":1,"href":"https:\/\/mdu.edu.az\/ru\/wp-json\/wp\/v2\/posts\/16317\/revisions"}],"predecessor-version":[{"id":21555,"href":"https:\/\/mdu.edu.az\/ru\/wp-json\/wp\/v2\/posts\/16317\/revisions\/21555"}],"wp:featuredmedia":[{"embeddable":true,"href":"https:\/\/mdu.edu.az\/ru\/wp-json\/wp\/v2\/media\/21566"}],"wp:attachment":[{"href":"https:\/\/mdu.edu.az\/ru\/wp-json\/wp\/v2\/media?parent=16317"}],"wp:term":[{"taxonomy":"category","embeddable":true,"href":"https:\/\/mdu.edu.az\/ru\/wp-json\/wp\/v2\/categories?post=16317"},{"taxonomy":"post_tag","embeddable":true,"href":"https:\/\/mdu.edu.az\/ru\/wp-json\/wp\/v2\/tags?post=16317"}],"curies":[{"name":"wp","href":"https:\/\/api.w.org\/{rel}","templated":true}]}}