{"id":42790,"date":"2023-01-18T20:17:37","date_gmt":"2023-01-18T17:17:37","guid":{"rendered":"https:\/\/mdu.edu.az\/?p=42790"},"modified":"2023-01-24T09:15:28","modified_gmt":"2023-01-24T06:15:28","slug":"20_yanvar_konfrans_18-01-2023","status":"publish","type":"post","link":"https:\/\/mdu.edu.az\/ru\/20_yanvar_konfrans_18-01-2023\/","title":{"rendered":"20 Yanvar- \u00dcmumxalq H\u00fczn G\u00fcn\u00fcn\u0259 h\u0259sr olunan elmi konfrans ke\u00e7irilib"},"content":{"rendered":"<p>2023-c\u00fc ilin 18 yanvar tarixind\u0259 Ming\u0259\u00e7evir D\u00f6vl\u0259t Universitetind\u0259 (MDU) \u00dcmumxalq H\u00fczn G\u00fcn\u00fcn\u0259 h\u0259sr olunmu\u015f \u201c20 Yanvar h\u0259qiq\u0259tl\u0259rinin ictimaiyy\u0259t\u0259 \u00e7atd\u0131r\u0131lmas\u0131nda \u00fcmummilli lider Heyd\u0259r \u018fliyevin rolu\u201d m\u00f6vzusunda elmi konfrans ke\u00e7irilib. Konfransda universitetin akademik v\u0259 inzibati hey\u0259ti \u00fczvl\u0259ri, t\u0259l\u0259b\u0259 v\u0259 magistrantlar i\u015ftirak edibl\u0259r.<\/p>\n\n\n\n<p>\u018fvv\u0259lc\u0259, \u00f6lk\u0259mizin m\u00fcst\u0259qilliyi u\u011frunda can\u0131ndan ke\u00e7\u0259n \u015f\u0259hidl\u0259rin \u0259ziz xatir\u0259si bir d\u0259qiq\u0259lik s\u00fckutla yad edilib v\u0259 Az\u0259rbaycan\u0131n D\u00f6vl\u0259t Himni s\u0259sl\u0259ndirilib.<\/p>\n\n\n\n<p>Konfrans\u0131n a\u00e7\u0131l\u0131\u015f\u0131nda \u00e7\u0131x\u0131\u015f ed\u0259n MDU-nun rektoru \u015eahin Bayramov bildirib ki, 1990-c\u0131 ilin yanvar\u0131n 19-dan 20-n\u0259 ke\u00e7\u0259n gec\u0259 sovet ordusunun a\u011f\u0131r texnikalardan istifad\u0259 ed\u0259r\u0259k Bak\u0131da dinc \u0259haliy\u0259 qar\u015f\u0131 x\u00fcsusi q\u0259ddarl\u0131qla t\u00f6r\u0259tdiyi q\u0259tliam xalq\u0131m\u0131z\u0131n yadda\u015f\u0131nda silinm\u0259z izl\u0259r burax\u0131b. Qanl\u0131 yanvar faci\u0259sinin tariximizin \u015f\u0259r\u0259f v\u0259 q\u0259hr\u0259manl\u0131q s\u0259hif\u0259si oldu\u011funu qeyd ed\u0259n rektor vur\u011fulay\u0131b ki, o vaxtki erm\u0259nip\u0259r\u0259st sovet r\u0259hb\u0259rliyinin insanl\u0131q \u0259leyhin\u0259 b\u00fct\u00fcn cinay\u0259tkar c\u0259hdl\u0259rin\u0259 baxmayaraq, xalq\u0131m\u0131z\u0131n irad\u0259sini sars\u0131tmaq v\u0259 azadl\u0131q u\u011frunda m\u00fcbariz\u0259sini dayand\u0131rmaq m\u00fcmk\u00fcn olmad\u0131. \u018fksin\u0259, co\u011frafi miqyas\u0131 daha da geni\u015fl\u0259n\u0259n azadl\u0131q h\u0259r\u0259kat\u0131 dal\u011fas\u0131 tezlikl\u0259 sovet imperiyas\u0131n\u0131n da\u011f\u0131lmas\u0131na s\u0259b\u0259b oldu v\u0259 \u00f6lk\u0259miz \u00f6z m\u00fcst\u0259qilliyin\u0259 qovu\u015fdu.<\/p>\n\n\n\n<p>Tarixin \u0259n a\u011f\u0131r v\u0259 \u00e7\u0259tin g\u00fcnl\u0259rind\u0259 ulu \u00f6nd\u0259r Heyd\u0259r \u018fliyevin h\u0259r zaman do\u011fma xalq\u0131 il\u0259 h\u0259mr\u0259y oldu\u011funu bildir\u0259n \u015e.Bayramov qeyd edib ki, faci\u0259d\u0259n d\u0259rhal sonra \u00dcmummilli Liderin Az\u0259rbaycan\u0131n Moskvadak\u0131 daimi n\u00fcmay\u0259nd\u0259liyin\u0259 g\u0259l\u0259r\u0259k t\u00f6r\u0259dilmi\u015f q\u0131r\u011f\u0131na g\u00f6r\u0259 sovet r\u0259hb\u0259rliyin\u0259 k\u0259skin etiraz\u0131n\u0131 bildirm\u0259si v\u0259 cinay\u0259tkarlar\u0131n layiqinc\u0259 c\u0259zaland\u0131r\u0131lmas\u0131n\u0131 t\u0259l\u0259b etm\u0259si d\u00f6vr\u00fcn \u0259n c\u0259sar\u0259tli add\u0131mlar\u0131ndand\u0131r. 20 Yanvar faci\u0259sin\u0259 siyasi-h\u00fcquqi qiym\u0259tin verilm\u0259si d\u0259 m\u0259hz \u0259b\u0259diya\u015far lider Heyd\u0259r \u018fliyevin ad\u0131 il\u0259 ba\u011fl\u0131d\u0131r.<\/p>\n\n\n\n<p>Haz\u0131rda Ulu \u00d6nd\u0259rin m\u00fc\u0259yy\u0259n etdiyi siyasi kursun layiqli \u015f\u0259kild\u0259 davam etdirilm\u0259sind\u0259n b\u0259hs ed\u0259n rektor, m\u00fcz\u0259ff\u0259r Ali Ba\u015f Komandan\u0131m\u0131z \u0130lham \u018fliyevin q\u0259tiyy\u0259tli r\u0259hb\u0259rliyi v\u0259 r\u0259\u015fad\u0259tli Az\u0259rbaycan Ordusunun yenilm\u0259z g\u00fcc\u00fc say\u0259sind\u0259 qazan\u0131lan tarixi Z\u0259f\u0259rd\u0259n sonra b\u00fct\u00fcn \u015f\u0259hidl\u0259rin ruhunun \u015fad oldu\u011funu vur\u011fulay\u0131b.<\/p>\n\n\n\n<p>Xalq\u0131m\u0131z\u0131n m\u00fcbarizlik, yenilm\u0259zlik v\u0259 q\u0259hr\u0259manl\u0131q n\u00fcmun\u0259l\u0259rini \u00f6z\u00fcnd\u0259 ehtiva ed\u0259n 20 yanvar tarixinin mahiyy\u0259ti v\u0259 \u00f6n\u0259mi bar\u0259d\u0259 g\u0259nc n\u0259slin maarifl\u0259ndirilm\u0259sinin z\u0259ruriliyini diqq\u0259t\u0259 \u00e7atd\u0131ran \u015e.Bayramov, bu bax\u0131mdan elmi konfrans\u0131n m\u00fch\u00fcm \u0259h\u0259miyy\u0259t k\u0259sb etdiyini deyib.<\/p>\n\n\n\n<p>Sonra, konfrans\u0131n proqram\u0131na uy\u011fun olaraq m\u0259ruz\u0259l\u0259r dinl\u0259nilib. MDU-nun \u0259m\u0259kda\u015flar\u0131ndan Mirz\u0259 Cavadov \u201cXalq\u0131n\u0131n faci\u0259sini d\u00fcnyaya b\u0259yan ed\u0259n c\u0259sar\u0259tli lider\u201d, Anar \u0130smay\u0131lov \u201c20 Yanvar Az\u0259rbaycan tarxininin \u015f\u0259r\u0259f v\u0259 q\u0259hr\u0259manl\u0131q s\u0259hif\u0259sidir\u201d, Leyla Babayeva \u201cM\u00fcst\u0259qillik yolunun ilk zirv\u0259si \u2013 1990-c\u0131 ilin 20 yanvar\u0131\u201d, F\u0259xriyy\u0259 \u0130sayeva&nbsp; \u201c20 Yanvar faci\u0259si b\u0259dii \u0259d\u0259biyyatda\u201d, S\u0259nan Mehdi \u201cSovet d\u00f6n\u0259mind\u0259 Rusiyan\u0131n Qafqaz siyas\u0259ti\u201d v\u0259 Minay\u0259 H\u00fcseynova \u201c20 Yanvar hadis\u0259l\u0259rinin g\u0259ncl\u0259rin v\u0259t\u0259np\u0259rv\u0259rlik t\u0259rbiy\u0259sind\u0259 rolu\u201d m\u00f6vzusunda m\u0259ruz\u0259l\u0259rl\u0259 \u00e7\u0131x\u0131\u015f edibl\u0259r.<\/p>\n\n\n\n<p>M\u0259ruz\u0259l\u0259r \u0259traf\u0131nda apar\u0131lan m\u00fczakir\u0259l\u0259rd\u0259n sonra, konfransda 20 Yanvar hadis\u0259l\u0259rin\u0259 h\u0259sr olunan video\u00e7arx n\u00fcmayi\u015f olunub.<\/p>\n\n\n\n<p>Qeyd ed\u0259k ki, MDU-da 20 Yanvar faci\u0259sinin 33-c\u00fc ild\u00f6n\u00fcm\u00fcn\u0259 h\u0259sr edil\u0259n m\u00fcxt\u0259lif formatl\u0131 silsil\u0259vi t\u0259dbirl\u0259r ke\u00e7irilir.<\/p>","protected":false},"excerpt":{"rendered":"<p>2023-c\u00fc ilin 18 yanvar tarixind\u0259 Ming\u0259\u00e7evir D\u00f6vl\u0259t Universitetind\u0259 (MDU) \u00dcmumxalq H\u00fczn G\u00fcn\u00fcn\u0259 h\u0259sr olunmu\u015f \u201c20 Yanvar h\u0259qiq\u0259tl\u0259rinin ictimaiyy\u0259t\u0259 \u00e7atd\u0131r\u0131lmas\u0131nda \u00fcmummilli lider Heyd\u0259r \u018fliyevin rolu\u201d m\u00f6vzusunda elmi konfrans ke\u00e7irilib. Konfransda universitetin akademik v\u0259 inzibati hey\u0259ti \u00fczvl\u0259ri, t\u0259l\u0259b\u0259 v\u0259 magistrantlar i\u015ftirak edibl\u0259r. \u018fvv\u0259lc\u0259, \u00f6lk\u0259mizin m\u00fcst\u0259qilliyi u\u011frunda can\u0131ndan ke\u00e7\u0259n \u015f\u0259hidl\u0259rin \u0259ziz xatir\u0259si bir d\u0259qiq\u0259lik s\u00fckutla yad edilib v\u0259 [&hellip;]<\/p>\n","protected":false},"author":2,"featured_media":42791,"comment_status":"closed","ping_status":"closed","sticky":false,"template":"","format":"gallery","meta":{"_eb_attr":"","ocean_post_layout":"","ocean_both_sidebars_style":"","ocean_both_sidebars_content_width":0,"ocean_both_sidebars_sidebars_width":0,"ocean_sidebar":"","ocean_second_sidebar":"","ocean_disable_margins":"enable","ocean_add_body_class":"","ocean_shortcode_before_top_bar":"","ocean_shortcode_after_top_bar":"","ocean_shortcode_before_header":"","ocean_shortcode_after_header":"","ocean_has_shortcode":"","ocean_shortcode_after_title":"","ocean_shortcode_before_footer_widgets":"","ocean_shortcode_after_footer_widgets":"","ocean_shortcode_before_footer_bottom":"","ocean_shortcode_after_footer_bottom":"","ocean_display_top_bar":"default","ocean_display_header":"default","ocean_header_style":"","ocean_center_header_left_menu":"","ocean_custom_header_template":"","ocean_custom_logo":0,"ocean_custom_retina_logo":0,"ocean_custom_logo_max_width":0,"ocean_custom_logo_tablet_max_width":0,"ocean_custom_logo_mobile_max_width":0,"ocean_custom_logo_max_height":0,"ocean_custom_logo_tablet_max_height":0,"ocean_custom_logo_mobile_max_height":0,"ocean_header_custom_menu":"","ocean_menu_typo_font_family":"","ocean_menu_typo_font_subset":"","ocean_menu_typo_font_size":0,"ocean_menu_typo_font_size_tablet":0,"ocean_menu_typo_font_size_mobile":0,"ocean_menu_typo_font_size_unit":"px","ocean_menu_typo_font_weight":"","ocean_menu_typo_font_weight_tablet":"","ocean_menu_typo_font_weight_mobile":"","ocean_menu_typo_transform":"","ocean_menu_typo_transform_tablet":"","ocean_menu_typo_transform_mobile":"","ocean_menu_typo_line_height":0,"ocean_menu_typo_line_height_tablet":0,"ocean_menu_typo_line_height_mobile":0,"ocean_menu_typo_line_height_unit":"","ocean_menu_typo_spacing":0,"ocean_menu_typo_spacing_tablet":0,"ocean_menu_typo_spacing_mobile":0,"ocean_menu_typo_spacing_unit":"","ocean_menu_link_color":"","ocean_menu_link_color_hover":"","ocean_menu_link_color_active":"","ocean_menu_link_background":"","ocean_menu_link_hover_background":"","ocean_menu_link_active_background":"","ocean_menu_social_links_bg":"","ocean_menu_social_hover_links_bg":"","ocean_menu_social_links_color":"","ocean_menu_social_hover_links_color":"","ocean_disable_title":"default","ocean_disable_heading":"default","ocean_post_title":"","ocean_post_subheading":"","ocean_post_title_style":"","ocean_post_title_background_color":"","ocean_post_title_background":0,"ocean_post_title_bg_image_position":"","ocean_post_title_bg_image_attachment":"","ocean_post_title_bg_image_repeat":"","ocean_post_title_bg_image_size":"","ocean_post_title_height":0,"ocean_post_title_bg_overlay":0.5,"ocean_post_title_bg_overlay_color":"","ocean_disable_breadcrumbs":"default","ocean_breadcrumbs_color":"","ocean_breadcrumbs_separator_color":"","ocean_breadcrumbs_links_color":"","ocean_breadcrumbs_links_hover_color":"","ocean_display_footer_widgets":"default","ocean_display_footer_bottom":"default","ocean_custom_footer_template":"","ocean_post_oembed":"","ocean_post_self_hosted_media":"","ocean_post_video_embed":"","ocean_link_format":"","ocean_link_format_target":"self","ocean_quote_format":"","ocean_quote_format_link":"post","ocean_gallery_link_images":"on","ocean_gallery_id":[42791,42792,42793,42794,42795,42796,42797,42798,42799,42800,42801,42802,42803,42804,42805],"footnotes":""},"categories":[122],"tags":[],"class_list":["post-42790","post","type-post","status-publish","format-gallery","has-post-thumbnail","hentry","category-heydr-liyev-100-il","post_format-post-format-gallery","entry","has-media"],"_links":{"self":[{"href":"https:\/\/mdu.edu.az\/ru\/wp-json\/wp\/v2\/posts\/42790","targetHints":{"allow":["GET"]}}],"collection":[{"href":"https:\/\/mdu.edu.az\/ru\/wp-json\/wp\/v2\/posts"}],"about":[{"href":"https:\/\/mdu.edu.az\/ru\/wp-json\/wp\/v2\/types\/post"}],"author":[{"embeddable":true,"href":"https:\/\/mdu.edu.az\/ru\/wp-json\/wp\/v2\/users\/2"}],"replies":[{"embeddable":true,"href":"https:\/\/mdu.edu.az\/ru\/wp-json\/wp\/v2\/comments?post=42790"}],"version-history":[{"count":1,"href":"https:\/\/mdu.edu.az\/ru\/wp-json\/wp\/v2\/posts\/42790\/revisions"}],"predecessor-version":[{"id":42806,"href":"https:\/\/mdu.edu.az\/ru\/wp-json\/wp\/v2\/posts\/42790\/revisions\/42806"}],"wp:featuredmedia":[{"embeddable":true,"href":"https:\/\/mdu.edu.az\/ru\/wp-json\/wp\/v2\/media\/42791"}],"wp:attachment":[{"href":"https:\/\/mdu.edu.az\/ru\/wp-json\/wp\/v2\/media?parent=42790"}],"wp:term":[{"taxonomy":"category","embeddable":true,"href":"https:\/\/mdu.edu.az\/ru\/wp-json\/wp\/v2\/categories?post=42790"},{"taxonomy":"post_tag","embeddable":true,"href":"https:\/\/mdu.edu.az\/ru\/wp-json\/wp\/v2\/tags?post=42790"}],"curies":[{"name":"wp","href":"https:\/\/api.w.org\/{rel}","templated":true}]}}