{"id":45972,"date":"2023-03-13T13:46:38","date_gmt":"2023-03-13T10:46:38","guid":{"rendered":"https:\/\/mdu.edu.az\/?p=45972"},"modified":"2023-03-13T13:47:05","modified_gmt":"2023-03-13T10:47:05","slug":"konfrans_13-03-2023","status":"publish","type":"post","link":"https:\/\/mdu.edu.az\/ru\/konfrans_13-03-2023\/","title":{"rendered":"&#8220;Heyd\u0259r \u018fliyev \u0130li\u201d \u00e7\u0259r\u00e7iv\u0259sind\u0259 \u201cElm G\u00fcn\u00fc\u201dn\u0259 h\u0259sr olunmu\u015f t\u0259l\u0259b\u0259 elmi konfrans\u0131 ke\u00e7irilib"},"content":{"rendered":"<p>2023-c\u00fc ilin mart\u0131n 10-da Ming\u0259\u00e7evir D\u00f6vl\u0259t Universitetinin (MDU) T\u0259hsil fak\u00fclt\u0259sind\u0259 \u201cHeyd\u0259r \u018fliyev \u0130li\u201d \u00e7\u0259r\u00e7iv\u0259sind\u0259 \u201cElm G\u00fcn\u00fc\u201dn\u0259 h\u0259sr olunmu\u015f T\u0259l\u0259b\u0259 Elmi C\u0259miyy\u0259tinin XV elmi konfrans\u0131 ke\u00e7irilib. Konfransda fak\u00fclt\u0259nin bir qrup akademik v\u0259 inzibati hey\u0259t \u00fczv\u00fc, t\u0259l\u0259b\u0259 v\u0259 magistrantlar i\u015ftirak edibl\u0259r.<\/p>\n\n\n\n<p>Konfrans\u0131n a\u00e7\u0131l\u0131\u015f\u0131nda fak\u00fclt\u0259nin dekan\u0131 Nizami Zeynalov \u00e7\u0131x\u0131\u015f ed\u0259r\u0259k Az\u0259rbaycanda elm v\u0259 t\u0259hsilin inki\u015faf\u0131nda \u00fcmummilli lider Heyd\u0259r \u018fliyevin misilsiz xidm\u0259tl\u0259rind\u0259n b\u0259hs edib v\u0259 son d\u00f6vrd\u0259 s\u00f6z\u00fcged\u0259n sah\u0259l\u0259rd\u0259 h\u0259yata ke\u00e7iril\u0259n islahatlar\u0131n \u0259h\u0259miyy\u0259tli n\u0259tic\u0259l\u0259rind\u0259n dan\u0131\u015f\u0131b. Haz\u0131rda MDU-da t\u0259l\u0259b\u0259l\u0259rin elm\u0259 mara\u011f\u0131n\u0131n getdikc\u0259 artmas\u0131ndan v\u0259 universitetd\u0259 t\u0259\u015fkil edil\u0259n m\u00fcxt\u0259lif formatl\u0131 elmi t\u0259dbirl\u0259r\u0259 f\u0259al qo\u015fulmas\u0131ndan m\u0259mnunlu\u011funu ifad\u0259 ed\u0259n dekan t\u0259l\u0259b\u0259 elmi konfrans\u0131n\u0131n \u00f6n\u0259mini vur\u011fulay\u0131b v\u0259 i\u015ftirak\u00e7\u0131lara u\u011furlar arzulay\u0131b.<\/p>\n\n\n\n<p>Sonra t\u0259l\u0259b\u0259l\u0259rin m\u0259ruz\u0259l\u0259ri dinl\u0259nilib. MDU-nun T\u0259hsil fak\u00fclt\u0259sinin t\u0259l\u0259b\u0259l\u0259rind\u0259n Q\u0259nir\u0259 H\u00fcseynova \u201c\u00dcmummilli lider Heyd\u0259r \u018fliyev v\u0259 Az\u0259rbaycan dili\u201d, Aysel R\u0259himli \u201cAz\u0259rbaycan\u0131n tarixi irsinin qorunmas\u0131nda Heyd\u0259r \u018fliyev fenomeninin rolu\u201d, Z\u0259hraxan\u0131m Seyidova \u201cHeyd\u0259r \u018fliyevin Prezidentliyi d\u00f6vr\u00fcnd\u0259 Az\u0259rbaycanda m\u0259kt\u0259b\u0259q\u0259d\u0259r t\u0259hsilin inki\u015faf\u0131\u201d, M\u0259din\u0259 \u018fliyeva \u201cHeyd\u0259r \u018fliyev v\u0259 Az\u0259rbaycan\u0131n xaricd\u0259 t\u0259hsil strategiyas\u0131\u201d, G\u00fclay C\u0259f\u0259rzad\u0259 \u201cHeyd\u0259r \u018fliyev fenomeni v\u0259 milli \u0259d\u0259biyyat\u0131m\u0131z\u201d, Raya Qas\u0131mzad\u0259 \u201cAz\u0259rbaycanda g\u0259ncl\u0259r siyas\u0259tinin formala\u015fmas\u0131nda Heyd\u0259r \u018fliyev fenomeninin rolu\u201d v\u0259 P\u0259nah K\u0259rimov \u201cHeyd\u0259r \u018fliyev ideyalar\u0131ndan g\u00fcc alan g\u0259ncliyimiz\u201d m\u00f6vzular\u0131nda m\u0259ruz\u0259l\u0259rl\u0259 \u00e7\u0131x\u0131\u015f edibl\u0259r. M\u0259ruz\u0259l\u0259r i\u015ftirak\u00e7\u0131lar t\u0259r\u0259find\u0259n maraqla qar\u015f\u0131lan\u0131b.<\/p>\n\n\n\n<p>Daha sonra, MDU-nun Elm v\u0259 innovasiyalar \u015f\u00f6b\u0259sinin m\u00fcdiri V\u00fcqar Mustafayev &nbsp;v\u0259 TEC-in s\u0259dri G\u00fcn\u0259\u015f \u015e\u0259faq\u0259tov \u00e7\u0131x\u015f ed\u0259r\u0259k Ulu \u00d6nd\u0259rin z\u0259ngin irsinin \u00f6yr\u0259nilm\u0259si istiqam\u0259tind\u0259 t\u0259l\u0259b\u0259l\u0259rin apard\u0131qlar\u0131 t\u0259dqiqatlar\u0131n v\u0259 t\u0259qdim etdikl\u0259ri m\u0259ruz\u0259l\u0259rin t\u0259qdir\u0259layiq oldu\u011funu bildiribl\u0259r.<\/p>\n\n\n\n<p>Sonda, T\u0259hsil fak\u00fclt\u0259sinin \u0259vv\u0259lki elmi konfrans\u0131nda f\u0259al i\u015ftirak etmi\u015f t\u0259l\u0259b\u0259l\u0259rin\u0259 m\u00fcvafiq sertifikatlar t\u0259qdim edilib. Qeyd ed\u0259k ki, \u201cHeyd\u0259r \u018fliyev \u0130li\u201d \u00e7\u0259r\u00e7iv\u0259sind\u0259 MDU-da m\u00fcxt\u0259lif formatl\u0131 t\u0259dbirl\u0259r h\u0259yata ke\u00e7irilir.<\/p>","protected":false},"excerpt":{"rendered":"<p>2023-c\u00fc ilin mart\u0131n 10-da Ming\u0259\u00e7evir D\u00f6vl\u0259t Universitetinin (MDU) T\u0259hsil fak\u00fclt\u0259sind\u0259 \u201cHeyd\u0259r \u018fliyev \u0130li\u201d \u00e7\u0259r\u00e7iv\u0259sind\u0259 \u201cElm G\u00fcn\u00fc\u201dn\u0259 h\u0259sr olunmu\u015f T\u0259l\u0259b\u0259 Elmi C\u0259miyy\u0259tinin XV elmi konfrans\u0131 ke\u00e7irilib. Konfransda fak\u00fclt\u0259nin bir qrup akademik v\u0259 inzibati hey\u0259t \u00fczv\u00fc, t\u0259l\u0259b\u0259 v\u0259 magistrantlar i\u015ftirak edibl\u0259r. Konfrans\u0131n a\u00e7\u0131l\u0131\u015f\u0131nda fak\u00fclt\u0259nin dekan\u0131 Nizami Zeynalov \u00e7\u0131x\u0131\u015f ed\u0259r\u0259k Az\u0259rbaycanda elm v\u0259 t\u0259hsilin inki\u015faf\u0131nda \u00fcmummilli lider Heyd\u0259r [&hellip;]<\/p>\n","protected":false},"author":2,"featured_media":45975,"comment_status":"closed","ping_status":"closed","sticky":false,"template":"","format":"gallery","meta":{"_eb_attr":"","ocean_post_layout":"","ocean_both_sidebars_style":"","ocean_both_sidebars_content_width":0,"ocean_both_sidebars_sidebars_width":0,"ocean_sidebar":"","ocean_second_sidebar":"","ocean_disable_margins":"enable","ocean_add_body_class":"","ocean_shortcode_before_top_bar":"","ocean_shortcode_after_top_bar":"","ocean_shortcode_before_header":"","ocean_shortcode_after_header":"","ocean_has_shortcode":"","ocean_shortcode_after_title":"","ocean_shortcode_before_footer_widgets":"","ocean_shortcode_after_footer_widgets":"","ocean_shortcode_before_footer_bottom":"","ocean_shortcode_after_footer_bottom":"","ocean_display_top_bar":"default","ocean_display_header":"default","ocean_header_style":"","ocean_center_header_left_menu":"","ocean_custom_header_template":"","ocean_custom_logo":0,"ocean_custom_retina_logo":0,"ocean_custom_logo_max_width":0,"ocean_custom_logo_tablet_max_width":0,"ocean_custom_logo_mobile_max_width":0,"ocean_custom_logo_max_height":0,"ocean_custom_logo_tablet_max_height":0,"ocean_custom_logo_mobile_max_height":0,"ocean_header_custom_menu":"","ocean_menu_typo_font_family":"","ocean_menu_typo_font_subset":"","ocean_menu_typo_font_size":0,"ocean_menu_typo_font_size_tablet":0,"ocean_menu_typo_font_size_mobile":0,"ocean_menu_typo_font_size_unit":"px","ocean_menu_typo_font_weight":"","ocean_menu_typo_font_weight_tablet":"","ocean_menu_typo_font_weight_mobile":"","ocean_menu_typo_transform":"","ocean_menu_typo_transform_tablet":"","ocean_menu_typo_transform_mobile":"","ocean_menu_typo_line_height":0,"ocean_menu_typo_line_height_tablet":0,"ocean_menu_typo_line_height_mobile":0,"ocean_menu_typo_line_height_unit":"","ocean_menu_typo_spacing":0,"ocean_menu_typo_spacing_tablet":0,"ocean_menu_typo_spacing_mobile":0,"ocean_menu_typo_spacing_unit":"","ocean_menu_link_color":"","ocean_menu_link_color_hover":"","ocean_menu_link_color_active":"","ocean_menu_link_background":"","ocean_menu_link_hover_background":"","ocean_menu_link_active_background":"","ocean_menu_social_links_bg":"","ocean_menu_social_hover_links_bg":"","ocean_menu_social_links_color":"","ocean_menu_social_hover_links_color":"","ocean_disable_title":"default","ocean_disable_heading":"default","ocean_post_title":"","ocean_post_subheading":"","ocean_post_title_style":"","ocean_post_title_background_color":"","ocean_post_title_background":0,"ocean_post_title_bg_image_position":"","ocean_post_title_bg_image_attachment":"","ocean_post_title_bg_image_repeat":"","ocean_post_title_bg_image_size":"","ocean_post_title_height":0,"ocean_post_title_bg_overlay":0.5,"ocean_post_title_bg_overlay_color":"","ocean_disable_breadcrumbs":"default","ocean_breadcrumbs_color":"","ocean_breadcrumbs_separator_color":"","ocean_breadcrumbs_links_color":"","ocean_breadcrumbs_links_hover_color":"","ocean_display_footer_widgets":"default","ocean_display_footer_bottom":"default","ocean_custom_footer_template":"","ocean_post_oembed":"","ocean_post_self_hosted_media":"","ocean_post_video_embed":"","ocean_link_format":"","ocean_link_format_target":"self","ocean_quote_format":"","ocean_quote_format_link":"post","ocean_gallery_link_images":"on","ocean_gallery_id":[45973,45989,45974,45975,45976,45977,45978,45979,45980,45981,45982,45983,45984,45985,45986,45987,45988],"footnotes":""},"categories":[122],"tags":[],"class_list":["post-45972","post","type-post","status-publish","format-gallery","has-post-thumbnail","hentry","category-heydr-liyev-100-il","post_format-post-format-gallery","entry","has-media"],"_links":{"self":[{"href":"https:\/\/mdu.edu.az\/ru\/wp-json\/wp\/v2\/posts\/45972","targetHints":{"allow":["GET"]}}],"collection":[{"href":"https:\/\/mdu.edu.az\/ru\/wp-json\/wp\/v2\/posts"}],"about":[{"href":"https:\/\/mdu.edu.az\/ru\/wp-json\/wp\/v2\/types\/post"}],"author":[{"embeddable":true,"href":"https:\/\/mdu.edu.az\/ru\/wp-json\/wp\/v2\/users\/2"}],"replies":[{"embeddable":true,"href":"https:\/\/mdu.edu.az\/ru\/wp-json\/wp\/v2\/comments?post=45972"}],"version-history":[{"count":2,"href":"https:\/\/mdu.edu.az\/ru\/wp-json\/wp\/v2\/posts\/45972\/revisions"}],"predecessor-version":[{"id":45991,"href":"https:\/\/mdu.edu.az\/ru\/wp-json\/wp\/v2\/posts\/45972\/revisions\/45991"}],"wp:featuredmedia":[{"embeddable":true,"href":"https:\/\/mdu.edu.az\/ru\/wp-json\/wp\/v2\/media\/45975"}],"wp:attachment":[{"href":"https:\/\/mdu.edu.az\/ru\/wp-json\/wp\/v2\/media?parent=45972"}],"wp:term":[{"taxonomy":"category","embeddable":true,"href":"https:\/\/mdu.edu.az\/ru\/wp-json\/wp\/v2\/categories?post=45972"},{"taxonomy":"post_tag","embeddable":true,"href":"https:\/\/mdu.edu.az\/ru\/wp-json\/wp\/v2\/tags?post=45972"}],"curies":[{"name":"wp","href":"https:\/\/api.w.org\/{rel}","templated":true}]}}