{"id":46746,"date":"2023-03-31T17:43:41","date_gmt":"2023-03-31T14:43:41","guid":{"rendered":"https:\/\/mdu.edu.az\/?p=46746"},"modified":"2023-03-31T17:43:51","modified_gmt":"2023-03-31T14:43:51","slug":"konfrans_31-03-2023","status":"publish","type":"post","link":"https:\/\/mdu.edu.az\/ru\/konfrans_31-03-2023\/","title":{"rendered":"Mart Soy\u0131q\u0131rm\u0131 Az\u0259rbaycan tarixinin he\u00e7 vaxt unudulmayacaq faci\u0259li s\u0259hif\u0259sidir"},"content":{"rendered":"<p>Ming\u0259\u00e7evir D\u00f6vl\u0259t Universitetind\u0259 (MDU) 31 Mart &#8211; Az\u0259rbaycanl\u0131lar\u0131n Soyq\u0131r\u0131m\u0131 G\u00fcn\u00fcn\u0259 h\u0259sr olunmmu\u015f \u201cMart Soy\u0131q\u0131rm\u0131: Az\u0259rbaycan tarixinin he\u00e7 vaxt unudulmayacaq faci\u0259li s\u0259hif\u0259si\u201d m\u00f6vzusunda elmi konfrans ke\u00e7irilib.<\/p>\n\n\n\n<p>MDU-nun bir qrup akademik v\u0259 inzibati hey\u0259t \u00fczv\u00fc, t\u0259l\u0259b\u0259 v\u0259 magistrantlar\u0131n\u0131n i\u015ftirak\u0131 il\u0259 ke\u00e7iril\u0259n konfransda, \u0259vv\u0259lc\u0259, soyq\u0131r\u0131m\u0131 qurbanlar\u0131n\u0131n v\u0259 q\u0259hr\u0259man \u015f\u0259hidl\u0259rimizin \u0259ziz xatir\u0259si bir d\u0259qiq\u0259lik s\u00fckutla yad edilib.<\/p>\n\n\n\n<p>Konfrans\u0131n a\u00e7\u0131l\u0131\u015f\u0131nda \u00e7\u0131x\u0131\u015f ed\u0259n MDU-nun rektoru \u015eahin Bayramov tariximizin qan yadda\u015f\u0131na \u00e7evril\u0259n mart soyq\u0131r\u0131m\u0131ndan 105 il \u00f6td\u00fcy\u00fcn\u00fc bildirib, soyq\u0131r\u0131m\u0131 qurbanlar\u0131na v\u0259 V\u0259t\u0259n u\u011frunda can\u0131ndan ke\u00e7\u0259n \u015f\u0259hidl\u0259rimiz\u0259 Allahdan r\u0259hm\u0259t dil\u0259yib. M\u0259nfur d\u00fc\u015fm\u0259n t\u0259r\u0259find\u0259n dinc soyda\u015flar\u0131m\u0131za qar\u015f\u0131 x\u00fcsusi amans\u0131zl\u0131qla t\u00f6r\u0259dilmi\u015f v\u0259h\u015filikl\u0259rin, terror v\u0259 soyq\u0131r\u0131m\u0131 aktlar\u0131n\u0131n faci\u0259vi n\u0259tic\u0259l\u0259rind\u0259n dan\u0131\u015fan rektor bu qanl\u0131 hadis\u0259nin he\u00e7 zaman unudulmayaca\u011f\u0131n\u0131 qeyd edib. Mart soyq\u0131r\u0131m\u0131na ilk siyasi v\u0259 h\u00fcquqi qiym\u0259tin verilm\u0259sinin \u00fcmummilli lider Heyd\u0259r \u018fliyevin ad\u0131 il\u0259 ba\u011fl\u0131 oldu\u011funu vur\u011fulayan \u015e.Bayramov tarixi h\u0259qiq\u0259tl\u0259rin g\u0259nc n\u0259sl\u0259 v\u0259 d\u00fcnya ictimaiyy\u0259tin\u0259 \u00e7atd\u0131r\u0131lmas\u0131n\u0131n \u00f6n\u0259mind\u0259n s\u00f6hb\u0259t a\u00e7\u0131b. Qeyd edib ki, son d\u00f6vrd\u0259 MDU-da tarixi g\u00fcnl\u0259r\u0259 h\u0259sr olunan m\u00fcxt\u0259lif formatl\u0131 t\u0259dbirl\u0259rin davaml\u0131 \u015f\u0259kild\u0259 ke\u00e7irilm\u0259si m\u0259hz bu m\u0259qs\u0259d\u0259 h\u0259d\u0259fl\u0259nib. Konfrans\u0131n proqram\u0131na daxil olan m\u00f6vzular\u0131n soyq\u0131r\u0131ma yana\u015fman\u0131n m\u00fcxt\u0259lif aspektl\u0259rini \u0259hat\u0259 etdiyini diqq\u0259t\u0259 \u00e7atd\u0131ran rektor elmi t\u0259dbirin t\u0259\u015fkilind\u0259 \u0259m\u0259yi olanlara t\u0259\u015f\u0259kk\u00fcr\u00fcn\u00fc bildirib.<\/p>\n\n\n\n<p>31 Mart &#8211; Az\u0259rbaycanl\u0131lar\u0131n Soyq\u0131r\u0131m\u0131 G\u00fcn\u00fcn\u0259 h\u0259sr olunmu\u015f video\u00e7arx\u0131n n\u00fcmayi\u015find\u0259n sonra konfrans\u0131n m\u0259ruz\u0259l\u0259ri dinl\u0259nilib.<\/p>\n\n\n\n<p>MDU \u0259m\u0259kda\u015flar\u0131ndan V\u00fcsal\u0259 M\u00f6vlayeva \u201cAz\u0259rbaycanl\u0131lar\u0131n soyq\u0131r\u0131m\u0131n\u0131n ara\u015fd\u0131r\u0131lmas\u0131 v\u0259 h\u0259qiq\u0259tl\u0259rin d\u00fcnyaya yay\u0131lmas\u0131nda \u00dcmummilli lider Heyd\u0259r \u018fliyevin rolu v\u0259 xidm\u0259tl\u0259ri\u201d,&nbsp; Anar \u0130smay\u0131lov \u201c31 Mart soyq\u0131r\u0131m\u0131 tarixi m\u0259nb\u0259l\u0259rd\u0259\u201d, Sevinc S\u00fcleymanova \u201cMilli \u0259d\u0259biyyat\u0131m\u0131zda 31 mart 1918-ci il soyq\u0131r\u0131m\u0131n\u0131n \u0259ksi\u201d v\u0259 G\u00fcl\u0259r \u018fjd\u0259rzad\u0259 \u201c31 mart \u2013 Az\u0259rbaycanl\u0131lar\u0131n soyq\u0131r\u0131m\u0131n\u0131n tarixi d\u0259rsl\u0259ri\u201d m\u00f6vzusunda \u00e7\u0131x\u0131\u015f edibl\u0259r.<\/p>\n\n\n\n<p>M\u0259ruz\u0259l\u0259r \u0259traf\u0131nda apar\u0131lan m\u00fczakir\u0259l\u0259rd\u0259n sonra konfrans\u0131n i\u015fin\u0259 yekun vurulub.<\/p>\n\n\n\n<p>Qeyd ed\u0259k ki, konfransdan \u0259vv\u0259l, MDU kollektivi Ming\u0259\u00e7evir \u015f\u0259h\u0259rind\u0259 \u201cSoyq\u0131r\u0131m\u201d abid\u0259 kompleksini ziyar\u0259t edib. Kollektiv \u00fczvl\u0259ri abid\u0259 kompleksinin \u00f6n\u00fcn\u0259 g\u00fcl d\u0259st\u0259l\u0259ri d\u00fcz\u0259r\u0259k, faci\u0259 qurbanlar\u0131n\u0131n \u0259ziz xatir\u0259sini d\u0259rin ehtiramla yad edibl\u0259r.<\/p>","protected":false},"excerpt":{"rendered":"<p>Ming\u0259\u00e7evir D\u00f6vl\u0259t Universitetind\u0259 (MDU) 31 Mart &#8211; Az\u0259rbaycanl\u0131lar\u0131n Soyq\u0131r\u0131m\u0131 G\u00fcn\u00fcn\u0259 h\u0259sr olunmmu\u015f \u201cMart Soy\u0131q\u0131rm\u0131: Az\u0259rbaycan tarixinin he\u00e7 vaxt unudulmayacaq faci\u0259li s\u0259hif\u0259si\u201d m\u00f6vzusunda elmi konfrans ke\u00e7irilib. MDU-nun bir qrup akademik v\u0259 inzibati hey\u0259t \u00fczv\u00fc, t\u0259l\u0259b\u0259 v\u0259 magistrantlar\u0131n\u0131n i\u015ftirak\u0131 il\u0259 ke\u00e7iril\u0259n konfransda, \u0259vv\u0259lc\u0259, soyq\u0131r\u0131m\u0131 qurbanlar\u0131n\u0131n v\u0259 q\u0259hr\u0259man \u015f\u0259hidl\u0259rimizin \u0259ziz xatir\u0259si bir d\u0259qiq\u0259lik s\u00fckutla yad edilib. Konfrans\u0131n a\u00e7\u0131l\u0131\u015f\u0131nda [&hellip;]<\/p>\n","protected":false},"author":2,"featured_media":46755,"comment_status":"closed","ping_status":"closed","sticky":false,"template":"","format":"gallery","meta":{"_eb_attr":"","ocean_post_layout":"","ocean_both_sidebars_style":"","ocean_both_sidebars_content_width":0,"ocean_both_sidebars_sidebars_width":0,"ocean_sidebar":"","ocean_second_sidebar":"","ocean_disable_margins":"enable","ocean_add_body_class":"","ocean_shortcode_before_top_bar":"","ocean_shortcode_after_top_bar":"","ocean_shortcode_before_header":"","ocean_shortcode_after_header":"","ocean_has_shortcode":"","ocean_shortcode_after_title":"","ocean_shortcode_before_footer_widgets":"","ocean_shortcode_after_footer_widgets":"","ocean_shortcode_before_footer_bottom":"","ocean_shortcode_after_footer_bottom":"","ocean_display_top_bar":"default","ocean_display_header":"default","ocean_header_style":"","ocean_center_header_left_menu":"","ocean_custom_header_template":"","ocean_custom_logo":0,"ocean_custom_retina_logo":0,"ocean_custom_logo_max_width":0,"ocean_custom_logo_tablet_max_width":0,"ocean_custom_logo_mobile_max_width":0,"ocean_custom_logo_max_height":0,"ocean_custom_logo_tablet_max_height":0,"ocean_custom_logo_mobile_max_height":0,"ocean_header_custom_menu":"","ocean_menu_typo_font_family":"","ocean_menu_typo_font_subset":"","ocean_menu_typo_font_size":0,"ocean_menu_typo_font_size_tablet":0,"ocean_menu_typo_font_size_mobile":0,"ocean_menu_typo_font_size_unit":"px","ocean_menu_typo_font_weight":"","ocean_menu_typo_font_weight_tablet":"","ocean_menu_typo_font_weight_mobile":"","ocean_menu_typo_transform":"","ocean_menu_typo_transform_tablet":"","ocean_menu_typo_transform_mobile":"","ocean_menu_typo_line_height":0,"ocean_menu_typo_line_height_tablet":0,"ocean_menu_typo_line_height_mobile":0,"ocean_menu_typo_line_height_unit":"","ocean_menu_typo_spacing":0,"ocean_menu_typo_spacing_tablet":0,"ocean_menu_typo_spacing_mobile":0,"ocean_menu_typo_spacing_unit":"","ocean_menu_link_color":"","ocean_menu_link_color_hover":"","ocean_menu_link_color_active":"","ocean_menu_link_background":"","ocean_menu_link_hover_background":"","ocean_menu_link_active_background":"","ocean_menu_social_links_bg":"","ocean_menu_social_hover_links_bg":"","ocean_menu_social_links_color":"","ocean_menu_social_hover_links_color":"","ocean_disable_title":"default","ocean_disable_heading":"default","ocean_post_title":"","ocean_post_subheading":"","ocean_post_title_style":"","ocean_post_title_background_color":"","ocean_post_title_background":0,"ocean_post_title_bg_image_position":"","ocean_post_title_bg_image_attachment":"","ocean_post_title_bg_image_repeat":"","ocean_post_title_bg_image_size":"","ocean_post_title_height":0,"ocean_post_title_bg_overlay":0.5,"ocean_post_title_bg_overlay_color":"","ocean_disable_breadcrumbs":"default","ocean_breadcrumbs_color":"","ocean_breadcrumbs_separator_color":"","ocean_breadcrumbs_links_color":"","ocean_breadcrumbs_links_hover_color":"","ocean_display_footer_widgets":"default","ocean_display_footer_bottom":"default","ocean_custom_footer_template":"","ocean_post_oembed":"","ocean_post_self_hosted_media":"","ocean_post_video_embed":"","ocean_link_format":"","ocean_link_format_target":"self","ocean_quote_format":"","ocean_quote_format_link":"post","ocean_gallery_link_images":"on","ocean_gallery_id":[46747,46748,46749,46750,46751,46752,46753,46754,46755,46756,46757,46758],"footnotes":""},"categories":[31],"tags":[],"class_list":["post-46746","post","type-post","status-publish","format-gallery","has-post-thumbnail","hentry","category-mdu_xeberleri","post_format-post-format-gallery","entry","has-media"],"_links":{"self":[{"href":"https:\/\/mdu.edu.az\/ru\/wp-json\/wp\/v2\/posts\/46746","targetHints":{"allow":["GET"]}}],"collection":[{"href":"https:\/\/mdu.edu.az\/ru\/wp-json\/wp\/v2\/posts"}],"about":[{"href":"https:\/\/mdu.edu.az\/ru\/wp-json\/wp\/v2\/types\/post"}],"author":[{"embeddable":true,"href":"https:\/\/mdu.edu.az\/ru\/wp-json\/wp\/v2\/users\/2"}],"replies":[{"embeddable":true,"href":"https:\/\/mdu.edu.az\/ru\/wp-json\/wp\/v2\/comments?post=46746"}],"version-history":[{"count":1,"href":"https:\/\/mdu.edu.az\/ru\/wp-json\/wp\/v2\/posts\/46746\/revisions"}],"predecessor-version":[{"id":46759,"href":"https:\/\/mdu.edu.az\/ru\/wp-json\/wp\/v2\/posts\/46746\/revisions\/46759"}],"wp:featuredmedia":[{"embeddable":true,"href":"https:\/\/mdu.edu.az\/ru\/wp-json\/wp\/v2\/media\/46755"}],"wp:attachment":[{"href":"https:\/\/mdu.edu.az\/ru\/wp-json\/wp\/v2\/media?parent=46746"}],"wp:term":[{"taxonomy":"category","embeddable":true,"href":"https:\/\/mdu.edu.az\/ru\/wp-json\/wp\/v2\/categories?post=46746"},{"taxonomy":"post_tag","embeddable":true,"href":"https:\/\/mdu.edu.az\/ru\/wp-json\/wp\/v2\/tags?post=46746"}],"curies":[{"name":"wp","href":"https:\/\/api.w.org\/{rel}","templated":true}]}}