{"id":48106,"date":"2023-05-02T20:59:18","date_gmt":"2023-05-02T17:59:18","guid":{"rendered":"https:\/\/mdu.edu.az\/?p=48106"},"modified":"2023-05-02T20:59:18","modified_gmt":"2023-05-02T17:59:18","slug":"konfrans_02-05-23","status":"publish","type":"post","link":"https:\/\/mdu.edu.az\/ru\/konfrans_02-05-23\/","title":{"rendered":"MDU-da elmi konfrans: \u201cZ\u0259rif\u0259 xan\u0131m \u018fliyeva: Daim \u00fcr\u0259kl\u0259rd\u0259 ya\u015fayan nurlu v\u0259 xeyirxah insan\u201d"},"content":{"rendered":"<p>2023-c\u00fc ilin may\u0131n 2-d\u0259 Ming\u0259\u00e7evir D\u00f6vl\u0259t Universitetind\u0259 (MDU) g\u00f6rk\u0259mli oftalmoloq alim, akademik Z\u0259rif\u0259 xan\u0131m \u018fliyevan\u0131n anadan olmas\u0131n\u0131n 100 illiyin\u0259 h\u0259sr olunan \u201cZ\u0259rif\u0259 xan\u0131m \u018fliyeva: Daim \u00fcr\u0259kl\u0259rd\u0259 ya\u015fayan nurlu v\u0259 xeyirxah insan\u201d m\u00f6vzusunda elmi konfrans ke\u00e7irilib.<\/p>\n\n\n\n<p>\u018fvv\u0259lc\u0259, \u018fm\u0259kdar elm xadimi Z\u0259rif\u0259 xan\u0131m \u018fliyevan\u0131n \u0259ziz xatir\u0259si bir d\u0259qiq\u0259lik s\u00fckutla yad edilib.<\/p>\n\n\n\n<p>Konfrans\u0131n a\u00e7\u0131l\u0131\u015f\u0131nda MDU-nun rektoru \u015eahin Bayramov \u00e7\u0131x\u0131\u015f edib. Rektor \u00e7\u0131x\u0131\u015f\u0131nda Z\u0259rif\u0259 xan\u0131m \u018fliyevan\u0131 d\u0259y\u0259rli alim, mehriban v\u0259 qay\u011f\u0131ke\u015f oftalmoloq h\u0259kim kimi xarakteriz\u0259 edib. Bildirib ki, Az\u0259rbaycan oftalmologiya elmi m\u0259kt\u0259binin banisi, \u00fcmummilli lider Heyd\u0259r \u018fliyevin v\u0259fal\u0131 \u00f6m\u00fcr-g\u00fcn yolda\u015f\u0131 v\u0259 yax\u0131n silahda\u015f\u0131, m\u00fcasir q\u00fcdr\u0259tli d\u00f6vl\u0259timizin ba\u015f\u00e7\u0131s\u0131 v\u0259 m\u00fcz\u0259ff\u0259r Ali Ba\u015f Komandan \u0130lham \u018fliyevin anas\u0131 Z\u0259rif\u0259 xan\u0131m \u018fliyeva z\u0259ngin v\u0259 \u015f\u0259r\u0259fli \u00f6m\u00fcr yolu ke\u00e7ib, \u00e7ox\u015fax\u0259li u\u011furlu f\u0259aliyy\u0259tl\u0259ri il\u0259 xalq\u0131m\u0131z\u0131n q\u0259lbind\u0259 \u0259b\u0259di izl\u0259r qoyub. \u015e\u0259xsiyy\u0259tin formala\u015fmas\u0131nda ail\u0259 m\u00fchitinin rolundan dan\u0131\u015fan rektor xalq\u0131m\u0131za v\u0259 d\u00f6vl\u0259timiz\u0259 qalib lider yeti\u015fdir\u0259n Z\u0259rif\u0259 xan\u0131m \u018fliyevan\u0131 q\u0259hr\u0259man v\u0259 c\u0259fake\u015f ana kimi s\u0259ciyy\u0259l\u0259ndirib. Prezident \u0130lham \u018fliyev kimi m\u00fcdrik \u015f\u0259xsiyy\u0259t v\u0259 q\u0259hr\u0259man s\u0259rk\u0259rd\u0259y\u0259 sahib oldu\u011fumuz \u00fc\u00e7\u00fcn Z\u0259rif\u0259 xan\u0131ma borclu oldu\u011fumuzu bildir\u0259n \u015e.Bayramov onun n\u00fcmun\u0259vi h\u0259yat yolunun g\u0259nc n\u0259sill\u0259r aras\u0131nda t\u0259bli\u011f edilm\u0259sinin \u00f6n\u0259mini diqq\u0259t\u0259 \u00e7atd\u0131r\u0131b v\u0259 konfrans\u0131n i\u015fin\u0259 u\u011furlar arzulay\u0131b.<\/p>\n\n\n\n<p>Sonra, akademik Z\u0259rif\u0259 xan\u0131m \u018fliyevan\u0131n z\u0259ngin h\u0259yat v\u0259 f\u0259aliyy\u0259tini \u0259ks etdir\u0259n video\u00e7arx izl\u0259nilib.<\/p>\n\n\n\n<p>Daha sonra, konfrans\u0131n proqram\u0131na uy\u011fun olaraq m\u0259ruz\u0259l\u0259r dinl\u0259nilib. MDU-nun Humanitar f\u0259nl\u0259r kafedras\u0131n\u0131n m\u00fcdiri, dosent Esmira C\u0259f\u0259rova \u201cZ\u0259rif\u0259 xan\u0131m \u018fliyevan\u0131n nur sa\u00e7an portreti\u201d, dosent Namaz Manafov \u201cB\u00f6y\u00fck ziyal\u0131l\u0131q v\u0259 xeyirxahl\u0131q n\u00fcmun\u0259si: Z\u0259rif\u0259 \u018fliyeva\u201d, T\u0259hsil fak\u00fclt\u0259sinin dekan m\u00fcavini, dosent Flora Namazova \u201cH\u0259yat\u0131 v\u0259 \u0259m\u0259ll\u0259ri il\u0259 ba\u015fqalar\u0131n\u0131n da \u00f6mr\u00fcn\u00fc i\u015f\u0131qland\u0131ran xeyirxah alim\u201d, m\u00fc\u0259llim Ayna Babazad\u0259 \u201cG\u0259ncl\u0259r\u0259 \u00f6rn\u0259k olan nurlu \u00f6m\u00fcr salnam\u0259si\u201d m\u00f6vzusunda m\u0259ruz\u0259l\u0259rl\u0259 \u00e7\u0131x\u0131\u015f edibl\u0259r.<\/p>\n\n\n\n<p>M\u0259ruz\u0259l\u0259r i\u015ftirak\u00e7\u0131lar t\u0259r\u0259find\u0259n b\u00f6y\u00fck maraqla qar\u015f\u0131lan\u0131b.<\/p>\n\n\n\n<p>Qeyd ed\u0259k ki, MDU-da Z\u0259rif\u0259 xan\u0131m \u018fliyevan\u0131n anadan olmas\u0131n\u0131n 100 illiyin\u0259 h\u0259sr olunan \u00e7oxsayl\u0131 t\u0259dbirl\u0259r h\u0259yata ke\u00e7irilir.<\/p>","protected":false},"excerpt":{"rendered":"<p>2023-c\u00fc ilin may\u0131n 2-d\u0259 Ming\u0259\u00e7evir D\u00f6vl\u0259t Universitetind\u0259 (MDU) g\u00f6rk\u0259mli oftalmoloq alim, akademik Z\u0259rif\u0259 xan\u0131m \u018fliyevan\u0131n anadan olmas\u0131n\u0131n 100 illiyin\u0259 h\u0259sr olunan \u201cZ\u0259rif\u0259 xan\u0131m \u018fliyeva: Daim \u00fcr\u0259kl\u0259rd\u0259 ya\u015fayan nurlu v\u0259 xeyirxah insan\u201d m\u00f6vzusunda elmi konfrans ke\u00e7irilib. \u018fvv\u0259lc\u0259, \u018fm\u0259kdar elm xadimi Z\u0259rif\u0259 xan\u0131m \u018fliyevan\u0131n \u0259ziz xatir\u0259si bir d\u0259qiq\u0259lik s\u00fckutla yad edilib. Konfrans\u0131n a\u00e7\u0131l\u0131\u015f\u0131nda MDU-nun rektoru \u015eahin Bayramov [&hellip;]<\/p>\n","protected":false},"author":2,"featured_media":48124,"comment_status":"closed","ping_status":"closed","sticky":false,"template":"","format":"gallery","meta":{"_eb_attr":"","ocean_post_layout":"","ocean_both_sidebars_style":"","ocean_both_sidebars_content_width":0,"ocean_both_sidebars_sidebars_width":0,"ocean_sidebar":"","ocean_second_sidebar":"","ocean_disable_margins":"enable","ocean_add_body_class":"","ocean_shortcode_before_top_bar":"","ocean_shortcode_after_top_bar":"","ocean_shortcode_before_header":"","ocean_shortcode_after_header":"","ocean_has_shortcode":"","ocean_shortcode_after_title":"","ocean_shortcode_before_footer_widgets":"","ocean_shortcode_after_footer_widgets":"","ocean_shortcode_before_footer_bottom":"","ocean_shortcode_after_footer_bottom":"","ocean_display_top_bar":"default","ocean_display_header":"default","ocean_header_style":"","ocean_center_header_left_menu":"","ocean_custom_header_template":"","ocean_custom_logo":0,"ocean_custom_retina_logo":0,"ocean_custom_logo_max_width":0,"ocean_custom_logo_tablet_max_width":0,"ocean_custom_logo_mobile_max_width":0,"ocean_custom_logo_max_height":0,"ocean_custom_logo_tablet_max_height":0,"ocean_custom_logo_mobile_max_height":0,"ocean_header_custom_menu":"","ocean_menu_typo_font_family":"","ocean_menu_typo_font_subset":"","ocean_menu_typo_font_size":0,"ocean_menu_typo_font_size_tablet":0,"ocean_menu_typo_font_size_mobile":0,"ocean_menu_typo_font_size_unit":"px","ocean_menu_typo_font_weight":"","ocean_menu_typo_font_weight_tablet":"","ocean_menu_typo_font_weight_mobile":"","ocean_menu_typo_transform":"","ocean_menu_typo_transform_tablet":"","ocean_menu_typo_transform_mobile":"","ocean_menu_typo_line_height":0,"ocean_menu_typo_line_height_tablet":0,"ocean_menu_typo_line_height_mobile":0,"ocean_menu_typo_line_height_unit":"","ocean_menu_typo_spacing":0,"ocean_menu_typo_spacing_tablet":0,"ocean_menu_typo_spacing_mobile":0,"ocean_menu_typo_spacing_unit":"","ocean_menu_link_color":"","ocean_menu_link_color_hover":"","ocean_menu_link_color_active":"","ocean_menu_link_background":"","ocean_menu_link_hover_background":"","ocean_menu_link_active_background":"","ocean_menu_social_links_bg":"","ocean_menu_social_hover_links_bg":"","ocean_menu_social_links_color":"","ocean_menu_social_hover_links_color":"","ocean_disable_title":"default","ocean_disable_heading":"default","ocean_post_title":"","ocean_post_subheading":"","ocean_post_title_style":"","ocean_post_title_background_color":"","ocean_post_title_background":0,"ocean_post_title_bg_image_position":"","ocean_post_title_bg_image_attachment":"","ocean_post_title_bg_image_repeat":"","ocean_post_title_bg_image_size":"","ocean_post_title_height":0,"ocean_post_title_bg_overlay":0.5,"ocean_post_title_bg_overlay_color":"","ocean_disable_breadcrumbs":"default","ocean_breadcrumbs_color":"","ocean_breadcrumbs_separator_color":"","ocean_breadcrumbs_links_color":"","ocean_breadcrumbs_links_hover_color":"","ocean_display_footer_widgets":"default","ocean_display_footer_bottom":"default","ocean_custom_footer_template":"","ocean_post_oembed":"","ocean_post_self_hosted_media":"","ocean_post_video_embed":"","ocean_link_format":"","ocean_link_format_target":"self","ocean_quote_format":"","ocean_quote_format_link":"post","ocean_gallery_link_images":"on","ocean_gallery_id":[48107,48108,48109,48110,48111,48112,48113,48114,48115,48116,48117,48118,48119,48120,48121,48122,48123,48124],"footnotes":""},"categories":[119],"tags":[],"class_list":["post-48106","post","type-post","status-publish","format-gallery","has-post-thumbnail","hentry","category-konfrans","post_format-post-format-gallery","entry","has-media"],"_links":{"self":[{"href":"https:\/\/mdu.edu.az\/ru\/wp-json\/wp\/v2\/posts\/48106","targetHints":{"allow":["GET"]}}],"collection":[{"href":"https:\/\/mdu.edu.az\/ru\/wp-json\/wp\/v2\/posts"}],"about":[{"href":"https:\/\/mdu.edu.az\/ru\/wp-json\/wp\/v2\/types\/post"}],"author":[{"embeddable":true,"href":"https:\/\/mdu.edu.az\/ru\/wp-json\/wp\/v2\/users\/2"}],"replies":[{"embeddable":true,"href":"https:\/\/mdu.edu.az\/ru\/wp-json\/wp\/v2\/comments?post=48106"}],"version-history":[{"count":0,"href":"https:\/\/mdu.edu.az\/ru\/wp-json\/wp\/v2\/posts\/48106\/revisions"}],"wp:featuredmedia":[{"embeddable":true,"href":"https:\/\/mdu.edu.az\/ru\/wp-json\/wp\/v2\/media\/48124"}],"wp:attachment":[{"href":"https:\/\/mdu.edu.az\/ru\/wp-json\/wp\/v2\/media?parent=48106"}],"wp:term":[{"taxonomy":"category","embeddable":true,"href":"https:\/\/mdu.edu.az\/ru\/wp-json\/wp\/v2\/categories?post=48106"},{"taxonomy":"post_tag","embeddable":true,"href":"https:\/\/mdu.edu.az\/ru\/wp-json\/wp\/v2\/tags?post=48106"}],"curies":[{"name":"wp","href":"https:\/\/api.w.org\/{rel}","templated":true}]}}