{"id":48280,"date":"2023-05-10T08:00:23","date_gmt":"2023-05-10T05:00:23","guid":{"rendered":"https:\/\/mdu.edu.az\/?p=48280"},"modified":"2023-05-10T08:00:23","modified_gmt":"2023-05-10T05:00:23","slug":"yazi_10-05-23","status":"publish","type":"post","link":"https:\/\/mdu.edu.az\/ru\/yazi_10-05-23\/","title":{"rendered":"\u015eahin Bayramov: Heyd\u0259r \u018fliyevin \u0259b\u0259diya\u015far ideyalar\u0131 v\u0259 z\u0259ngin irsi \u00f6lk\u0259mizin firavan g\u0259l\u0259c\u0259yin\u0259 i\u015f\u0131ql\u0131 yol a\u00e7\u0131r (AZ\u018fRTAC)"},"content":{"rendered":"<p><strong><a rel=\"noreferrer noopener\" href=\"https:\/\/azertag.az\/xeber\/Sahin_Bayramov_Heyder_Aliyevin_ebediyasar_ideyalari_ve_zengin_irsi_olkemizin_firavan_geleceyine_isiqli_yol_achir-2607995\" target=\"_blank\">AZ\u018fRTAC, 10.05.2023<\/a><\/strong><\/p>\n\n\n\n<p><span itemtype=\"http:\/\/schema.org\/NewsArticle\" itemscope=\"\"><p>G\u00f6rk\u0259mli  siyasi xadim, dahi \u015f\u0259xsiyy\u0259t, m\u00fcasir Az\u0259rbaycan d\u00f6vl\u0259tinin xilaskar\u0131 v\u0259  qurucusu, \u00dcmummilli Lider Heyd\u0259r \u018fliyev milli m\u00fcst\u0259qilliyimizin  qorunmas\u0131 v\u0259 g\u00fccl\u0259ndirilm\u0259si, \u00f6lk\u0259mizin h\u0259rt\u0259r\u0259fli v\u0259 davaml\u0131 inki\u015faf\u0131  namin\u0259 h\u0259yata ke\u00e7irdiyi uzaqg\u00f6r\u0259n v\u0259 q\u0259tiyy\u0259tli siyas\u0259ti, \u00e7ox\u015fax\u0259li  titanik f\u0259aliyy\u0259ti il\u0259 q\u0259dirbil\u0259n xalq\u0131m\u0131z\u0131n yadda\u015f\u0131nda v\u0259 h\u0259r bir  Az\u0259rbaycanl\u0131n\u0131n q\u0259lbind\u0259 \u00f6z\u00fcn\u00fcn \u0259b\u0259di heyk\u0259lini ucald\u0131b.Dan\u0131lmaz h\u0259qiq\u0259t v\u0259 h\u0259r k\u0259sin q\u0259bul etdiyi faktd\u0131r ki, haz\u0131rda  tarixinin \u0259n q\u00fcdr\u0259tli d\u00f6vr\u00fcn\u00fc ya\u015fayan v\u0259 \u015fanl\u0131 z\u0259f\u0259rl\u0259rl\u0259 dolu \u0259n  \u015f\u0259r\u0259fli s\u0259hif\u0259l\u0259rini yazmaqda davam ed\u0259n m\u00fcasir Az\u0259rbaycan \u00dcmummilli  Liderimizin \u015fah \u0259s\u0259ridir. Az\u0259rbaycan\u0131n d\u00f6vl\u0259t m\u00fcst\u0259qilliyinin  \u0259b\u0259dil\u0259\u015fdirilm\u0259si v\u0259 sa\u011flam \u0259saslar \u00fcz\u0259rind\u0259 davaml\u0131 g\u00fccl\u0259ndirilm\u0259si  Heyd\u0259r \u018fliyevin \u0259n m\u00fch\u00fcm tarixi xidm\u0259tl\u0259rind\u0259n hesab edilir. M\u0259hz dahi  \u015f\u0259xsiyy\u0259tin u\u011furlu daxili v\u0259 xarici siyas\u0259ti say\u0259sind\u0259 m\u0259hv olmaq  t\u0259hl\u00fck\u0259sind\u0259n qurtulan \u00f6lk\u0259mizd\u0259 ictimai-siyasi sabitlik t\u0259min olunub,  t\u0259n\u0259zz\u00fcld\u0259n t\u0259r\u0259qqi yoluna q\u0259d\u0259m qoyulub, z\u0259ngin \u0259n\u0259n\u0259l\u0259r\u0259 v\u0259 milli  maraqlara s\u00f6yk\u0259n\u0259n m\u00fcst\u0259qil d\u00f6vl\u0259t\u00e7iliyin t\u0259m\u0259ll\u0259ri m\u00f6hk\u0259ml\u0259ndirilib. Bunu <a rel=\"noreferrer noopener\" href=\"https:\/\/azertag.az\/xeber\/Sahin_Bayramov_Heyder_Aliyevin_ebediyasar_ideyalari_ve_zengin_irsi_olkemizin_firavan_geleceyine_isiqli_yol_achir-2607995\" target=\"_blank\">AZ\u018fRTAC<\/a>-a a\u00e7\u0131qlamas\u0131nda Ming\u0259\u00e7evir D\u00f6vl\u0259t Universitetinin rektoru \u015eahin Bayramov deyib.O bildirib ki, \u201cM\u0259nim \u00fc\u00e7\u00fcn \u00f6z can\u0131mdan, \u00f6z qan\u0131mdan art\u0131q  Az\u0259rbaycan\u0131n m\u00fcst\u0259qilliyini qorumaq, onu saxlamaq, onu \u0259b\u0259di etm\u0259kdir\u201d  dey\u0259n Ulu \u00d6nd\u0259rimiz V\u0259t\u0259n\u0259, xalqa v\u0259 d\u00f6vl\u0259t\u0259 s\u0131x ba\u011fl\u0131l\u0131\u011f\u0131n\u0131 bir insan  \u00f6mr\u00fcn\u0259 s\u0131\u011fmayan z\u0259ngin h\u0259yat v\u0259 f\u0259aliyy\u0259ti il\u0259 t\u0259sdiq edib. B\u00fct\u00fcn \u00f6mr\u00fcn\u00fc  can\u0131ndan \u00e7ox sevdiyi Az\u0259rbaycan\u0131n parlaq g\u0259l\u0259c\u0259yin\u0259 v\u0259 xalq\u0131n\u0131n  rifah\u0131na h\u0259sr ed\u0259n Heyd\u0259r \u018fliyev milli-m\u0259n\u0259vi d\u0259y\u0259rl\u0259r v\u0259 milli  maraqlardan formala\u015fd\u0131rd\u0131\u011f\u0131 az\u0259rbaycan\u00e7\u0131l\u0131q m\u0259fkur\u0259sin\u0259 xidm\u0259t ed\u0259n  titanik f\u0259aliyy\u0259tl\u0259ri il\u0259 \u00fcmumxalq m\u0259h\u0259bb\u0259ti qazan\u0131b v\u0259 \u00dcmummilli Lider  zirv\u0259sin\u0259 y\u00fcks\u0259lm\u0259yi bacar\u0131b.\u201cBizim borcumuz bu m\u00fcst\u0259qilliyi m\u00f6hk\u0259ml\u0259ndirm\u0259kd\u0259n v\u0259 g\u0259l\u0259c\u0259k  n\u0259sill\u0259r\u0259 m\u00fcst\u0259qil, q\u00fcdr\u0259tli Az\u0259rbaycan d\u00f6vl\u0259ti \u00e7atd\u0131rmaqdan ibar\u0259tdir&#8221;  kimi dahiyan\u0259 fikirl\u0259rin m\u00fc\u0259llifi olan Ulu \u00d6nd\u0259rimiz h\u0259r zaman y\u00fcks\u0259k  amallar u\u011frunda b\u00f6y\u00fck f\u0259dakarl\u0131q g\u00f6st\u0259rib, qar\u015f\u0131ya qoyulan h\u0259d\u0259fl\u0259r\u0259  do\u011fru prinsipiall\u0131qla ir\u0259lil\u0259yib, \u00fcz\u0259rin\u0259 g\u00f6t\u00fcrd\u00fcy\u00fc tarixi v\u0259 \u015f\u0259r\u0259fli  missiyan\u0131n \u00f6hd\u0259sind\u0259n m\u0259har\u0259tl\u0259 g\u0259lib. \u018fn \u0259sas\u0131 is\u0259 uzaqg\u00f6r\u0259n siyas\u0259t\u00e7i  v\u0259 qlobal miqyasl\u0131 liderlik keyfiyy\u0259tl\u0259rin\u0259 sahib olan Heyd\u0259r \u018fliyev  s\u00f6z\u00fcged\u0259n missiyan\u0131n \u00f6z\u00fcnd\u0259n sonra da u\u011furla davam etdirilm\u0259si \u00fc\u00e7\u00fcn  z\u0259ngin d\u00f6vl\u0259t\u00e7ilik irsi miras qoyub v\u0259 layiqli siyasi varis yeti\u015fdirib.\u201cAz\u0259rbaycan\u0131 q\u00fcdr\u0259tli d\u00f6vl\u0259t\u0259 \u00e7evirm\u0259k \u00fc\u00e7\u00fcn \u0259n ba\u015fl\u0131cas\u0131, \u00f6lk\u0259d\u0259  Heyd\u0259r \u018fliyevin siyas\u0259ti davam etdirilm\u0259lidir\u201d dey\u0259r\u0259k \u00dcmummilli  Liderimizin ideyalar\u0131na v\u0259 siyasi kursuna sadiqliyini ifad\u0259 ed\u0259n  M\u00f6ht\u0259r\u0259m Prezidentimiz \u0130lham \u018fliyev son 20 ild\u0259 n\u0259h\u0259ng u\u011furlara v\u0259  \u0259z\u0259m\u0259tli q\u0259l\u0259b\u0259l\u0259r\u0259 imza ataraq bu siyasi x\u0259ttin alternativsizliyini bir  daha n\u00fcmayi\u015f etdirdi. M\u0259hz bu m\u00fcdrik yana\u015fman\u0131n m\u0259ntiqi n\u0259tic\u0259si  olaraq, M\u00fcz\u0259ff\u0259r Ali Ba\u015f Komandan\u0131m\u0131z\u0131n r\u0259hb\u0259rliyi v\u0259 r\u0259\u015fad\u0259tli  Az\u0259rbaycan Ordusunun \u0259sg\u0259r v\u0259 zabitl\u0259rinin q\u0259hr\u0259manl\u0131\u011f\u0131 say\u0259sind\u0259 44  g\u00fcnl\u00fck V\u0259t\u0259n m\u00fcharib\u0259sind\u0259 tarixi Z\u0259f\u0259r \u0259ld\u0259 olundu. Az\u0259rbaycan\u0131n \u0259razi  b\u00fct\u00f6vl\u00fcy\u00fcn\u00fcn b\u0259rpa olunmas\u0131 v\u0259 d\u00fc\u015fm\u0259nin tarixi torpaqlar\u0131m\u0131zdan  qovulmas\u0131 il\u0259 Ulu \u00d6nd\u0259rimizin \u0259n b\u00f6y\u00fck arzusu v\u0259 v\u0259siyy\u0259ti  realla\u015fd\u0131r\u0131lm\u0131\u015f oldu.\u201cHaz\u0131rda i\u015f\u011faldan azad edilmi\u015f do\u011fma torpaqlar\u0131m\u0131zda h\u0259rt\u0259r\u0259fli  quruculuq v\u0259 s\u00fcr\u0259tli abadl\u0131q i\u015fl\u0259rinin h\u0259yata ke\u00e7irilm\u0259sini n\u0259z\u0259rd\u0259  tutan B\u00f6y\u00fck Qay\u0131d\u0131\u015f proqram\u0131n\u0131n u\u011furla icra olunmas\u0131 m\u0259hz Heyd\u0259r \u018fliyev  siyas\u0259tinin t\u0259nt\u0259n\u0259si kimi qiym\u0259tl\u0259ndirilir. Bu t\u0259nt\u0259n\u0259nin dig\u0259r bariz  n\u00fcmun\u0259si Az\u0259rbaycan\u0131n b\u00f6lg\u0259d\u0259 s\u00f6z sahibi olan v\u0259 geosiyasi reall\u0131qlar  yaradan q\u00fcdr\u0259tli d\u00f6vl\u0259t\u0259 \u00e7evrilm\u0259sidir.Dahi \u015f\u0259xsiyy\u0259tin layiqli davam\u00e7\u0131s\u0131 olan m\u00f6ht\u0259r\u0259m Prezidentimizin  liderliyi il\u0259 \u0259n yeni tariximizin \u015fanl\u0131 s\u0259hif\u0259l\u0259rinin yaz\u0131ld\u0131\u011f\u0131 haz\u0131rki  d\u00f6vrd\u0259 h\u0259r birimiz sonsuz q\u00fcrur hissl\u0259ri ke\u00e7iririk. Heyd\u0259r \u018fliyevin  xalq\u0131m\u0131z\u0131n m\u0259n\u0259vi s\u0259rv\u0259tin\u0259 \u00e7evrilmi\u015f \u0259b\u0259diya\u015far ideyalar\u0131 v\u0259 z\u0259ngin  irsi \u00f6lk\u0259mizin firavan g\u0259l\u0259c\u0259yin\u0259 i\u015f\u0131ql\u0131 yol a\u00e7\u0131r.H\u0259r zaman oldu\u011fu kimi, anadan olmas\u0131n\u0131n 100 illik yubileyini b\u00f6y\u00fck  f\u0259xar\u0259tl\u0259 qeyd etdiyimiz 10 may tarixind\u0259 \u00dcmummilli Liderimizin \u0259ziz  xatir\u0259sini b\u00f6y\u00fck ehtiram v\u0259 sonsuz minn\u0259tdarl\u0131q hissi il\u0259 yad edirik\u201d, &#8211;  dey\u0259 rektor qeyd edib.<\/p><\/span><\/p>","protected":false},"excerpt":{"rendered":"<p>AZ\u018fRTAC, 10.05.2023 G\u00f6rk\u0259mli siyasi xadim, dahi \u015f\u0259xsiyy\u0259t, m\u00fcasir Az\u0259rbaycan d\u00f6vl\u0259tinin xilaskar\u0131 v\u0259 qurucusu, \u00dcmummilli Lider Heyd\u0259r \u018fliyev milli m\u00fcst\u0259qilliyimizin qorunmas\u0131 v\u0259 g\u00fccl\u0259ndirilm\u0259si, \u00f6lk\u0259mizin h\u0259rt\u0259r\u0259fli v\u0259 davaml\u0131 inki\u015faf\u0131 namin\u0259 h\u0259yata ke\u00e7irdiyi uzaqg\u00f6r\u0259n v\u0259 q\u0259tiyy\u0259tli siyas\u0259ti, \u00e7ox\u015fax\u0259li titanik f\u0259aliyy\u0259ti il\u0259 q\u0259dirbil\u0259n xalq\u0131m\u0131z\u0131n yadda\u015f\u0131nda v\u0259 h\u0259r bir Az\u0259rbaycanl\u0131n\u0131n q\u0259lbind\u0259 \u00f6z\u00fcn\u00fcn \u0259b\u0259di heyk\u0259lini ucald\u0131b.Dan\u0131lmaz h\u0259qiq\u0259t v\u0259 h\u0259r k\u0259sin q\u0259bul [&hellip;]<\/p>\n","protected":false},"author":2,"featured_media":48281,"comment_status":"closed","ping_status":"closed","sticky":false,"template":"","format":"standard","meta":{"_eb_attr":"","ocean_post_layout":"","ocean_both_sidebars_style":"","ocean_both_sidebars_content_width":0,"ocean_both_sidebars_sidebars_width":0,"ocean_sidebar":"0","ocean_second_sidebar":"0","ocean_disable_margins":"enable","ocean_add_body_class":"","ocean_shortcode_before_top_bar":"","ocean_shortcode_after_top_bar":"","ocean_shortcode_before_header":"","ocean_shortcode_after_header":"","ocean_has_shortcode":"","ocean_shortcode_after_title":"","ocean_shortcode_before_footer_widgets":"","ocean_shortcode_after_footer_widgets":"","ocean_shortcode_before_footer_bottom":"","ocean_shortcode_after_footer_bottom":"","ocean_display_top_bar":"default","ocean_display_header":"default","ocean_header_style":"","ocean_center_header_left_menu":"0","ocean_custom_header_template":"0","ocean_custom_logo":0,"ocean_custom_retina_logo":0,"ocean_custom_logo_max_width":0,"ocean_custom_logo_tablet_max_width":0,"ocean_custom_logo_mobile_max_width":0,"ocean_custom_logo_max_height":0,"ocean_custom_logo_tablet_max_height":0,"ocean_custom_logo_mobile_max_height":0,"ocean_header_custom_menu":"0","ocean_menu_typo_font_family":"0","ocean_menu_typo_font_subset":"","ocean_menu_typo_font_size":0,"ocean_menu_typo_font_size_tablet":0,"ocean_menu_typo_font_size_mobile":0,"ocean_menu_typo_font_size_unit":"px","ocean_menu_typo_font_weight":"","ocean_menu_typo_font_weight_tablet":"","ocean_menu_typo_font_weight_mobile":"","ocean_menu_typo_transform":"","ocean_menu_typo_transform_tablet":"","ocean_menu_typo_transform_mobile":"","ocean_menu_typo_line_height":0,"ocean_menu_typo_line_height_tablet":0,"ocean_menu_typo_line_height_mobile":0,"ocean_menu_typo_line_height_unit":"","ocean_menu_typo_spacing":0,"ocean_menu_typo_spacing_tablet":0,"ocean_menu_typo_spacing_mobile":0,"ocean_menu_typo_spacing_unit":"","ocean_menu_link_color":"","ocean_menu_link_color_hover":"","ocean_menu_link_color_active":"","ocean_menu_link_background":"","ocean_menu_link_hover_background":"","ocean_menu_link_active_background":"","ocean_menu_social_links_bg":"","ocean_menu_social_hover_links_bg":"","ocean_menu_social_links_color":"","ocean_menu_social_hover_links_color":"","ocean_disable_title":"default","ocean_disable_heading":"default","ocean_post_title":"","ocean_post_subheading":"","ocean_post_title_style":"","ocean_post_title_background_color":"","ocean_post_title_background":0,"ocean_post_title_bg_image_position":"","ocean_post_title_bg_image_attachment":"","ocean_post_title_bg_image_repeat":"","ocean_post_title_bg_image_size":"","ocean_post_title_height":0,"ocean_post_title_bg_overlay":0.5,"ocean_post_title_bg_overlay_color":"","ocean_disable_breadcrumbs":"default","ocean_breadcrumbs_color":"","ocean_breadcrumbs_separator_color":"","ocean_breadcrumbs_links_color":"","ocean_breadcrumbs_links_hover_color":"","ocean_display_footer_widgets":"default","ocean_display_footer_bottom":"default","ocean_custom_footer_template":"0","ocean_post_oembed":"","ocean_post_self_hosted_media":"","ocean_post_video_embed":"","ocean_link_format":"","ocean_link_format_target":"self","ocean_quote_format":"","ocean_quote_format_link":"post","ocean_gallery_link_images":"on","ocean_gallery_id":[],"footnotes":""},"categories":[122],"tags":[],"class_list":["post-48280","post","type-post","status-publish","format-standard","has-post-thumbnail","hentry","category-heydr-liyev-100-il","entry","has-media"],"_links":{"self":[{"href":"https:\/\/mdu.edu.az\/ru\/wp-json\/wp\/v2\/posts\/48280","targetHints":{"allow":["GET"]}}],"collection":[{"href":"https:\/\/mdu.edu.az\/ru\/wp-json\/wp\/v2\/posts"}],"about":[{"href":"https:\/\/mdu.edu.az\/ru\/wp-json\/wp\/v2\/types\/post"}],"author":[{"embeddable":true,"href":"https:\/\/mdu.edu.az\/ru\/wp-json\/wp\/v2\/users\/2"}],"replies":[{"embeddable":true,"href":"https:\/\/mdu.edu.az\/ru\/wp-json\/wp\/v2\/comments?post=48280"}],"version-history":[{"count":0,"href":"https:\/\/mdu.edu.az\/ru\/wp-json\/wp\/v2\/posts\/48280\/revisions"}],"wp:featuredmedia":[{"embeddable":true,"href":"https:\/\/mdu.edu.az\/ru\/wp-json\/wp\/v2\/media\/48281"}],"wp:attachment":[{"href":"https:\/\/mdu.edu.az\/ru\/wp-json\/wp\/v2\/media?parent=48280"}],"wp:term":[{"taxonomy":"category","embeddable":true,"href":"https:\/\/mdu.edu.az\/ru\/wp-json\/wp\/v2\/categories?post=48280"},{"taxonomy":"post_tag","embeddable":true,"href":"https:\/\/mdu.edu.az\/ru\/wp-json\/wp\/v2\/tags?post=48280"}],"curies":[{"name":"wp","href":"https:\/\/api.w.org\/{rel}","templated":true}]}}