{"id":49110,"date":"2023-05-28T12:19:49","date_gmt":"2023-05-28T09:19:49","guid":{"rendered":"https:\/\/mdu.edu.az\/?p=49110"},"modified":"2023-06-01T22:11:39","modified_gmt":"2023-06-01T19:11:39","slug":"yazi_28-05-23","status":"publish","type":"post","link":"https:\/\/mdu.edu.az\/ru\/yazi_28-05-23\/","title":{"rendered":"\u015eahin Bayramov: Xalq\u0131m\u0131z\u0131n qan\u0131 v\u0259 can\u0131 bahas\u0131na qazan\u0131lan m\u00fcst\u0259qilliyin q\u0259drini bilm\u0259k h\u0259r birimizin \u015f\u0259r\u0259f borcudur (AZ\u018fRTAC)"},"content":{"rendered":"<p><strong><a href=\"https:\/\/azertag.az\/xeber\/Sahin_Bayramov_Xalqimizin_qani_ve_cani_bahasina_qazanilan_musteqilliyin_qedrini_bilmek_her_birimizin_seref_borcudur-2636777\" target=\"_blank\" rel=\"noreferrer noopener\">AZ\u018fRTAC, 28.05.2023<\/a><\/strong><\/p>\n\n\n\n<p>Bu g\u00fcn xalq\u0131m\u0131z m\u00fcs\u0259lman \u015e\u0259rqind\u0259 yaratd\u0131\u011f\u0131 ilk demokratik respublikan\u0131n &#8211; Az\u0259rbaycan Xalq C\u00fcmhuriyy\u0259tinin 105 illiyind\u0259 M\u00fcst\u0259qillik G\u00fcn\u00fcn\u00fc b\u00f6y\u00fck t\u0259nt\u0259n\u0259 il\u0259 qeyd edir. Milli d\u00f6vl\u0259t\u00e7ilik salnam\u0259sinin \u015fanl\u0131 v\u0259 parlaq s\u0259hif\u0259l\u0259rind\u0259n olan bu \u0259lam\u0259tdar g\u00fcn\u00fcn \u201cHeyd\u0259r \u018fliyev \u0130li\u201dnd\u0259, Az\u0259rbaycan\u0131n \u0259razi b\u00fct\u00f6vl\u00fcy\u00fc v\u0259 suverenliyi \u015f\u0259raitind\u0259 qeyd olunmas\u0131 h\u0259r birimizi daha da q\u00fcrurland\u0131r\u0131r. Bel\u0259 bir tarixi g\u00fcnd\u0259 xalq\u0131m\u0131za m\u00fcst\u0259qillik \u0259n\u0259n\u0259l\u0259rini b\u0259x\u015f ed\u0259n c\u00fcmhuriyy\u0259t qurucular\u0131n\u0131n, bu \u0259n\u0259n\u0259l\u0259r\u0259 sadiqlik n\u00fcmayi\u015f etdir\u0259r\u0259k m\u00fcst\u0259qilliyimizi d\u00f6nm\u0259z v\u0259 \u0259b\u0259di ed\u0259n m\u00fcasir Az\u0259rbaycan\u0131n memar\u0131 Heyd\u0259r \u018fliyevin, azadl\u0131\u011f\u0131m\u0131z, suverenliyimiz v\u0259 firavan g\u0259l\u0259c\u0259yimiz u\u011frunda can\u0131ndan ke\u00e7\u0259n q\u0259hr\u0259man \u015f\u0259hidl\u0259rimizin \u0259ziz xatir\u0259l\u0259rini b\u00f6y\u00fck ehtiramla yad edirik.<\/p>\n\n\n\n<p>Bunu <a href=\"https:\/\/azertag.az\/xeber\/Sahin_Bayramov_Xalqimizin_qani_ve_cani_bahasina_qazanilan_musteqilliyin_qedrini_bilmek_her_birimizin_seref_borcudur-2636777\" target=\"_blank\" rel=\"noreferrer noopener\">AZ\u018fRTAC<\/a>-a a\u00e7\u0131qlamas\u0131nda Ming\u0259\u00e7evir D\u00f6vl\u0259t Universitetinin rektoru \u015eahin Bayramov deyib.<\/p>\n\n\n\n<p>Bildirib ki, h\u0259qiq\u0259t\u0259n d\u0259 XX \u0259srin \u0259vv\u0259ll\u0259rind\u0259 d\u00fcnyada v\u0259 b\u00f6lg\u0259d\u0259 m\u00f6vcud olmu\u015f m\u00fcr\u0259kk\u0259b v\u0259 a\u011f\u0131r tarixi siyasi \u015f\u0259rait\u0259 baxmayaraq, demokratik ideyalara v\u0259 prinsipl\u0259r\u0259 \u0259saslanan m\u00fcst\u0259qil d\u00f6vl\u0259tin yarad\u0131lmas\u0131na nail olunmas\u0131 bir daha xalq\u0131m\u0131z\u0131n b\u00f6y\u00fckl\u00fcy\u00fcnd\u0259n, azadl\u0131qsev\u0259rliyind\u0259n, istedad\u0131ndan, m\u00fcst\u0259qil ya\u015fama\u011fa v\u0259 d\u00f6vl\u0259t\u00e7ilik \u0259n\u0259n\u0259l\u0259rini b\u0259rpa etm\u0259y\u0259 qadir olmas\u0131ndan x\u0259b\u0259r verirdi. M\u00f6vcudlu\u011funun q\u0131sa s\u00fcrm\u0259sin\u0259 baxmayaraq, c\u00fcmhuriyy\u0259t d\u00f6vr\u00fcnd\u0259 g\u00f6r\u00fcl\u0259n i\u015fl\u0259r v\u0259 \u0259ld\u0259 edil\u0259n z\u0259ngin d\u00f6vl\u0259t quruculu\u011fu t\u0259cr\u00fcb\u0259si \u00f6lk\u0259mizin g\u0259l\u0259c\u0259k m\u00fcst\u0259qilliyi \u00fc\u00e7\u00fcn etibarl\u0131 z\u0259min haz\u0131rlay\u0131b. C\u00fcmhuriyy\u0259tin xidm\u0259tl\u0259rini h\u0259r zaman y\u00fcks\u0259k qiym\u0259tl\u0259ndir\u0259n \u00dcmummilli Lider Heyd\u0259r \u018fliyevin qeyd etdiyi kimi, \u201cBu respublikan\u0131n yaranmas\u0131 v\u0259 az m\u00fcdd\u0259td\u0259 d\u0259 olsa ya\u015famas\u0131 Az\u0259rbaycan xalq\u0131n\u0131n d\u00f6vl\u0259t\u00e7iliyinin b\u0259rpas\u0131nda, Az\u0259rbaycan\u0131n d\u00f6vl\u0259t m\u00fcst\u0259qilliyini \u0259ld\u0259 etm\u0259k yolunda, demokratik qurulu\u015f yaratmaq istiqam\u0259tind\u0259 tarixi rol oynam\u0131\u015fd\u0131r. Az\u0259rbaycan Xalq C\u00fcmhuriyy\u0259ti bir \u00e7ox d\u0259y\u0259rli i\u015fl\u0259r g\u00f6rm\u00fc\u015f v\u0259 Az\u0259rbaycan\u0131 bir m\u00fcst\u0259qil demokratik respublika kimi ya\u015fatma\u011fa \u00e7al\u0131\u015fm\u0131\u015fd\u0131r\u201d.<\/p>\n\n\n\n<p>Sovet i\u015f\u011fal\u0131 s\u0259b\u0259bind\u0259n Xalq C\u00fcmhuriyy\u0259ti tezlikl\u0259 s\u00fcquta u\u011frasa da, yetmi\u015f il h\u00f6km s\u00fcr\u0259n imperiyan\u0131n da\u011f\u0131lmas\u0131ndan sonra yenid\u0259n m\u00fcst\u0259qilliyin\u0259 qovu\u015fan Az\u0259rbaycan Respublikas\u0131 m\u0259hz c\u00fcmhuriyy\u0259t \u0259n\u0259n\u0259l\u0259rini ya\u015fadan v\u0259 inki\u015faf etdir\u0259n \u00dcmummilli Lider Heyd\u0259r \u018fliyevin xilaskarl\u0131q missiyas\u0131, uzaqg\u00f6r\u0259n v\u0259 q\u0259tiyy\u0259tli siyas\u0259ti say\u0259sind\u0259 m\u0259hv olmaq t\u0259hl\u00fck\u0259sind\u0259n qurtulub v\u0259 \u0259b\u0259di m\u00fcst\u0259qilliyini t\u0259min edib. \u00dcmummilli Lider Heyd\u0259r \u018fliyev Az\u0259rbaycan Xalq C\u00fcmhuriyy\u0259ti il\u0259 m\u00fcasir m\u00fcst\u0259qil d\u00f6vl\u0259timiz aras\u0131nda siyasi v\u0259 m\u0259n\u0259vi ba\u011fl\u0131l\u0131\u011fa, varisliy\u0259 daim y\u00fcks\u0259k qiym\u0259t verirdi. Bu bar\u0259d\u0259 Heyd\u0259r \u018fliyevin qeyd etdiyi \u201cBiz onlar\u0131n varisiyik, onlar\u0131n i\u015finin davam\u00e7\u0131lar\u0131y\u0131q \u2013 ancaq yeni \u015f\u0259raitd\u0259, yeni bir tarixi zamanda\u201d fikirl\u0259ri m\u0259hz dahi \u015f\u0259xsiyy\u0259tin c\u00fcmhuriyy\u0259t d\u0259y\u0259rl\u0259rin\u0259 m\u00fcdrik yana\u015fmas\u0131n\u0131n bariz g\u00f6st\u0259ricil\u0259rind\u0259n biri idi. Dan\u0131lmaz h\u0259qiq\u0259tdir ki, bug\u00fcnk\u00fc m\u00fcasir v\u0259 m\u00fcst\u0259qil Az\u0259rbaycan d\u00f6vl\u0259ti Ulu \u00d6nd\u0259rimizin \u015fah \u0259s\u0259ridir.<\/p>\n\n\n\n<p>\u015eahin Bayramov qeyd edib ki, haz\u0131rda \u00dcmummilli Liderimizin siyasi kursunu yeni d\u00f6vr\u00fcn t\u0259l\u0259bl\u0259rin\u0259 uy\u011fun u\u011furla davam etdir\u0259n Prezident \u0130lham \u018fliyevin q\u0259tiyy\u0259tli v\u0259 m\u00fcdrik siyas\u0259ti say\u0259sind\u0259 Az\u0259rbaycan m\u00fcst\u0259qillik tarixinin \u0259n q\u00fcdr\u0259tli m\u0259rh\u0259l\u0259sin\u0259 q\u0259d\u0259m qoyub. \u201cBiz Az\u0259rbaycan Xalq C\u00fcmhuriyy\u0259tinin b\u00fct\u00fcn demokratik \u0259n\u0259n\u0259l\u0259rin\u0259 sadiqik v\u0259 bu \u0259n\u0259n\u0259l\u0259ri ya\u015fad\u0131r\u0131q&#8221; fikirl\u0259rini t\u0259kc\u0259 s\u00f6zd\u0259 deyil, yorulmaz f\u0259aliyy\u0259tind\u0259 d\u0259 g\u00f6st\u0259r\u0259n Prezident \u0130lham \u018fliyevin r\u0259hb\u0259rliyi d\u00f6vr\u00fcnd\u0259 Az\u0259rbaycan h\u00fcquqi, demokratik v\u0259 d\u00fcny\u0259vi d\u00f6vl\u0259t quruculu\u011fu yolu il\u0259 inamla ir\u0259lil\u0259yib, h\u0259rt\u0259r\u0259fli inki\u015fafa nail olub. M\u00fcz\u0259ff\u0259r Ali Ba\u015f Komandan\u0131m\u0131z\u0131n r\u0259hb\u0259rliyi, r\u0259\u015fad\u0259tli Az\u0259rbaycan Ordusunun q\u0259hr\u0259man \u0259sg\u0259r v\u0259 zabitl\u0259rinin \u015f\u00fcca\u0259ti say\u0259sind\u0259 44 g\u00fcnl\u00fck V\u0259t\u0259n m\u00fcharib\u0259sind\u0259 qazan\u0131lan tarixi Z\u0259f\u0259rl\u0259 \u00f6lk\u0259miz \u0259razi b\u00fct\u00f6vl\u00fcy\u00fcn\u00fc t\u0259min edib, qalib d\u00f6vl\u0259t kimi m\u00fcst\u0259qilliyini v\u0259 suverenliyini daha da g\u00fccl\u0259ndirib. Bu g\u00fcn m\u00fcst\u0259qil q\u00fcdr\u0259tli Az\u0259rbaycan h\u0259r bir v\u0259t\u0259nda\u015f\u0131m\u0131z \u00fc\u00e7\u00fcn q\u00fcrur m\u0259nb\u0259yin\u0259 \u00e7evrilib. Bu g\u00fcn Az\u0259rbaycan \u0259srl\u0259r boyu xalq\u0131m\u0131z\u0131n, o c\u00fcml\u0259d\u0259n c\u00fcmhuriyy\u0259tin qurucular\u0131n\u0131n arzu etdiyi y\u00fcks\u0259li\u015f d\u00f6vr\u00fcn\u00fc ya\u015fay\u0131r. Bu kontekstd\u0259 Prezident \u0130lham \u018fliyevin fikirl\u0259rini vur\u011fulamaq yerin\u0259 d\u00fc\u015f\u0259rdi: \u201cBiz Az\u0259rbaycan Xalq C\u00fcmhuriyy\u0259tinin qurucular\u0131n\u0131n arzular\u0131n\u0131 reall\u0131\u011fa \u00e7evirdik. Biz el\u0259 bir d\u00f6vl\u0259t qurduq ki, \u0259min\u0259m, h\u0259r bir Az\u0259rbaycan v\u0259t\u0259nda\u015f\u0131, h\u0259r bir az\u0259rbaycanl\u0131 bu d\u00f6vl\u0259tl\u0259 f\u0259xr edir. M\u0259n tam \u0259min\u0259m ki, \u0259g\u0259r Az\u0259rbaycan Xalq C\u00fcmhuriyy\u0259tinin qurucular\u0131 bug\u00fcnk\u00fc Az\u0259rbaycan\u0131 g\u00f6r\u0259 bils\u0259ydil\u0259r, onlar da \u00f6lk\u0259mizl\u0259 f\u0259xr ed\u0259rdil\u0259r\u201d.<\/p>\n\n\n\n<p>\u201c\u015e\u00fcbh\u0259siz ki, Az\u0259rbaycan\u0131n bug\u00fcnk\u00fc inki\u015faf\u0131n\u0131n v\u0259 g\u00fccl\u0259nm\u0259sinin \u0259sas\u0131nda dayanan \u0259n ba\u015fl\u0131ca \u015f\u0259rt m\u00fcst\u0259qil d\u00f6vl\u0259t\u0259 sahib olmas\u0131d\u0131r. Prezident \u0130lham \u018fliyevin qeyd etdiyi kimi, \u201cM\u00fcst\u0259qillik \u0259n b\u00f6y\u00fck s\u0259rv\u0259timizdir, \u0259n b\u00f6y\u00fck nem\u0259timizdir, \u0259n b\u00f6y\u00fck xo\u015fb\u0259xtliyimizdir. Az\u0259rbaycan\u0131n m\u00fcst\u0259qilliyi \u0259b\u0259didir\u201d. Ona g\u00f6r\u0259 d\u0259 xalq\u0131m\u0131z\u0131n qan\u0131 v\u0259 can\u0131 bahas\u0131na, y\u00fcks\u0259k intellekti, \u0259zmi, irad\u0259si v\u0259 m\u00fcbarizlik ruhu say\u0259sind\u0259 qazan\u0131lan, qorunan v\u0259 m\u00f6hk\u0259ml\u0259n\u0259n m\u00fcst\u0259qilliyin q\u0259drini bilm\u0259k h\u0259r birimizin \u015f\u0259r\u0259f borcudur\u201d, &#8211; dey\u0259 o \u0259lav\u0259 edib.<\/p>","protected":false},"excerpt":{"rendered":"<p>AZ\u018fRTAC, 28.05.2023 Bu g\u00fcn xalq\u0131m\u0131z m\u00fcs\u0259lman \u015e\u0259rqind\u0259 yaratd\u0131\u011f\u0131 ilk demokratik respublikan\u0131n &#8211; Az\u0259rbaycan Xalq C\u00fcmhuriyy\u0259tinin 105 illiyind\u0259 M\u00fcst\u0259qillik G\u00fcn\u00fcn\u00fc b\u00f6y\u00fck t\u0259nt\u0259n\u0259 il\u0259 qeyd edir. Milli d\u00f6vl\u0259t\u00e7ilik salnam\u0259sinin \u015fanl\u0131 v\u0259 parlaq s\u0259hif\u0259l\u0259rind\u0259n olan bu \u0259lam\u0259tdar g\u00fcn\u00fcn \u201cHeyd\u0259r \u018fliyev \u0130li\u201dnd\u0259, Az\u0259rbaycan\u0131n \u0259razi b\u00fct\u00f6vl\u00fcy\u00fc v\u0259 suverenliyi \u015f\u0259raitind\u0259 qeyd olunmas\u0131 h\u0259r birimizi daha da q\u00fcrurland\u0131r\u0131r. Bel\u0259 bir tarixi g\u00fcnd\u0259 [&hellip;]<\/p>\n","protected":false},"author":2,"featured_media":49111,"comment_status":"closed","ping_status":"closed","sticky":false,"template":"","format":"standard","meta":{"_eb_attr":"","ocean_post_layout":"","ocean_both_sidebars_style":"","ocean_both_sidebars_content_width":0,"ocean_both_sidebars_sidebars_width":0,"ocean_sidebar":"0","ocean_second_sidebar":"0","ocean_disable_margins":"enable","ocean_add_body_class":"","ocean_shortcode_before_top_bar":"","ocean_shortcode_after_top_bar":"","ocean_shortcode_before_header":"","ocean_shortcode_after_header":"","ocean_has_shortcode":"","ocean_shortcode_after_title":"","ocean_shortcode_before_footer_widgets":"","ocean_shortcode_after_footer_widgets":"","ocean_shortcode_before_footer_bottom":"","ocean_shortcode_after_footer_bottom":"","ocean_display_top_bar":"default","ocean_display_header":"default","ocean_header_style":"","ocean_center_header_left_menu":"0","ocean_custom_header_template":"0","ocean_custom_logo":0,"ocean_custom_retina_logo":0,"ocean_custom_logo_max_width":0,"ocean_custom_logo_tablet_max_width":0,"ocean_custom_logo_mobile_max_width":0,"ocean_custom_logo_max_height":0,"ocean_custom_logo_tablet_max_height":0,"ocean_custom_logo_mobile_max_height":0,"ocean_header_custom_menu":"0","ocean_menu_typo_font_family":"0","ocean_menu_typo_font_subset":"","ocean_menu_typo_font_size":0,"ocean_menu_typo_font_size_tablet":0,"ocean_menu_typo_font_size_mobile":0,"ocean_menu_typo_font_size_unit":"px","ocean_menu_typo_font_weight":"","ocean_menu_typo_font_weight_tablet":"","ocean_menu_typo_font_weight_mobile":"","ocean_menu_typo_transform":"","ocean_menu_typo_transform_tablet":"","ocean_menu_typo_transform_mobile":"","ocean_menu_typo_line_height":0,"ocean_menu_typo_line_height_tablet":0,"ocean_menu_typo_line_height_mobile":0,"ocean_menu_typo_line_height_unit":"","ocean_menu_typo_spacing":0,"ocean_menu_typo_spacing_tablet":0,"ocean_menu_typo_spacing_mobile":0,"ocean_menu_typo_spacing_unit":"","ocean_menu_link_color":"","ocean_menu_link_color_hover":"","ocean_menu_link_color_active":"","ocean_menu_link_background":"","ocean_menu_link_hover_background":"","ocean_menu_link_active_background":"","ocean_menu_social_links_bg":"","ocean_menu_social_hover_links_bg":"","ocean_menu_social_links_color":"","ocean_menu_social_hover_links_color":"","ocean_disable_title":"default","ocean_disable_heading":"default","ocean_post_title":"","ocean_post_subheading":"","ocean_post_title_style":"","ocean_post_title_background_color":"","ocean_post_title_background":0,"ocean_post_title_bg_image_position":"","ocean_post_title_bg_image_attachment":"","ocean_post_title_bg_image_repeat":"","ocean_post_title_bg_image_size":"","ocean_post_title_height":0,"ocean_post_title_bg_overlay":0.5,"ocean_post_title_bg_overlay_color":"","ocean_disable_breadcrumbs":"default","ocean_breadcrumbs_color":"","ocean_breadcrumbs_separator_color":"","ocean_breadcrumbs_links_color":"","ocean_breadcrumbs_links_hover_color":"","ocean_display_footer_widgets":"default","ocean_display_footer_bottom":"default","ocean_custom_footer_template":"0","ocean_post_oembed":"","ocean_post_self_hosted_media":"","ocean_post_video_embed":"","ocean_link_format":"","ocean_link_format_target":"self","ocean_quote_format":"","ocean_quote_format_link":"post","ocean_gallery_link_images":"off","ocean_gallery_id":[],"footnotes":""},"categories":[122],"tags":[],"class_list":["post-49110","post","type-post","status-publish","format-standard","has-post-thumbnail","hentry","category-heydr-liyev-100-il","entry","has-media"],"_links":{"self":[{"href":"https:\/\/mdu.edu.az\/ru\/wp-json\/wp\/v2\/posts\/49110","targetHints":{"allow":["GET"]}}],"collection":[{"href":"https:\/\/mdu.edu.az\/ru\/wp-json\/wp\/v2\/posts"}],"about":[{"href":"https:\/\/mdu.edu.az\/ru\/wp-json\/wp\/v2\/types\/post"}],"author":[{"embeddable":true,"href":"https:\/\/mdu.edu.az\/ru\/wp-json\/wp\/v2\/users\/2"}],"replies":[{"embeddable":true,"href":"https:\/\/mdu.edu.az\/ru\/wp-json\/wp\/v2\/comments?post=49110"}],"version-history":[{"count":1,"href":"https:\/\/mdu.edu.az\/ru\/wp-json\/wp\/v2\/posts\/49110\/revisions"}],"predecessor-version":[{"id":49229,"href":"https:\/\/mdu.edu.az\/ru\/wp-json\/wp\/v2\/posts\/49110\/revisions\/49229"}],"wp:featuredmedia":[{"embeddable":true,"href":"https:\/\/mdu.edu.az\/ru\/wp-json\/wp\/v2\/media\/49111"}],"wp:attachment":[{"href":"https:\/\/mdu.edu.az\/ru\/wp-json\/wp\/v2\/media?parent=49110"}],"wp:term":[{"taxonomy":"category","embeddable":true,"href":"https:\/\/mdu.edu.az\/ru\/wp-json\/wp\/v2\/categories?post=49110"},{"taxonomy":"post_tag","embeddable":true,"href":"https:\/\/mdu.edu.az\/ru\/wp-json\/wp\/v2\/tags?post=49110"}],"curies":[{"name":"wp","href":"https:\/\/api.w.org\/{rel}","templated":true}]}}