{"id":50140,"date":"2023-06-19T22:48:03","date_gmt":"2023-06-19T19:48:03","guid":{"rendered":"https:\/\/mdu.edu.az\/?p=50140"},"modified":"2023-06-20T08:24:08","modified_gmt":"2023-06-20T05:24:08","slug":"ankara_19-06-23","status":"publish","type":"post","link":"https:\/\/mdu.edu.az\/ru\/ankara_19-06-23\/","title":{"rendered":"Ankarada elmi konfrans: \u201cHeyd\u0259r \u018fliyev v\u0259 Az\u0259rbaycan-T\u00fcrkiy\u0259 \u0259laq\u0259l\u0259rinin inki\u015faf\u0131\u201d"},"content":{"rendered":"<p><strong><a href=\"https:\/\/gazi.edu.tr\/view\/news\/293103\/-azerbaycan-turkiye-iliskilerinin-gelismesinde-haydar-aliyev-konulu-panel-universitemiz-ev-sahipliginde-gerceklestirildi\" data-type=\"URL\" data-id=\"https:\/\/gazi.edu.tr\/view\/news\/293103\/-azerbaycan-turkiye-iliskilerinin-gelismesinde-haydar-aliyev-konulu-panel-universitemiz-ev-sahipliginde-gerceklestirildi\" target=\"_blank\" rel=\"noreferrer noopener\">\u201cAzerbaycan-T\u00fcrkiye \u0130li\u015fkilerinin Geli\u015fmesinde Haydar Aliyev\u201d Konulu Panel \u00dcniversitemiz Ev Sahipli\u011finde Ger\u00e7ekle\u015ftirildi (Qazi Universiteti, 19.06.20<\/a><a href=\"https:\/\/gazi.edu.tr\/view\/news\/293103\/-azerbaycan-turkiye-iliskilerinin-gelismesinde-haydar-aliyev-konulu-panel-universitemiz-ev-sahipliginde-gerceklestirildi\" data-type=\"URL\" data-id=\"https:\/\/gazi.edu.tr\/view\/news\/293103\/-azerbaycan-turkiye-iliskilerinin-gelismesinde-haydar-aliyev-konulu-panel-universitemiz-ev-sahipliginde-gerceklestirildi\">23)<\/a><\/strong><\/p>\n\n\n\n<p>2023-c\u00fc ilin iyunun 19-da Ankarada Az\u0259rbaycan Respublikas\u0131n\u0131n T\u00fcrkiy\u0259 Respublikas\u0131ndak\u0131 S\u0259firliyi, T\u00fcrkiy\u0259nin Qazi Universiteti v\u0259 Ming\u0259\u00e7evir D\u00f6vl\u0259t Universitetinin birg\u0259 t\u0259\u015fkilat\u00e7\u0131l\u0131\u011f\u0131 il\u0259 \u201cHeyd\u0259r \u018fliyev \u0130li\u201d \u00e7\u0259r\u00e7iv\u0259sind\u0259 \u201cHeyd\u0259r \u018fliyev v\u0259 Az\u0259rbaycan-T\u00fcrkiy\u0259 \u0259laq\u0259l\u0259rinin inki\u015faf\u0131\u201d m\u00f6vzusunda elmi konfrans ke\u00e7irilib. Qazi Universiteti rektorlu\u011funun Mimar Kemaleddin Salonunda ba\u015f tutan konfransda S\u0259firliyin n\u00fcmay\u0259nd\u0259l\u0259ri, h\u0259r iki ali t\u0259hsil m\u00fc\u0259ssis\u0259sinin akademik v\u0259 inzibati hey\u0259t \u00fczvl\u0259ri, t\u0259l\u0259b\u0259l\u0259r, magistrantlar v\u0259 doktorantlar i\u015ftirak edibl\u0259r.<\/p>\n\n\n\n<p>\u018fvv\u0259lc\u0259, \u00dcmummilli liderimiz Heyd\u0259r \u018fliyevin, T\u00fcrkiy\u0259 C\u00fcmhuriyy\u0259tinin banisi Mustafa Kamal Atat\u00fcrk\u00fcn v\u0259 \u015f\u0259hidl\u0259rimizin \u0259ziz xatir\u0259l\u0259ri bir d\u0259qiq\u0259lik s\u00fckutla yad edilib, Az\u0259rbaycan\u0131n v\u0259 T\u00fcrkiy\u0259nin d\u00f6vl\u0259t himnl\u0259ri s\u0259sl\u0259ndirilib.<\/p>\n\n\n\n<p>Sonra, konfrans\u0131n a\u00e7\u0131l\u0131\u015f\u0131nda MDU-nun rektoru \u015eahin Bayramov, Qazi Universitetinin prorektoru Y\u00fccel Geli\u015fli v\u0259 &nbsp;Az\u0259rbaycan\u0131n T\u00fcrkiy\u0259d\u0259ki S\u0259firliyinin birinci katibi \u0130slam Quliyev \u00e7\u0131x\u0131\u015f edibl\u0259r.<\/p>\n\n\n\n<p>Konfrans i\u015ftirak\u00e7\u0131lar\u0131n\u0131 salamlayan MDU-nun rektoru \u015e.Bayramov Az\u0259rbaycan xalq\u0131n\u0131n \u00fcmummilli lideri Heyd\u0259r \u018fliyevin anadan olmas\u0131n\u0131n 100 illiyin\u0259 h\u0259sr olunan bel\u0259 bir m\u00f6t\u0259b\u0259r t\u0259dbir\u0259 t\u0259r\u0259fda\u015fl\u0131q etm\u0259kd\u0259n m\u0259mnunlu\u011funu ifad\u0259 edib v\u0259 yarad\u0131lan \u015f\u0259rait\u0259 g\u00f6r\u0259 t\u0259\u015f\u0259kk\u00fcr\u00fcn\u00fc bildirib. M\u00fcasir Az\u0259rbaycan d\u00f6vl\u0259tinin xilaskar\u0131 v\u0259 qurucusu Heyd\u0259r \u018fliyevin milli m\u00fcst\u0259qilliyimizin qorunmas\u0131 v\u0259 g\u00fccl\u0259ndirilm\u0259si, \u00f6lk\u0259mizin h\u0259rt\u0259r\u0259fli v\u0259 davaml\u0131 inki\u015faf\u0131 namin\u0259 misilsiz xidm\u0259tl\u0259r g\u00f6st\u0259rdiyini qeyd ed\u0259n \u015e.Bayramov haz\u0131rda m\u00fcst\u0259qillik tarixinin \u0259n q\u00fcdr\u0259tli d\u00f6vr\u00fcn\u00fc ya\u015fayan Az\u0259rbaycanda Ulu \u00d6nd\u0259rin siyasi kursunun u\u011furla davam etdirildiyini vur\u011fulay\u0131b. Rektor bildirib ki, m\u00fcz\u0259ff\u0259r Ali Ba\u015f Komandan\u0131m\u0131z\u0131n r\u0259hb\u0259rliyi, r\u0259\u015fad\u0259tli Az\u0259rbaycan Ordusunun \u0259sg\u0259r v\u0259 zabitl\u0259rinin q\u0259hr\u0259manl\u0131\u011f\u0131, xalq\u0131m\u0131z\u0131n h\u0259mr\u0259yliyi, qarda\u015f T\u00fcrkiy\u0259nin siyasi v\u0259 m\u0259n\u0259vi d\u0259st\u0259yi say\u0259sind\u0259 44 g\u00fcnl\u00fck V\u0259t\u0259n m\u00fcharib\u0259sind\u0259 qazan\u0131lan tarixi Z\u0259f\u0259r m\u0259hz Heyd\u0259r \u018fliyev siyas\u0259tinin t\u0259nt\u0259n\u0259sidir. &#8220;Bir mill\u0259t, iki d\u00f6vl\u0259t&#8221; anlay\u0131\u015f\u0131yla \u00dcmummilli Liderin h\u0259r zaman qarda\u015f T\u00fcrkiy\u0259 il\u0259 \u0259laq\u0259l\u0259rin inki\u015faf\u0131na v\u0259 dostluq m\u00fcnasib\u0259tl\u0259rinin g\u00fccl\u0259ndirilm\u0259sin\u0259 b\u00f6y\u00fck \u00f6n\u0259m v\u0259 misilsiz t\u00f6hf\u0259l\u0259r verdiyini diqq\u0259t\u0259 \u00e7atd\u0131ran \u015e.Bayramov dahi \u015f\u0259xsiyy\u0259tin \u0259ziz xatir\u0259sinin xalqlar\u0131m\u0131z t\u0259r\u0259find\u0259n daima b\u00f6y\u00fck h\u00f6rm\u0259t, sonsuz sevgi v\u0259 minn\u0259tdarl\u0131qla yad edil\u0259c\u0259yini bildirib. Qar\u015f\u0131l\u0131ql\u0131 \u0259laq\u0259l\u0259rin inki\u015faf\u0131nda elm v\u0259 t\u0259hsil sah\u0259sinin \u00f6n\u0259mind\u0259n dan\u0131\u015fan rektor n\u00f6vb\u0259ti ill\u0259r \u00fc\u00e7\u00fcn h\u0259r iki qarda\u015f \u00f6lk\u0259nin inki\u015faf strategiyas\u0131n\u0131n \u0259m\u0259kda\u015fl\u0131q bax\u0131m\u0131ndan yeni imkanlar qazand\u0131raca\u011f\u0131n\u0131, universitetl\u0259rin h\u0259r\u0259k\u0259tverici rolunu v\u0259 m\u0259suliyy\u0259tini daha da art\u0131raca\u011f\u0131n\u0131 qeyd edib. Qazi Universiteti il\u0259 i\u015fbirliyinin u\u011furla davam etdiyini dey\u0259n \u015e.Bayramov elmi t\u0259dbirin t\u0259\u015fkilind\u0259 d\u0259st\u0259yi v\u0259 \u0259m\u0259yi olanlara t\u0259\u015f\u0259kk\u00fcr\u00fcn\u00fc bildirib.<\/p>\n\n\n\n<p>Qazi Universiteti rektoru Musa Y\u0131ld\u0131z\u0131n salamlar\u0131n\u0131 \u00e7atd\u0131ran bu ali t\u0259hsil m\u00fc\u0259ssis\u0259sinin prorektoru Y\u00fccel Geli\u015fli ortaq elmi konfrans\u0131n \u0259sas m\u0259qs\u0259dind\u0259n v\u0259 \u00f6n\u0259mind\u0259n dan\u0131\u015f\u0131b. Ulu \u00d6nd\u0259r Heyd\u0259r \u018fliyevin qlobal liderlik keyfiyy\u0259tl\u0259rin\u0259 malik oldu\u011funu vur\u011fulayan prorektor g\u00f6rk\u0259mli d\u00f6vl\u0259t xadiminin \u00e7ox\u015fax\u0259li, z\u0259ngin h\u0259yat v\u0259 f\u0259aliyy\u0259tind\u0259 T\u00fcrk D\u00fcnyas\u0131n\u0131n x\u00fcsusi v\u0259 m\u00fch\u00fcm yer\u0259 sahib oldu\u011funu diqq\u0259t\u0259 \u00e7atd\u0131r\u0131b. Bu il T\u00fcrkiy\u0259 Respublikas\u0131n\u0131n yaranmas\u0131n\u0131n 100 illiyinin tamam oldu\u011funu bildir\u0259n Y.Geli\u015fli h\u0259r iki y\u00fczilliyin sevincini \u00f6z\u00fcnd\u0259 ehtiva ed\u0259n bel\u0259 bir t\u0259dbir\u0259 Qazi Universitetinin evsahibliyi etm\u0259sind\u0259n m\u0259mnunlu\u011funu ifad\u0259 edib. \u0130ki universitet aras\u0131nda \u0259m\u0259kda\u015fl\u0131\u011f\u0131n vacibliyind\u0259n b\u0259hs ed\u0259n Y.Geli\u015fli MDU v\u0259 Qazi Universiteti aras\u0131nda m\u00fcnt\u0259z\u0259m olaraq t\u0259\u015fkil edil\u0259n ortaq konfranslar\u0131n i\u015fbirliyinin inki\u015faf\u0131na \u0259h\u0259miyy\u0259tli t\u00f6hf\u0259 verdiyini deyib, t\u0259\u015fkilat\u00e7\u0131lara v\u0259 m\u0259ruz\u0259\u00e7il\u0259r\u0259 t\u0259\u015f\u0259kk\u00fcr\u00fcn\u00fc bildirib.<\/p>\n\n\n\n<p>Az\u0259rbaycan Respublikas\u0131n\u0131n T\u00fcrkiy\u0259 Respublikas\u0131ndak\u0131 S\u0259firi R\u0259\u015fad M\u0259mm\u0259dovun salamlar\u0131n\u0131 \u00e7atd\u0131ran S\u0259firliyin birinci katibi \u0130.Quliyev qarda\u015f \u00f6lk\u0259l\u0259rin universitetl\u0259ri aras\u0131nda \u0259m\u0259kda\u015fl\u0131\u011f\u0131n inki\u015faf\u0131ndan b\u0259hs edib v\u0259 MDU-nun bu sah\u0259d\u0259 aktivliyini vur\u011fulay\u0131b. D\u00fcnya \u015f\u00f6hr\u0259tli siyas\u0259t\u00e7i, ulu \u00f6nd\u0259r Heyd\u0259r \u018fliyevin titanik v\u0259 misilsiz f\u0259aliyy\u0259tl\u0259ri il\u0259 xalq\u0131m\u0131z\u0131n xilaskar lideri v\u0259 \u00fcmummilli lideri zirv\u0259sin\u0259 y\u00fcks\u0259ldiyini qeyd ed\u0259n \u0130.Quliyev haz\u0131rda dahi \u015f\u0259xsiyy\u0259tin siyasi kursunu layiqli \u015f\u0259kild\u0259 davam etdir\u0259n Prezident \u0130lham \u018fliyevin r\u0259hb\u0259rliyi il\u0259 Az\u0259rbaycan\u0131n n\u0259h\u0259ng u\u011furlara v\u0259 \u0259z\u0259m\u0259tli q\u0259l\u0259b\u0259l\u0259r\u0259 imza atd\u0131\u011f\u0131n\u0131 bildirib. \u00dcmummilli liderin z\u0259ngin irsinin \u00f6yr\u0259nilm\u0259si v\u0259 t\u0259bli\u011finin \u00f6n\u0259mind\u0259n b\u0259hs ed\u0259n \u0130.Quliyev \u201cHeyd\u0259r \u018fliyev \u0130li\u201d \u00e7\u0259r\u00e7iv\u0259sind\u0259 S\u0259firliyin bir \u00e7ox&nbsp; t\u0259dbirl\u0259r\u0259 d\u0259st\u0259k g\u00f6st\u0259rdiyini qeyd edib. H\u0259r iki universitetin bu istiqam\u0259td\u0259 f\u0259aliyy\u0259tl\u0259r\u0259 t\u00f6hf\u0259l\u0259rin\u0259 g\u00f6r\u0259 t\u0259\u015f\u0259kk\u00fcr\u00fcn\u00fc bildir\u0259n \u0130.Quliyev konfrans\u0131n i\u015fin\u0259 u\u011furlar arzulay\u0131b.<\/p>\n\n\n\n<p>A\u00e7\u0131l\u0131\u015f nitqind\u0259n sonra Qazi Universitetinin prorektoru t\u0259r\u0259find\u0259n MDU rektoruna plaket verilib. Eyni zamanda, MDU rektoru t\u0259r\u0259find\u0259n Qazi Universitetinin prorektoruna v\u0259 konfrans\u0131n m\u0259ruz\u0259\u00e7il\u0259rin\u0259 xatir\u0259 h\u0259diyy\u0259l\u0259ri t\u0259qdim edilib.<\/p>\n\n\n\n<p>Sonra konfrans Qazi Universitetinin professoru Alev \u00c7akmako\u011flu Kurunun moderatorlu\u011fu il\u0259 paneld\u0259 davam edib. Paneld\u0259 MDU aliml\u0259rind\u0259n dosent Esmira C\u0259f\u0259rova \u201cHeyd\u0259r \u018fliyev v\u0259 \u201cBir mill\u0259t, iki d\u00f6vl\u0259t\u201d anlay\u0131\u015f\u0131\u201d v\u0259 dosent Asim M\u0259mm\u0259dov \u201cHeyd\u0259r \u018fliyevin T\u00fcrk D\u00fcnyas\u0131n\u0131n birliyin\u0259 t\u00f6hf\u0259l\u0259ri\u201d m\u00f6vzusunda, Qazi Universiteti aliml\u0259rind\u0259n professor \u0130smet \u00c7etin \u201cHeyd\u0259r \u018fliyev d\u00f6n\u0259mi v\u0259 T\u00fcrkiy\u0259-Az\u0259rbaycan m\u0259d\u0259ni \u0259laq\u0259l\u0259ri\u201d v\u0259 professor Alev \u00c7akmako\u011flu Kuru \u201cAz\u0259rbaycan\u0131n sevinci bizim sevincimiz, k\u0259d\u0259ri bizim k\u0259d\u0259rimizdir\u201d v\u0259 \u201cBir mill\u0259t, iki d\u00f6vl\u0259t\u201d s\u00f6zl\u0259rinin T\u00fcrk s\u0259n\u0259tind\u0259 izl\u0259ri\u201d m\u00f6vzusunda m\u0259ruz\u0259l\u0259rl\u0259 \u00e7\u0131x\u0131\u015f edibl\u0259r.<\/p>\n\n\n\n<p>M\u0259ruz\u0259l\u0259r i\u015ftirak\u00e7\u0131lar t\u0259r\u0259find\u0259n b\u00f6y\u00fck maraqla qar\u015f\u0131lan\u0131b.<\/p>\n\n\n\n<p>Qeyd ed\u0259k ki, MDU-da \u201cHeyd\u0259r \u018fliyev \u0130li\u201d \u00e7\u0259r\u00e7iv\u0259sind\u0259 yerli v\u0259 xarici t\u0259r\u0259fda\u015f ali t\u0259hsil m\u00fc\u0259ssis\u0259l\u0259ri il\u0259 birg\u0259 m\u00fcxt\u0259lif formatl\u0131 t\u0259dbirl\u0259rin ke\u00e7irilm\u0259si diqq\u0259t m\u0259rk\u0259zind\u0259 saxlan\u0131l\u0131r.<\/p>","protected":false},"excerpt":{"rendered":"<p>\u201cAzerbaycan-T\u00fcrkiye \u0130li\u015fkilerinin Geli\u015fmesinde Haydar Aliyev\u201d Konulu Panel \u00dcniversitemiz Ev Sahipli\u011finde Ger\u00e7ekle\u015ftirildi (Qazi Universiteti, 19.06.2023) 2023-c\u00fc ilin iyunun 19-da Ankarada Az\u0259rbaycan Respublikas\u0131n\u0131n T\u00fcrkiy\u0259 Respublikas\u0131ndak\u0131 S\u0259firliyi, T\u00fcrkiy\u0259nin Qazi Universiteti v\u0259 Ming\u0259\u00e7evir D\u00f6vl\u0259t Universitetinin birg\u0259 t\u0259\u015fkilat\u00e7\u0131l\u0131\u011f\u0131 il\u0259 \u201cHeyd\u0259r \u018fliyev \u0130li\u201d \u00e7\u0259r\u00e7iv\u0259sind\u0259 \u201cHeyd\u0259r \u018fliyev v\u0259 Az\u0259rbaycan-T\u00fcrkiy\u0259 \u0259laq\u0259l\u0259rinin inki\u015faf\u0131\u201d m\u00f6vzusunda elmi konfrans ke\u00e7irilib. Qazi Universiteti rektorlu\u011funun Mimar Kemaleddin Salonunda ba\u015f [&hellip;]<\/p>\n","protected":false},"author":2,"featured_media":50157,"comment_status":"closed","ping_status":"closed","sticky":false,"template":"","format":"gallery","meta":{"_eb_attr":"","ocean_post_layout":"","ocean_both_sidebars_style":"","ocean_both_sidebars_content_width":0,"ocean_both_sidebars_sidebars_width":0,"ocean_sidebar":"","ocean_second_sidebar":"","ocean_disable_margins":"enable","ocean_add_body_class":"","ocean_shortcode_before_top_bar":"","ocean_shortcode_after_top_bar":"","ocean_shortcode_before_header":"","ocean_shortcode_after_header":"","ocean_has_shortcode":"","ocean_shortcode_after_title":"","ocean_shortcode_before_footer_widgets":"","ocean_shortcode_after_footer_widgets":"","ocean_shortcode_before_footer_bottom":"","ocean_shortcode_after_footer_bottom":"","ocean_display_top_bar":"default","ocean_display_header":"default","ocean_header_style":"","ocean_center_header_left_menu":"","ocean_custom_header_template":"","ocean_custom_logo":0,"ocean_custom_retina_logo":0,"ocean_custom_logo_max_width":0,"ocean_custom_logo_tablet_max_width":0,"ocean_custom_logo_mobile_max_width":0,"ocean_custom_logo_max_height":0,"ocean_custom_logo_tablet_max_height":0,"ocean_custom_logo_mobile_max_height":0,"ocean_header_custom_menu":"","ocean_menu_typo_font_family":"","ocean_menu_typo_font_subset":"","ocean_menu_typo_font_size":0,"ocean_menu_typo_font_size_tablet":0,"ocean_menu_typo_font_size_mobile":0,"ocean_menu_typo_font_size_unit":"px","ocean_menu_typo_font_weight":"","ocean_menu_typo_font_weight_tablet":"","ocean_menu_typo_font_weight_mobile":"","ocean_menu_typo_transform":"","ocean_menu_typo_transform_tablet":"","ocean_menu_typo_transform_mobile":"","ocean_menu_typo_line_height":0,"ocean_menu_typo_line_height_tablet":0,"ocean_menu_typo_line_height_mobile":0,"ocean_menu_typo_line_height_unit":"","ocean_menu_typo_spacing":0,"ocean_menu_typo_spacing_tablet":0,"ocean_menu_typo_spacing_mobile":0,"ocean_menu_typo_spacing_unit":"","ocean_menu_link_color":"","ocean_menu_link_color_hover":"","ocean_menu_link_color_active":"","ocean_menu_link_background":"","ocean_menu_link_hover_background":"","ocean_menu_link_active_background":"","ocean_menu_social_links_bg":"","ocean_menu_social_hover_links_bg":"","ocean_menu_social_links_color":"","ocean_menu_social_hover_links_color":"","ocean_disable_title":"default","ocean_disable_heading":"default","ocean_post_title":"","ocean_post_subheading":"","ocean_post_title_style":"","ocean_post_title_background_color":"","ocean_post_title_background":0,"ocean_post_title_bg_image_position":"","ocean_post_title_bg_image_attachment":"","ocean_post_title_bg_image_repeat":"","ocean_post_title_bg_image_size":"","ocean_post_title_height":0,"ocean_post_title_bg_overlay":0.5,"ocean_post_title_bg_overlay_color":"","ocean_disable_breadcrumbs":"default","ocean_breadcrumbs_color":"","ocean_breadcrumbs_separator_color":"","ocean_breadcrumbs_links_color":"","ocean_breadcrumbs_links_hover_color":"","ocean_display_footer_widgets":"default","ocean_display_footer_bottom":"default","ocean_custom_footer_template":"","ocean_post_oembed":"","ocean_post_self_hosted_media":"","ocean_post_video_embed":"","ocean_link_format":"","ocean_link_format_target":"self","ocean_quote_format":"","ocean_quote_format_link":"post","ocean_gallery_link_images":"on","ocean_gallery_id":[50158,50142,50143,50144,50145,50146,50147,50148,50149,50150,50151,50152,50153,50154,50155,50156,50157],"footnotes":""},"categories":[85,122,90,86],"tags":[],"class_list":["post-50140","post","type-post","status-publish","format-gallery","has-post-thumbnail","hentry","category-beynlxalq","category-heydr-liyev-100-il","category-humanitar","category-thsil","post_format-post-format-gallery","entry","has-media"],"_links":{"self":[{"href":"https:\/\/mdu.edu.az\/ru\/wp-json\/wp\/v2\/posts\/50140","targetHints":{"allow":["GET"]}}],"collection":[{"href":"https:\/\/mdu.edu.az\/ru\/wp-json\/wp\/v2\/posts"}],"about":[{"href":"https:\/\/mdu.edu.az\/ru\/wp-json\/wp\/v2\/types\/post"}],"author":[{"embeddable":true,"href":"https:\/\/mdu.edu.az\/ru\/wp-json\/wp\/v2\/users\/2"}],"replies":[{"embeddable":true,"href":"https:\/\/mdu.edu.az\/ru\/wp-json\/wp\/v2\/comments?post=50140"}],"version-history":[{"count":2,"href":"https:\/\/mdu.edu.az\/ru\/wp-json\/wp\/v2\/posts\/50140\/revisions"}],"predecessor-version":[{"id":50161,"href":"https:\/\/mdu.edu.az\/ru\/wp-json\/wp\/v2\/posts\/50140\/revisions\/50161"}],"wp:featuredmedia":[{"embeddable":true,"href":"https:\/\/mdu.edu.az\/ru\/wp-json\/wp\/v2\/media\/50157"}],"wp:attachment":[{"href":"https:\/\/mdu.edu.az\/ru\/wp-json\/wp\/v2\/media?parent=50140"}],"wp:term":[{"taxonomy":"category","embeddable":true,"href":"https:\/\/mdu.edu.az\/ru\/wp-json\/wp\/v2\/categories?post=50140"},{"taxonomy":"post_tag","embeddable":true,"href":"https:\/\/mdu.edu.az\/ru\/wp-json\/wp\/v2\/tags?post=50140"}],"curies":[{"name":"wp","href":"https:\/\/api.w.org\/{rel}","templated":true}]}}