{"id":50245,"date":"2023-06-24T13:41:46","date_gmt":"2023-06-24T10:41:46","guid":{"rendered":"https:\/\/mdu.edu.az\/?p=50245"},"modified":"2023-06-24T14:43:36","modified_gmt":"2023-06-24T11:43:36","slug":"gorush_23-06-23","status":"publish","type":"post","link":"https:\/\/mdu.edu.az\/ru\/gorush_23-06-23\/","title":{"rendered":"MDU-da \u201cHeyd\u0259r \u018fliyev xatir\u0259l\u0259rd\u0259\u201d layih\u0259si \u00e7\u0259r\u00e7iv\u0259sind\u0259 n\u00f6vb\u0259ti g\u00f6r\u00fc\u015f ke\u00e7irilib"},"content":{"rendered":"<p>2023-c\u00fc il iyunun 23-d\u0259 Ming\u0259\u00e7evir D\u00f6vl\u0259t Universitetinin (MDU) \u201cHeyd\u0259r \u018fliyev ili\u201d \u00e7\u0259r\u00e7iv\u0259sind\u0259 realla\u015fd\u0131rd\u0131\u011f\u0131 \u201cHeyd\u0259r \u018fliyev xatir\u0259l\u0259rd\u0259\u201d adl\u0131 layih\u0259 il\u0259 ba\u011fl\u0131 n\u00f6vb\u0259ti g\u00f6r\u00fc\u015f ke\u00e7irilib. G\u00f6r\u00fc\u015f\u00fcn qona\u011f\u0131 professor, \u0259m\u0259kdar elm xadimi, \u201c\u015e\u00f6hr\u0259t\u201d ordenli \u201c91-l\u0259r\u201d d\u0259n biri \u015eahlar \u018fsg\u0259rov olub. G\u00f6r\u00fc\u015fd\u0259 Ming\u0259\u00e7evir \u015f\u0259h\u0259ri \u00fczr\u0259 \u00fcmumt\u0259hsil m\u0259kt\u0259bl\u0259rinin direktorlar\u0131, media n\u00fcmay\u0259nd\u0259l\u0259ri, MDU-nun \u0130ctimai N\u0259zar\u0259t \u015euras\u0131n\u0131n \u00fczvl\u0259ri, professor-m\u00fc\u0259llim hey\u0259ti, t\u0259l\u0259b\u0259 v\u0259 magistrantlar i\u015ftirak edibl\u0259r.<\/p>\n\n\n\n<p>\u018fvv\u0259lc\u0259, \u00dcmummilli Liderimizin v\u0259 q\u0259hr\u0259man \u015f\u0259hidl\u0259rimizin \u0259ziz xatir\u0259si bir d\u0259qiq\u0259lik s\u00fckutla yad edilib v\u0259 Az\u0259rbaycan Respublikas\u0131n\u0131n D\u00f6vl\u0259t Himni s\u0259sl\u0259ndirilib.<\/p>\n\n\n\n<p>Sonra MDU-nun rektoru \u015eahin Bayramov giri\u015f s\u00f6z\u00fc il\u0259 \u00e7\u0131x\u0131\u015f ed\u0259r\u0259k layih\u0259nin respublikam\u0131zda \u00fcmummilli lider Heyd\u0259r \u018fliyevin z\u0259ngin irsinin t\u0259bli\u011fi istiqam\u0259tind\u0259 g\u00f6r\u00fcl\u0259n i\u015fl\u0259r\u0259 t\u00f6hf\u0259 m\u0259qs\u0259di da\u015f\u0131d\u0131\u011f\u0131n\u0131 bildirib. Universitetd\u0259 \u201cHeyd\u0259r \u018fliyev \u0130li\u201d \u00e7\u0259r\u00e7iv\u0259sind\u0259 \u00e7oxsayl\u0131 m\u00fcxt\u0259lif t\u0259dbirl\u0259rin h\u0259yata ke\u00e7irildiyini vur\u011fulayan rektor ulu \u00f6nd\u0259rin Az\u0259rbaycana r\u0259hb\u0259rlik etdiyi d\u00f6vrl\u0259rd\u0259 \u00e7al\u0131\u015fm\u0131\u015f ziyal\u0131lar v\u0259 ictimai-siyasi xadiml\u0259rl\u0259 g\u00f6r\u00fc\u015fl\u0259rin t\u0259\u015fkilini n\u0259z\u0259rd\u0259 tutan layih\u0259nin \u00f6n\u0259mini diqq\u0259t\u0259 \u00e7atd\u0131r\u0131b. Rektor layih\u0259nin haz\u0131rki qona\u011f\u0131n\u0131n bioqrafiyas\u0131 haqq\u0131nda m\u0259lumat verib v\u0259 d\u0259v\u0259ti q\u0259bul etdiyi \u00fc\u00e7\u00fcn ona t\u0259\u015f\u0259kk\u00fcr\u00fcn\u00fc bildirib.<\/p>\n\n\n\n<p>G\u00f6r\u00fc\u015f i\u015ftirak\u00e7\u0131lar\u0131n\u0131 salamlayan professor \u015eahlar \u018fsg\u0259rov ulu \u00f6nd\u0259r Heyd\u0259r \u018fliyevi tarixi \u015f\u0259xsiyy\u0259t kimi xarakteriz\u0259 ed\u0259n x\u00fcsusiyy\u0259tl\u0259rd\u0259n, Az\u0259rbaycana r\u0259hb\u0259rlik etdiyi d\u00f6vrd\u0259 ke\u00e7iril\u0259n unudulmaz g\u00f6r\u00fc\u015f v\u0259 xatir\u0259l\u0259rind\u0259n b\u0259hs edib, onun unikal v\u0259 \u015f\u0259xsi keyfiyy\u0259tl\u0259rinin v\u0259 idar\u0259etm\u0259 bacar\u0131qlar\u0131n\u0131n g\u0259ncl\u0259r aras\u0131nda t\u0259bli\u011finin \u0259h\u0259miyy\u0259tini vur\u011fulay\u0131b. Bildirib ki, m\u00fcasir Az\u0259rbaycan d\u00f6vl\u0259ti \u00dcmummilli Liderin \u015fah \u0259s\u0259ridir. \u00c7\u0259tin tarixi s\u0131naqlarla dolu olan m\u00fcst\u0259qilliyin qorunmas\u0131 v\u0259 m\u00f6hk\u0259ml\u0259ndirilm\u0259si yolunda b\u00fct\u00fcn mane\u0259l\u0259ri b\u00f6y\u00fck uzaqg\u00f6r\u0259nlikl\u0259 v\u0259 q\u0259tiyy\u0259tl\u0259 d\u0259f ed\u0259n dahi \u015f\u0259xsiyy\u0259t Heyd\u0259r \u018fliyev m\u00fcasir v\u0259 q\u00fcdr\u0259tli Az\u0259rbaycan\u0131n memar\u0131d\u0131r. \u00d6lk\u0259mizin \u0259razi b\u00fct\u00f6vl\u00fcy\u00fcn\u00fcn b\u0259rpa olunmas\u0131n\u0131n Ulu \u00d6nd\u0259rin qar\u015f\u0131s\u0131na qoydu\u011fu \u0259sas h\u0259d\u0259fl\u0259rd\u0259n oldu\u011funu qeyd ed\u0259n \u015e.\u018fsg\u0259rov qazan\u0131lan tarixi Z\u0259f\u0259r n\u0259tic\u0259sind\u0259 do\u011fma v\u0259 \u0259z\u0259li yurdlar\u0131m\u0131z\u0131n i\u015f\u011faldan azad edilm\u0259siyl\u0259 Ali Ba\u015f Komandan, Prezident \u0130lham \u018fliyev t\u0259r\u0259find\u0259n ata v\u0259siyy\u0259tinin yerin\u0259 yetirildiyini bildirib. \u00dcmummilli Lider Heyd\u0259r \u018fliyevin elm v\u0259 t\u0259hsil sah\u0259sin\u0259 x\u00fcsusi h\u0259ssasl\u0131\u011f\u0131ndan b\u0259hs ed\u0259n professor dahi \u015f\u0259xsiyy\u0259tin m\u00fc\u0259lliml\u0259r\u0259 h\u0259r zaman y\u00fcks\u0259k d\u0259y\u0259r verdiyini v\u0259 g\u0259ncl\u0259r\u0259 b\u00f6y\u00fck \u00fcmid b\u0259sl\u0259diyini vur\u011fulay\u0131b. Layih\u0259nin Heyd\u0259r \u018fliyev irsinin \u00f6yr\u0259nilm\u0259si v\u0259 t\u0259bli\u011fi bax\u0131m\u0131ndan \u0259h\u0259miyy\u0259tli oldu\u011funu diqq\u0259t\u0259 \u00e7atd\u0131ran \u015e.\u018fsg\u0259rov bu t\u0259\u015f\u0259bb\u00fcs\u00fc y\u00fcks\u0259k qiym\u0259tl\u0259ndirib v\u0259 t\u0259\u015fkilat\u00e7\u0131lara t\u0259\u015f\u0259kk\u00fcr edib.<\/p>\n\n\n\n<p>Sonra qonaq g\u00f6r\u00fc\u015f i\u015ftirak\u00e7\u0131lar\u0131n\u0131n suallar\u0131n\u0131 cavabland\u0131r\u0131b v\u0259 m\u00fc\u0259llifi oldu\u011fu bir s\u0131ra kitablar\u0131 MDU-nun kitabxanas\u0131na h\u0259diyy\u0259 edib.<\/p>\n\n\n\n<p>Sonda xatir\u0259 \u015f\u0259kill\u0259ri \u00e7\u0259kdirilib.<\/p>\n\n\n\n<p>Qeyd ed\u0259k ki, \u201cHeyd\u0259r \u018fliyev \u0130li\u201d \u00e7\u0259r\u00e7iv\u0259sind\u0259 MDU-da m\u00fcxt\u0259lif t\u0259dbirl\u0259r ke\u00e7irilir.<\/p>","protected":false},"excerpt":{"rendered":"<p>2023-c\u00fc il iyunun 23-d\u0259 Ming\u0259\u00e7evir D\u00f6vl\u0259t Universitetinin (MDU) \u201cHeyd\u0259r \u018fliyev ili\u201d \u00e7\u0259r\u00e7iv\u0259sind\u0259 realla\u015fd\u0131rd\u0131\u011f\u0131 \u201cHeyd\u0259r \u018fliyev xatir\u0259l\u0259rd\u0259\u201d adl\u0131 layih\u0259 il\u0259 ba\u011fl\u0131 n\u00f6vb\u0259ti g\u00f6r\u00fc\u015f ke\u00e7irilib. G\u00f6r\u00fc\u015f\u00fcn qona\u011f\u0131 professor, \u0259m\u0259kdar elm xadimi, \u201c\u015e\u00f6hr\u0259t\u201d ordenli \u201c91-l\u0259r\u201d d\u0259n biri \u015eahlar \u018fsg\u0259rov olub. G\u00f6r\u00fc\u015fd\u0259 Ming\u0259\u00e7evir \u015f\u0259h\u0259ri \u00fczr\u0259 \u00fcmumt\u0259hsil m\u0259kt\u0259bl\u0259rinin direktorlar\u0131, media n\u00fcmay\u0259nd\u0259l\u0259ri, MDU-nun \u0130ctimai N\u0259zar\u0259t \u015euras\u0131n\u0131n \u00fczvl\u0259ri, professor-m\u00fc\u0259llim hey\u0259ti, t\u0259l\u0259b\u0259 v\u0259 [&hellip;]<\/p>\n","protected":false},"author":2,"featured_media":50247,"comment_status":"closed","ping_status":"closed","sticky":false,"template":"","format":"gallery","meta":{"_eb_attr":"","ocean_post_layout":"","ocean_both_sidebars_style":"","ocean_both_sidebars_content_width":0,"ocean_both_sidebars_sidebars_width":0,"ocean_sidebar":"","ocean_second_sidebar":"","ocean_disable_margins":"enable","ocean_add_body_class":"","ocean_shortcode_before_top_bar":"","ocean_shortcode_after_top_bar":"","ocean_shortcode_before_header":"","ocean_shortcode_after_header":"","ocean_has_shortcode":"","ocean_shortcode_after_title":"","ocean_shortcode_before_footer_widgets":"","ocean_shortcode_after_footer_widgets":"","ocean_shortcode_before_footer_bottom":"","ocean_shortcode_after_footer_bottom":"","ocean_display_top_bar":"default","ocean_display_header":"default","ocean_header_style":"","ocean_center_header_left_menu":"","ocean_custom_header_template":"","ocean_custom_logo":0,"ocean_custom_retina_logo":0,"ocean_custom_logo_max_width":0,"ocean_custom_logo_tablet_max_width":0,"ocean_custom_logo_mobile_max_width":0,"ocean_custom_logo_max_height":0,"ocean_custom_logo_tablet_max_height":0,"ocean_custom_logo_mobile_max_height":0,"ocean_header_custom_menu":"","ocean_menu_typo_font_family":"","ocean_menu_typo_font_subset":"","ocean_menu_typo_font_size":0,"ocean_menu_typo_font_size_tablet":0,"ocean_menu_typo_font_size_mobile":0,"ocean_menu_typo_font_size_unit":"px","ocean_menu_typo_font_weight":"","ocean_menu_typo_font_weight_tablet":"","ocean_menu_typo_font_weight_mobile":"","ocean_menu_typo_transform":"","ocean_menu_typo_transform_tablet":"","ocean_menu_typo_transform_mobile":"","ocean_menu_typo_line_height":0,"ocean_menu_typo_line_height_tablet":0,"ocean_menu_typo_line_height_mobile":0,"ocean_menu_typo_line_height_unit":"","ocean_menu_typo_spacing":0,"ocean_menu_typo_spacing_tablet":0,"ocean_menu_typo_spacing_mobile":0,"ocean_menu_typo_spacing_unit":"","ocean_menu_link_color":"","ocean_menu_link_color_hover":"","ocean_menu_link_color_active":"","ocean_menu_link_background":"","ocean_menu_link_hover_background":"","ocean_menu_link_active_background":"","ocean_menu_social_links_bg":"","ocean_menu_social_hover_links_bg":"","ocean_menu_social_links_color":"","ocean_menu_social_hover_links_color":"","ocean_disable_title":"default","ocean_disable_heading":"default","ocean_post_title":"","ocean_post_subheading":"","ocean_post_title_style":"","ocean_post_title_background_color":"","ocean_post_title_background":0,"ocean_post_title_bg_image_position":"","ocean_post_title_bg_image_attachment":"","ocean_post_title_bg_image_repeat":"","ocean_post_title_bg_image_size":"","ocean_post_title_height":0,"ocean_post_title_bg_overlay":0.5,"ocean_post_title_bg_overlay_color":"","ocean_disable_breadcrumbs":"default","ocean_breadcrumbs_color":"","ocean_breadcrumbs_separator_color":"","ocean_breadcrumbs_links_color":"","ocean_breadcrumbs_links_hover_color":"","ocean_display_footer_widgets":"default","ocean_display_footer_bottom":"default","ocean_custom_footer_template":"","ocean_post_oembed":"","ocean_post_self_hosted_media":"","ocean_post_video_embed":"","ocean_link_format":"","ocean_link_format_target":"self","ocean_quote_format":"","ocean_quote_format_link":"post","ocean_gallery_link_images":"on","ocean_gallery_id":[50247,50248,50249,50252,50251,50254,50253,50250,50255],"footnotes":""},"categories":[31],"tags":[],"class_list":["post-50245","post","type-post","status-publish","format-gallery","has-post-thumbnail","hentry","category-mdu_xeberleri","post_format-post-format-gallery","entry","has-media"],"_links":{"self":[{"href":"https:\/\/mdu.edu.az\/ru\/wp-json\/wp\/v2\/posts\/50245","targetHints":{"allow":["GET"]}}],"collection":[{"href":"https:\/\/mdu.edu.az\/ru\/wp-json\/wp\/v2\/posts"}],"about":[{"href":"https:\/\/mdu.edu.az\/ru\/wp-json\/wp\/v2\/types\/post"}],"author":[{"embeddable":true,"href":"https:\/\/mdu.edu.az\/ru\/wp-json\/wp\/v2\/users\/2"}],"replies":[{"embeddable":true,"href":"https:\/\/mdu.edu.az\/ru\/wp-json\/wp\/v2\/comments?post=50245"}],"version-history":[{"count":1,"href":"https:\/\/mdu.edu.az\/ru\/wp-json\/wp\/v2\/posts\/50245\/revisions"}],"predecessor-version":[{"id":50256,"href":"https:\/\/mdu.edu.az\/ru\/wp-json\/wp\/v2\/posts\/50245\/revisions\/50256"}],"wp:featuredmedia":[{"embeddable":true,"href":"https:\/\/mdu.edu.az\/ru\/wp-json\/wp\/v2\/media\/50247"}],"wp:attachment":[{"href":"https:\/\/mdu.edu.az\/ru\/wp-json\/wp\/v2\/media?parent=50245"}],"wp:term":[{"taxonomy":"category","embeddable":true,"href":"https:\/\/mdu.edu.az\/ru\/wp-json\/wp\/v2\/categories?post=50245"},{"taxonomy":"post_tag","embeddable":true,"href":"https:\/\/mdu.edu.az\/ru\/wp-json\/wp\/v2\/tags?post=50245"}],"curies":[{"name":"wp","href":"https:\/\/api.w.org\/{rel}","templated":true}]}}