{"id":55616,"date":"2024-02-26T08:30:40","date_gmt":"2024-02-26T05:30:40","guid":{"rendered":"https:\/\/mdu.edu.az\/?p=55616"},"modified":"2024-02-26T08:59:00","modified_gmt":"2024-02-26T05:59:00","slug":"xcl_knfrs_24","status":"publish","type":"post","link":"https:\/\/mdu.edu.az\/ru\/xcl_knfrs_24\/","title":{"rendered":"MDU-da elmi konfrans: \u201cXocal\u0131 faci\u0259si: bu qan yerd\u0259 qalmad\u0131\u201d"},"content":{"rendered":"<p>Ming\u0259\u00e7evir D\u00f6vl\u0259t Universitetind\u0259 (MDU) Xocal\u0131 soy\u0131q\u0131r\u0131m\u0131n\u0131n 32-ci ild\u00f6n\u00fcm\u00fcn\u0259 h\u0259sr olunmu\u015f \u201cXocal\u0131 faci\u0259si: bu qan yerd\u0259 qalmad\u0131\u201d m\u00f6vzusunda elmi konfrans ke\u00e7irilib.<\/p>\n\n\n\n<p>Konfransda MDU-nun bir qrup akademik-inzibati hey\u0259t \u00fczv\u00fc, professor-m\u00fc\u0259lliml\u0259ri, t\u0259l\u0259b\u0259 v\u0259 magistrantlar i\u015ftirak edib.<\/p>\n\n\n\n<p>Konfrans soyq\u0131r\u0131m zaman\u0131 h\u0259lak olanlar\u0131n v\u0259 torpaqlar\u0131m\u0131z\u0131n b\u00fct\u00f6vl\u00fcy\u00fc u\u011frunda can\u0131ndan ke\u00e7\u0259n q\u0259hr\u0259man \u015f\u0259hidl\u0259rimizin \u0259ziz xatir\u0259sinin bir d\u0259qiq\u0259lik s\u00fckutla yad edilm\u0259si il\u0259 ba\u015flay\u0131b.<\/p>\n\n\n\n<p>A\u00e7\u0131l\u0131\u015f nitqi il\u0259 \u00e7\u0131x\u0131\u015f ed\u0259n MDU-nun rektoru \u015eahin Bayramov bildirib ki, xalq\u0131m\u0131z h\u0259r il Xocal\u0131 soyq\u0131r\u0131m\u0131 qurbanlar\u0131n\u0131n xatir\u0259sini d\u0259rin ehtiramla yad edir. Xocal\u0131 soyq\u0131r\u0131m\u0131n\u0131n an\u0131m g\u00fcn\u00fc Az\u0259rbaycan xalq\u0131n\u0131n birliyinin, milli t\u0259\u0259ss\u00fcbke\u015fliyinin simvoluna \u00e7evrilib. 44 g\u00fcnl\u00fck V\u0259t\u0259n m\u00fcharib\u0259sind\u0259 v\u0259 2023-c\u00fc ilin<strong> <\/strong>19-20 sentyabr tarixl\u0259rind\u0259 Qaraba\u011fda apar\u0131lan &#8220;<em>antiterror<\/em>\u00a0\u0259m\u0259liyyatlar\u0131&#8221;nda torpaqlar\u0131m\u0131z\u0131n b\u00fct\u00f6vl\u00fcy\u00fc u\u011frunda h\u0259lak olmu\u015f \u00a0q\u0259hr\u0259manlar\u0131m\u0131z\u0131n, h\u0259m\u00e7inin Xocal\u0131 faci\u0259si qurbanlar\u0131n\u0131n qisas\u0131 al\u0131nd\u0131, soyda\u015flar\u0131m\u0131z\u0131n qan\u0131 yerd\u0259 qalmad\u0131. Art\u0131q xalq\u0131m\u0131z\u0131n ba\u015f\u0131 ucad\u0131r.<\/p>\n\n\n\n<p>Rektor \u00e7\u0131x\u0131\u015f\u0131n\u0131n sonunda Az\u0259rbaycan tarixin\u0259 qara h\u0259rfl\u0259rl\u0259 \u0259b\u0259di h\u0259kk olan Xocal\u0131 soyq\u0131r\u0131m\u0131n\u0131n he\u00e7 zaman unudulmayaca\u011f\u0131n\u0131, g\u0259nc n\u0259slin bu istiqam\u0259td\u0259 maarifl\u0259ndirilm\u0259sinin v\u0259 v\u0259t\u0259np\u0259rv\u0259r ruhda yeti\u015fdirilm\u0259sinin vacibliyini vur\u011fulay\u0131b. \u0130lk d\u0259f\u0259 Xocal\u0131 faci\u0259sinin qurbanlar\u0131n\u0131n ild\u00f6n\u00fcm\u00fcn\u00fcn Xocal\u0131da an\u0131ld\u0131\u011f\u0131n\u0131 x\u00fcsusil\u0259 qeyd ed\u0259n \u015e.Bayramov Allahdan b\u00fct\u00fcn \u015f\u0259hidl\u0259rimiz\u0259 r\u0259hm\u0259t dil\u0259yib.<\/p>\n\n\n\n<p>M\u00f6vzu il\u0259 ba\u011fl\u0131 video\u00e7arx\u0131n n\u00fcmayi\u015f olunub.<\/p>\n\n\n\n<p>Sonra, konfrans\u0131n proqram\u0131na uy\u011fun olaraq m\u0259ruz\u0259l\u0259r dinl\u0259nilib.<\/p>\n\n\n\n<p>&nbsp;MDU-nun \u0259m\u0259kda\u015flar\u0131ndan Ayna Babazad\u0259 \u201cSoyq\u0131r\u0131m &#8211; sosial-kulturoloji anlay\u0131\u015f kimi\u201d, Asim M\u0259mm\u0259dov \u201cErm\u0259nil\u0259rin tarixi torpaqlar\u0131m\u0131zda t\u00f6r\u0259tdiyi soyq\u0131r\u0131mlar qan yadda\u015f\u0131m\u0131zd\u0131r\u201d, F\u0259xriyy\u0259 \u0130sayeva \u201cAz\u0259rbaycan\u0131n \u0259fsan\u0259 v\u0259 r\u0259vay\u0259tl\u0259rind\u0259 soyq\u0131r\u0131m v\u0259 milli yarad\u0131l\u0131\u015f m\u0259s\u0259l\u0259si\u201d v\u0259 G\u00fcl\u0259r \u018fjd\u0259rzad\u0259 \u201cB\u00f6y\u00fck Qay\u0131d\u0131\u015f\u0131n yeni \u00fcnvan\u0131 \u2013 Xocal\u0131!\u201d m\u00f6vzusunda m\u0259ruz\u0259 il\u0259 \u00e7\u0131x\u0131\u015f edibl\u0259r.<\/p>\n\n\n\n<p>M\u0259ruz\u0259l\u0259r dinl\u0259yicil\u0259r t\u0259r\u0259find\u0259n maraqla qar\u015f\u0131lan\u0131b v\u0259 m\u00fczakir\u0259l\u0259r apar\u0131l\u0131b.<\/p>\n\n\n\n<p>Qeyd ed\u0259k ki, Xocal\u0131 Soyq\u0131r\u0131m\u0131n\u0131n otuz ikinci ild\u00f6n\u00fcm\u00fc MDU-da m\u00fcxt\u0259lif formatl\u0131 t\u0259dbirl\u0259rl\u0259 an\u0131l\u0131r.<\/p>","protected":false},"excerpt":{"rendered":"<p>Ming\u0259\u00e7evir D\u00f6vl\u0259t Universitetind\u0259 (MDU) Xocal\u0131 soy\u0131q\u0131r\u0131m\u0131n\u0131n 32-ci ild\u00f6n\u00fcm\u00fcn\u0259 h\u0259sr olunmu\u015f \u201cXocal\u0131 faci\u0259si: bu qan yerd\u0259 qalmad\u0131\u201d m\u00f6vzusunda elmi konfrans ke\u00e7irilib. Konfransda MDU-nun bir qrup akademik-inzibati hey\u0259t \u00fczv\u00fc, professor-m\u00fc\u0259lliml\u0259ri, t\u0259l\u0259b\u0259 v\u0259 magistrantlar i\u015ftirak edib. Konfrans soyq\u0131r\u0131m zaman\u0131 h\u0259lak olanlar\u0131n v\u0259 torpaqlar\u0131m\u0131z\u0131n b\u00fct\u00f6vl\u00fcy\u00fc u\u011frunda can\u0131ndan ke\u00e7\u0259n q\u0259hr\u0259man \u015f\u0259hidl\u0259rimizin \u0259ziz xatir\u0259sinin bir d\u0259qiq\u0259lik s\u00fckutla yad edilm\u0259si il\u0259 ba\u015flay\u0131b. [&hellip;]<\/p>\n","protected":false},"author":2,"featured_media":55617,"comment_status":"closed","ping_status":"closed","sticky":false,"template":"","format":"gallery","meta":{"_eb_attr":"","ocean_post_layout":"","ocean_both_sidebars_style":"","ocean_both_sidebars_content_width":0,"ocean_both_sidebars_sidebars_width":0,"ocean_sidebar":"","ocean_second_sidebar":"","ocean_disable_margins":"enable","ocean_add_body_class":"","ocean_shortcode_before_top_bar":"","ocean_shortcode_after_top_bar":"","ocean_shortcode_before_header":"","ocean_shortcode_after_header":"","ocean_has_shortcode":"","ocean_shortcode_after_title":"","ocean_shortcode_before_footer_widgets":"","ocean_shortcode_after_footer_widgets":"","ocean_shortcode_before_footer_bottom":"","ocean_shortcode_after_footer_bottom":"","ocean_display_top_bar":"default","ocean_display_header":"default","ocean_header_style":"","ocean_center_header_left_menu":"","ocean_custom_header_template":"","ocean_custom_logo":0,"ocean_custom_retina_logo":0,"ocean_custom_logo_max_width":0,"ocean_custom_logo_tablet_max_width":0,"ocean_custom_logo_mobile_max_width":0,"ocean_custom_logo_max_height":0,"ocean_custom_logo_tablet_max_height":0,"ocean_custom_logo_mobile_max_height":0,"ocean_header_custom_menu":"","ocean_menu_typo_font_family":"","ocean_menu_typo_font_subset":"","ocean_menu_typo_font_size":0,"ocean_menu_typo_font_size_tablet":0,"ocean_menu_typo_font_size_mobile":0,"ocean_menu_typo_font_size_unit":"px","ocean_menu_typo_font_weight":"","ocean_menu_typo_font_weight_tablet":"","ocean_menu_typo_font_weight_mobile":"","ocean_menu_typo_transform":"","ocean_menu_typo_transform_tablet":"","ocean_menu_typo_transform_mobile":"","ocean_menu_typo_line_height":0,"ocean_menu_typo_line_height_tablet":0,"ocean_menu_typo_line_height_mobile":0,"ocean_menu_typo_line_height_unit":"","ocean_menu_typo_spacing":0,"ocean_menu_typo_spacing_tablet":0,"ocean_menu_typo_spacing_mobile":0,"ocean_menu_typo_spacing_unit":"","ocean_menu_link_color":"","ocean_menu_link_color_hover":"","ocean_menu_link_color_active":"","ocean_menu_link_background":"","ocean_menu_link_hover_background":"","ocean_menu_link_active_background":"","ocean_menu_social_links_bg":"","ocean_menu_social_hover_links_bg":"","ocean_menu_social_links_color":"","ocean_menu_social_hover_links_color":"","ocean_disable_title":"default","ocean_disable_heading":"default","ocean_post_title":"","ocean_post_subheading":"","ocean_post_title_style":"","ocean_post_title_background_color":"","ocean_post_title_background":0,"ocean_post_title_bg_image_position":"","ocean_post_title_bg_image_attachment":"","ocean_post_title_bg_image_repeat":"","ocean_post_title_bg_image_size":"","ocean_post_title_height":0,"ocean_post_title_bg_overlay":0.5,"ocean_post_title_bg_overlay_color":"","ocean_disable_breadcrumbs":"default","ocean_breadcrumbs_color":"","ocean_breadcrumbs_separator_color":"","ocean_breadcrumbs_links_color":"","ocean_breadcrumbs_links_hover_color":"","ocean_display_footer_widgets":"default","ocean_display_footer_bottom":"default","ocean_custom_footer_template":"","ocean_post_oembed":"","ocean_post_self_hosted_media":"","ocean_post_video_embed":"","ocean_link_format":"","ocean_link_format_target":"self","ocean_quote_format":"","ocean_quote_format_link":"post","ocean_gallery_link_images":"on","ocean_gallery_id":[55617,55618,55619,55620,55621,55622,55623,55624,55625,55626,55627,55628,55629,55630,55631,55632,55633,55634,55635],"footnotes":""},"categories":[31],"tags":[],"class_list":["post-55616","post","type-post","status-publish","format-gallery","has-post-thumbnail","hentry","category-mdu_xeberleri","post_format-post-format-gallery","entry","has-media"],"_links":{"self":[{"href":"https:\/\/mdu.edu.az\/ru\/wp-json\/wp\/v2\/posts\/55616","targetHints":{"allow":["GET"]}}],"collection":[{"href":"https:\/\/mdu.edu.az\/ru\/wp-json\/wp\/v2\/posts"}],"about":[{"href":"https:\/\/mdu.edu.az\/ru\/wp-json\/wp\/v2\/types\/post"}],"author":[{"embeddable":true,"href":"https:\/\/mdu.edu.az\/ru\/wp-json\/wp\/v2\/users\/2"}],"replies":[{"embeddable":true,"href":"https:\/\/mdu.edu.az\/ru\/wp-json\/wp\/v2\/comments?post=55616"}],"version-history":[{"count":4,"href":"https:\/\/mdu.edu.az\/ru\/wp-json\/wp\/v2\/posts\/55616\/revisions"}],"predecessor-version":[{"id":55640,"href":"https:\/\/mdu.edu.az\/ru\/wp-json\/wp\/v2\/posts\/55616\/revisions\/55640"}],"wp:featuredmedia":[{"embeddable":true,"href":"https:\/\/mdu.edu.az\/ru\/wp-json\/wp\/v2\/media\/55617"}],"wp:attachment":[{"href":"https:\/\/mdu.edu.az\/ru\/wp-json\/wp\/v2\/media?parent=55616"}],"wp:term":[{"taxonomy":"category","embeddable":true,"href":"https:\/\/mdu.edu.az\/ru\/wp-json\/wp\/v2\/categories?post=55616"},{"taxonomy":"post_tag","embeddable":true,"href":"https:\/\/mdu.edu.az\/ru\/wp-json\/wp\/v2\/tags?post=55616"}],"curies":[{"name":"wp","href":"https:\/\/api.w.org\/{rel}","templated":true}]}}