{"id":58232,"date":"2024-05-10T13:59:05","date_gmt":"2024-05-10T10:59:05","guid":{"rendered":"https:\/\/mdu.edu.az\/?p=58232"},"modified":"2024-05-10T14:07:55","modified_gmt":"2024-05-10T11:07:55","slug":"yazi_10-05-24","status":"publish","type":"post","link":"https:\/\/mdu.edu.az\/ru\/yazi_10-05-24\/","title":{"rendered":"Rektor \u015eahin Bayramov: &#8220;M\u00fcst\u0259qilliyimizi \u0259b\u0259di v\u0259 d\u00f6nm\u0259z ed\u0259n Ulu \u00d6nd\u0259r&#8221; (AZ\u018fRTAC)"},"content":{"rendered":"<p><strong><a href=\"https:\/\/azertag.az\/xeber\/musteqilliyimizi_ebedi_ve_donmez_eden_ulu_onder-2994810\" target=\"_blank\" rel=\"noreferrer noopener\">AZ\u018fRTAC, 10.05.2024<\/a><\/strong><\/p>\n\n\n\n<p>M\u00fcasir Az\u0259rbaycan d\u00f6vl\u0259tinin qurucusu, \u00dcmummilli Lider Heyd\u0259r \u018fliyev anadan olmas\u0131n\u0131n 101-ci ild\u00f6n\u00fcm\u00fcnd\u0259 q\u0259dirbil\u0259n xalq\u0131m\u0131z t\u0259r\u0259find\u0259n d\u0259rin ehtiram v\u0259 sonsuz minn\u0259tdarl\u0131q hisl\u0259ri il\u0259 an\u0131l\u0131r. Milli d\u00f6vl\u0259t\u00e7iliyimizin formala\u015fd\u0131r\u0131lmas\u0131 v\u0259 h\u0259rt\u0259r\u0259fli inki\u015faf\u0131 namin\u0259 misilsiz v\u0259 tarixi xidm\u0259tl\u0259r g\u00f6st\u0259r\u0259n, m\u00fcst\u0259qilliyimizi \u0259b\u0259di v\u0259 d\u00f6nm\u0259z ed\u0259n Ulu \u00d6nd\u0259r h\u0259l\u0259 sa\u011fl\u0131\u011f\u0131nda xalq\u0131n q\u0259lbind\u0259 \u0259b\u0259di heyk\u0259lini ucald\u0131b.<\/p>\n\n\n\n<p>Sovet d\u00f6n\u0259mind\u0259 q\u0259tiyy\u0259tli v\u0259 uzaqg\u00f6r\u0259n r\u0259hb\u0259rliyi say\u0259sind\u0259 Az\u0259rbaycan\u0131 dig\u0259r respublikalar aras\u0131nda y\u00fcks\u0259k m\u00f6vqel\u0259r\u0259 \u00e7\u0131xaran dahi \u015f\u0259xsiyy\u0259t amans\u0131z imperiya rejiminin \u00e7\u0259tinlikl\u0259rin\u0259 baxmayaraq, d\u00fc\u015f\u00fcn\u00fclm\u00fc\u015f, ard\u0131c\u0131l v\u0259 sistemli f\u0259aliyy\u0259tl\u0259ri il\u0259 \u00f6lk\u0259mizin m\u00fcst\u0259qil m\u00f6vcudlu\u011fu v\u0259 inki\u015faf\u0131 \u00fc\u00e7\u00fcn z\u0259ruri olan b\u00fct\u00fcn \u0259saslar\u0131 formala\u015fd\u0131ra bilib. Neft s\u0259nayesinin inki\u015faf\u0131, m\u00fcxt\u0259lif emal m\u00fc\u0259ssis\u0259l\u0259rinin yarad\u0131lmas\u0131, kadr potensial\u0131n\u0131n g\u00fccl\u0259ndirilm\u0259si, x\u00fcsusil\u0259 d\u0259 milli h\u0259rbi kadrlar\u0131n yeti\u015fdirilm\u0259si, milli-m\u0259n\u0259vi d\u0259y\u0259rl\u0259rimizin qorunmas\u0131 v\u0259 z\u0259nginl\u0259\u015fdirilm\u0259si, elm, t\u0259hsil, s\u0259hiyy\u0259, m\u0259d\u0259niyy\u0259t, inc\u0259s\u0259n\u0259t v\u0259 dig\u0259r sah\u0259l\u0259r\u0259 y\u00fcks\u0259k diqq\u0259t v\u0259 qay\u011f\u0131n\u0131n g\u00f6st\u0259rilm\u0259si Az\u0259rbaycanda t\u0259r\u0259qqiy\u0259, intibaha v\u0259 milli \u015f\u00fcurun oyan\u0131\u015f\u0131na g\u0259tirib \u00e7\u0131xarm\u0131\u015fd\u0131. Dan\u0131lmaz h\u0259qiq\u0259tdir ki, m\u0259hz Heyd\u0259r \u018fliyevin unikal liderlik keyfiyy\u0259tl\u0259ri say\u0259sind\u0259 \u0259ld\u0259 olunmu\u015f bu titanik nailiyy\u0259tl\u0259r m\u00fcst\u0259qilliyimizin qazan\u0131lmas\u0131nda m\u00fch\u00fcm rol oynay\u0131b, \u00f6lk\u0259mizin g\u0259l\u0259c\u0259k inki\u015faf\u0131n\u0131n m\u00f6hk\u0259m v\u0259 etibarl\u0131 bazas\u0131n\u0131 t\u0259\u015fkil edib.<\/p>\n\n\n\n<p>Bunu <a href=\"https:\/\/azertag.az\/xeber\/musteqilliyimizi_ebedi_ve_donmez_eden_ulu_onder-2994810\" target=\"_blank\" rel=\"noreferrer noopener\">AZ\u018fRTAC<\/a>-a a\u00e7\u0131qlamas\u0131nda Ming\u0259\u00e7evir D\u00f6vl\u0259t Universitetinin rektoru \u015eahin Bayramov deyib. O bildirib ki, m\u00fcst\u0259qilliyin ilk ill\u0259rind\u0259 Az\u0259rbaycan\u0131 m\u0259hv olmaq t\u0259hl\u00fck\u0259sind\u0259n qurtaran dahi r\u0259hb\u0259r tarixin \u0259n \u00e7\u0259tin s\u0131naql\u0131 d\u00f6vr\u00fcnd\u0259 yenid\u0259n xilaskarl\u0131q missiyas\u0131n\u0131n \u00f6hd\u0259sind\u0259n layiqinc\u0259 v\u0259 \u015f\u0259r\u0259fl\u0259 g\u0259ldi: \u201cBu bax\u0131mdan, 1993-c\u00fc il iyunun 15-d\u0259 Ulu \u00d6nd\u0259r Heyd\u0259r \u018fliyevin Az\u0259rbaycanda hakimiyy\u0259t\u0259 qay\u0131d\u0131\u015f\u0131 milli d\u00f6vl\u0259t\u00e7ilik tariximizd\u0259 h\u0259yati \u0259h\u0259miyy\u0259tli d\u00f6n\u00fc\u015f an\u0131, dinamik, davaml\u0131 v\u0259 h\u0259rt\u0259r\u0259fli inki\u015fafa, milli q\u00fcrurumuzu \u00f6z\u00fcm\u00fcz\u0259 qaytaran tarixi Z\u0259f\u0259r\u0259 aparan yolun ba\u015flan\u011f\u0131c\u0131 hesab edilir. 1993-2003-c\u00fc ill\u0259rd\u0259 Ulu \u00d6nd\u0259rin r\u0259hb\u0259rliyi alt\u0131nda h\u0259yata ke\u00e7iril\u0259n kompleks v\u0259 sistemli islahatlar say\u0259sind\u0259 \u00f6lk\u0259 qar\u015f\u0131s\u0131nda duran tarixi v\u0259zif\u0259l\u0259r u\u011furla icra olunub. Az\u0259rbaycan m\u00fcst\u0259qil, demokratik, h\u00fcquqi v\u0259 d\u00fcny\u0259vi d\u00f6vl\u0259t kimi s\u00fcr\u0259tl\u0259 inki\u015faf etm\u0259y\u0259 ba\u015flay\u0131b. Xalq\u0131m\u0131z\u0131n v\u0259 d\u00f6vl\u0259timizin bug\u00fcnk\u00fc u\u011furlar\u0131, \u00f6lk\u0259mizd\u0259 h\u00f6km s\u00fcr\u0259n dayan\u0131ql\u0131 sabitlik v\u0259 firavanl\u0131q, m\u0259hz Heyd\u0259r \u018fliyev siyas\u0259tinin m\u0259ntiqi n\u0259tic\u0259sidir. \u00dcmummilli Liderimizin az\u0259rbaycan\u00e7\u0131l\u0131q m\u0259fkur\u0259sin\u0259 sadiqlik v\u0259 h\u0259rt\u0259r\u0259fli inki\u015faf strategiyas\u0131n\u0131n u\u011furla davam etdirilm\u0259si say\u0259sind\u0259 Az\u0259rbaycan \u015fanl\u0131 q\u0259l\u0259b\u0259l\u0259rin v\u0259 m\u00f6ht\u0259\u015f\u0259m u\u011furlar\u0131n ba\u015fl\u0131ca amill\u0259rind\u0259n hesab edil\u0259n g\u00fccl\u00fc iqtisadiyyata, m\u00fcasir orduya, sars\u0131lmaz xalq v\u0259 iqtidar birliyin\u0259, v\u0259t\u0259nda\u015f h\u0259mr\u0259yliyin\u0259 nail olub\u201d.<\/p>\n\n\n\n<p>Rektor qeyd edib ki, Ulu \u00d6nd\u0259r Heyd\u0259r \u018fliyev \u00fc\u00e7\u00fcn Qaraba\u011fa qay\u0131d\u0131\u015f h\u0259r zaman prioritet t\u0259\u015fkil edirdi. Onun \u0259n b\u00f6y\u00fck arzusu yenid\u0259n Qaraba\u011f\u0131, onun incisi \u015eu\u015fan\u0131, i\u015f\u011fal edilmi\u015f rayonlar\u0131m\u0131z\u0131n azad edilm\u0259si idi. Q\u00fcrurvericidir ki, \u00dcmummilli Liderimizin layiqli varisi &#8211; Az\u0259rbaycan Respublikas\u0131n\u0131n Prezidenti \u0130lham \u018fliyev ata v\u0259siyy\u0259tini yerin\u0259 yetirdi. \u201cQaraba\u011f Az\u0259rbaycand\u0131r!\u201d \u015f\u00fcar\u0131 il\u0259 milli birliyimizi, h\u0259mr\u0259yliyimizi daha da m\u00f6hk\u0259ml\u0259ndirdi. M\u00fcz\u0259ff\u0259r Ali Ba\u015f Komandan\u0131m\u0131z\u0131n r\u0259hb\u0259rliyi il\u0259 r\u0259\u015fad\u0259tli Az\u0259rbaycan Silahl\u0131 Q\u00fcvv\u0259l\u0259ri 30 illik yurd h\u0259sr\u0259tin\u0259 44 g\u00fcnd\u0259 son qoyaraq xalq\u0131n s\u0131nm\u0131\u015f q\u00fcrurunu \u00f6z\u00fcn\u0259 qaytard\u0131, tarixi \u0259dal\u0259ti b\u0259rpa etdi. El\u0259c\u0259 d\u0259 apar\u0131lan 1 g\u00fcnl\u00fck antiterror t\u0259dbirl\u0259ri say\u0259sind\u0259 \u00f6lk\u0259miz \u0259razi b\u00fct\u00f6vl\u00fcy\u00fc v\u0259 suverenliyini tam t\u0259min etdi. Milli t\u0259qvimimizd\u0259 qara h\u0259rfl\u0259rl\u0259 yaz\u0131lan i\u015f\u011fal tarixl\u0259rimiz z\u0259f\u0259r tarixl\u0259ri il\u0259 \u0259v\u0259z olundu. Xalq\u0131m\u0131z \u201cac\u0131 m\u0259\u011flubiyy\u0259t sindromundan\u201d h\u0259mi\u015f\u0259lik qurtuldu.<\/p>\n\n\n\n<p>\u201cHaz\u0131rda \u00dcmummilli Lider Heyd\u0259r \u018fliyevd\u0259n biz\u0259 miras qalm\u0131\u015f yenilm\u0259z d\u00f6vl\u0259t\u00e7iliyimiz Prezident \u0130lham \u018fliyevin m\u00fcbarizliyi, c\u0259sar\u0259ti, q\u0259tiyy\u0259ti v\u0259 misilsiz \u0259m\u0259ll\u0259ri say\u0259sind\u0259 daha da m\u00f6hk\u0259ml\u0259nir. \u0130\u015f\u011faldan azad olunmu\u015f \u0259razil\u0259rd\u0259 h\u0259yata ke\u00e7iril\u0259n irimiqyasl\u0131 b\u0259rpa v\u0259 quruculuq i\u015fl\u0259ri say\u0259sind\u0259 do\u011fma torpaqlar\u0131m\u0131z s\u00fcr\u0259tl\u0259 dir\u00e7\u0259lir, abadla\u015f\u0131r v\u0259 B\u00f6y\u00fck Qay\u0131d\u0131\u015f u\u011furla icra olunur. Beyn\u0259lxalq siyasi arenada m\u00f6vqel\u0259rini daha da g\u00fccl\u0259ndir\u0259n v\u0259 regionda s\u00f6z sahibin\u0259 \u00e7evril\u0259n Az\u0259rbaycan davaml\u0131 olaraq m\u00f6ht\u0259\u015f\u0259m diplomatik q\u0259l\u0259b\u0259l\u0259r\u0259 imza at\u0131r. \u018fminik ki, milli d\u00f6vl\u0259t\u00e7iliyimizin parlaq g\u0259l\u0259c\u0259yini t\u0259min ed\u0259n bu n\u0259h\u0259ng u\u011furlar Ulu \u00d6nd\u0259rin z\u0259ngin irsin\u0259 y\u00fcks\u0259k s\u0259daq\u0259ti ifad\u0259 ed\u0259r\u0259k onun ruhunu \u015fad edir\u201d, &#8211; dey\u0259 \u015e.Bayramov fikrini yekunla\u015fd\u0131r\u0131b.<\/p>","protected":false},"excerpt":{"rendered":"<p>AZ\u018fRTAC, 10.05.2024 M\u00fcasir Az\u0259rbaycan d\u00f6vl\u0259tinin qurucusu, \u00dcmummilli Lider Heyd\u0259r \u018fliyev anadan olmas\u0131n\u0131n 101-ci ild\u00f6n\u00fcm\u00fcnd\u0259 q\u0259dirbil\u0259n xalq\u0131m\u0131z t\u0259r\u0259find\u0259n d\u0259rin ehtiram v\u0259 sonsuz minn\u0259tdarl\u0131q hisl\u0259ri il\u0259 an\u0131l\u0131r. Milli d\u00f6vl\u0259t\u00e7iliyimizin formala\u015fd\u0131r\u0131lmas\u0131 v\u0259 h\u0259rt\u0259r\u0259fli inki\u015faf\u0131 namin\u0259 misilsiz v\u0259 tarixi xidm\u0259tl\u0259r g\u00f6st\u0259r\u0259n, m\u00fcst\u0259qilliyimizi \u0259b\u0259di v\u0259 d\u00f6nm\u0259z ed\u0259n Ulu \u00d6nd\u0259r h\u0259l\u0259 sa\u011fl\u0131\u011f\u0131nda xalq\u0131n q\u0259lbind\u0259 \u0259b\u0259di heyk\u0259lini ucald\u0131b. Sovet d\u00f6n\u0259mind\u0259 q\u0259tiyy\u0259tli v\u0259 [&hellip;]<\/p>\n","protected":false},"author":2,"featured_media":58233,"comment_status":"closed","ping_status":"closed","sticky":false,"template":"","format":"gallery","meta":{"_eb_attr":"","ocean_post_layout":"","ocean_both_sidebars_style":"","ocean_both_sidebars_content_width":0,"ocean_both_sidebars_sidebars_width":0,"ocean_sidebar":"0","ocean_second_sidebar":"0","ocean_disable_margins":"enable","ocean_add_body_class":"","ocean_shortcode_before_top_bar":"","ocean_shortcode_after_top_bar":"","ocean_shortcode_before_header":"","ocean_shortcode_after_header":"","ocean_has_shortcode":"","ocean_shortcode_after_title":"","ocean_shortcode_before_footer_widgets":"","ocean_shortcode_after_footer_widgets":"","ocean_shortcode_before_footer_bottom":"","ocean_shortcode_after_footer_bottom":"","ocean_display_top_bar":"default","ocean_display_header":"default","ocean_header_style":"","ocean_center_header_left_menu":"0","ocean_custom_header_template":"0","ocean_custom_logo":0,"ocean_custom_retina_logo":0,"ocean_custom_logo_max_width":0,"ocean_custom_logo_tablet_max_width":0,"ocean_custom_logo_mobile_max_width":0,"ocean_custom_logo_max_height":0,"ocean_custom_logo_tablet_max_height":0,"ocean_custom_logo_mobile_max_height":0,"ocean_header_custom_menu":"0","ocean_menu_typo_font_family":"0","ocean_menu_typo_font_subset":"","ocean_menu_typo_font_size":0,"ocean_menu_typo_font_size_tablet":0,"ocean_menu_typo_font_size_mobile":0,"ocean_menu_typo_font_size_unit":"px","ocean_menu_typo_font_weight":"","ocean_menu_typo_font_weight_tablet":"","ocean_menu_typo_font_weight_mobile":"","ocean_menu_typo_transform":"","ocean_menu_typo_transform_tablet":"","ocean_menu_typo_transform_mobile":"","ocean_menu_typo_line_height":0,"ocean_menu_typo_line_height_tablet":0,"ocean_menu_typo_line_height_mobile":0,"ocean_menu_typo_line_height_unit":"","ocean_menu_typo_spacing":0,"ocean_menu_typo_spacing_tablet":0,"ocean_menu_typo_spacing_mobile":0,"ocean_menu_typo_spacing_unit":"","ocean_menu_link_color":"","ocean_menu_link_color_hover":"","ocean_menu_link_color_active":"","ocean_menu_link_background":"","ocean_menu_link_hover_background":"","ocean_menu_link_active_background":"","ocean_menu_social_links_bg":"","ocean_menu_social_hover_links_bg":"","ocean_menu_social_links_color":"","ocean_menu_social_hover_links_color":"","ocean_disable_title":"default","ocean_disable_heading":"default","ocean_post_title":"","ocean_post_subheading":"","ocean_post_title_style":"","ocean_post_title_background_color":"","ocean_post_title_background":0,"ocean_post_title_bg_image_position":"","ocean_post_title_bg_image_attachment":"","ocean_post_title_bg_image_repeat":"","ocean_post_title_bg_image_size":"","ocean_post_title_height":0,"ocean_post_title_bg_overlay":0.5,"ocean_post_title_bg_overlay_color":"","ocean_disable_breadcrumbs":"default","ocean_breadcrumbs_color":"","ocean_breadcrumbs_separator_color":"","ocean_breadcrumbs_links_color":"","ocean_breadcrumbs_links_hover_color":"","ocean_display_footer_widgets":"default","ocean_display_footer_bottom":"default","ocean_custom_footer_template":"0","ocean_post_oembed":"","ocean_post_self_hosted_media":"","ocean_post_video_embed":"","ocean_link_format":"","ocean_link_format_target":"self","ocean_quote_format":"","ocean_quote_format_link":"post","ocean_gallery_link_images":"on","ocean_gallery_id":[],"footnotes":""},"categories":[31],"tags":[],"class_list":["post-58232","post","type-post","status-publish","format-gallery","has-post-thumbnail","hentry","category-mdu_xeberleri","post_format-post-format-gallery","entry","has-media"],"_links":{"self":[{"href":"https:\/\/mdu.edu.az\/ru\/wp-json\/wp\/v2\/posts\/58232","targetHints":{"allow":["GET"]}}],"collection":[{"href":"https:\/\/mdu.edu.az\/ru\/wp-json\/wp\/v2\/posts"}],"about":[{"href":"https:\/\/mdu.edu.az\/ru\/wp-json\/wp\/v2\/types\/post"}],"author":[{"embeddable":true,"href":"https:\/\/mdu.edu.az\/ru\/wp-json\/wp\/v2\/users\/2"}],"replies":[{"embeddable":true,"href":"https:\/\/mdu.edu.az\/ru\/wp-json\/wp\/v2\/comments?post=58232"}],"version-history":[{"count":3,"href":"https:\/\/mdu.edu.az\/ru\/wp-json\/wp\/v2\/posts\/58232\/revisions"}],"predecessor-version":[{"id":58238,"href":"https:\/\/mdu.edu.az\/ru\/wp-json\/wp\/v2\/posts\/58232\/revisions\/58238"}],"wp:featuredmedia":[{"embeddable":true,"href":"https:\/\/mdu.edu.az\/ru\/wp-json\/wp\/v2\/media\/58233"}],"wp:attachment":[{"href":"https:\/\/mdu.edu.az\/ru\/wp-json\/wp\/v2\/media?parent=58232"}],"wp:term":[{"taxonomy":"category","embeddable":true,"href":"https:\/\/mdu.edu.az\/ru\/wp-json\/wp\/v2\/categories?post=58232"},{"taxonomy":"post_tag","embeddable":true,"href":"https:\/\/mdu.edu.az\/ru\/wp-json\/wp\/v2\/tags?post=58232"}],"curies":[{"name":"wp","href":"https:\/\/api.w.org\/{rel}","templated":true}]}}