{"id":64302,"date":"2025-01-17T16:35:14","date_gmt":"2025-01-17T13:35:14","guid":{"rendered":"https:\/\/mdu.edu.az\/?p=64302"},"modified":"2025-01-17T16:35:15","modified_gmt":"2025-01-17T13:35:15","slug":"mdu-muhazire-20yanvar","status":"publish","type":"post","link":"https:\/\/mdu.edu.az\/ru\/mdu-muhazire-20yanvar\/","title":{"rendered":"Ming\u0259\u00e7evir D\u00f6vl\u0259t Univeristetind\u0259 (MDU) m\u00fchazir\u0259: \u201c20 Yanvar Az\u0259rbaycan xalq\u0131n\u0131n q\u0259hr\u0259manl\u0131q v\u0259 iftixar tarixi\u201d"},"content":{"rendered":"<p>2025-ci ilin yanvar\u0131n 17-d\u0259 Ming\u0259\u00e7evir D\u00f6vl\u0259t Universitetind\u0259 (MDU) Humanitar f\u0259nl\u0259r kafedras\u0131n\u0131n t\u0259\u015fkilat\u00e7\u0131l\u0131\u011f\u0131 il\u0259 \u00dcmumxalq H\u00fczn G\u00fcn\u00fcn\u0259 h\u0259sr olunmu\u015f \u201c20 Yanvar Az\u0259rbaycan xalq\u0131n\u0131n q\u0259hr\u0259manl\u0131q v\u0259 \u0130ftixar tarixi\u201d m\u00f6vzusunda m\u00fchazir\u0259 ke\u00e7irilib. Universitetin akademik v\u0259 inzibati hey\u0259t \u00fczvl\u0259ri, t\u0259l\u0259b\u0259 v\u0259 magistrantlar\u0131n\u0131n i\u015ftirak\u0131 il\u0259 ke\u00e7iril\u0259n m\u00fchariz\u0259 V\u0259t\u0259n u\u011frunda can\u0131ndan ke\u00e7\u0259n \u015f\u0259hidl\u0259rimizin \u0259ziz xatir\u0259sinin bir d\u0259qiq\u0259lik s\u00fckutla yad edilm\u0259sil\u0259 ba\u015flay\u0131b.<\/p>\n\n\n\n<p>M\u00fchazir\u0259d\u0259 giri\u015f s\u00f6z\u00fc il\u0259 \u00e7\u0131x\u0131\u015f ed\u0259n Humanitar f\u0259nl\u0259r kafedras\u0131n\u0131n m\u00fcdiri, dosent Esmira C\u0259f\u0259rova xalq\u0131m\u0131z\u0131n qan yadda\u015f\u0131na \u00e7evril\u0259n 20 Yanvar faci\u0259sind\u0259n 35 il \u00f6tm\u0259sin\u0259 baxmayaraq, g\u00fcnahs\u0131z insanlar\u0131m\u0131za qar\u015f\u0131 t\u00f6r\u0259dil\u0259n amans\u0131z q\u0259tliam\u0131n eyni ac\u0131 v\u0259 k\u0259d\u0259r hissl\u0259ri il\u0259 xat\u0131rland\u0131\u011f\u0131n\u0131 bildirib. M\u00fcst\u0259qillik u\u011frunda m\u00fcbariz\u0259 tariximizin \u0259n \u015f\u0259r\u0259fli s\u0259hif\u0259l\u0259rind\u0259n olan 20 Yanvar faci\u0259si il\u0259 ba\u011fl\u0131 tarixi h\u0259qiq\u0259tl\u0259rin g\u0259nc n\u0259sl\u0259 \u00e7atd\u0131r\u0131lmas\u0131n\u0131n vacibliyini qeyd ed\u0259n E.C\u0259f\u0259rova bu m\u0259qs\u0259dl\u0259 universitetd\u0259 h\u0259yata ke\u00e7iril\u0259n f\u0259aliyy\u0259tl\u0259rd\u0259n dan\u0131\u015f\u0131b v\u0259 m\u00fchazir\u0259nin \u00f6n\u0259mini diqq\u0259t\u0259 \u00e7atd\u0131r\u0131b.<\/p>\n\n\n\n<p>Sonra, Humanitar f\u0259nl\u0259r kafedras\u0131n\u0131n m\u00fc\u0259llimi, tarix \u00fczr\u0259 f\u0259ls\u0259f\u0259 doktoru V\u00fcsal\u0259 M\u00f6vlayeva m\u0259ruz\u0259 il\u0259 \u00e7\u0131x\u0131\u015f edib. M\u0259ruz\u0259d\u0259 m\u00fcst\u0259qillik yolunda xalq\u0131n ke\u00e7diyi m\u00fcbariz\u0259 yolundan, g\u00f6st\u0259rdiyi \u0259zmkarl\u0131q v\u0259 f\u0259dakarl\u0131q n\u00fcmun\u0259l\u0259rind\u0259n, 20 Yanvar faci\u0259sinin s\u0259b\u0259bl\u0259ri, qanl\u0131 n\u0259tic\u0259l\u0259ri v\u0259 \u0259sas g\u00fcnahkarlar\u0131ndan, \u00fcmummilli lider Heyd\u0259r \u018fliyevin q\u0131r\u011f\u0131n\u0131 t\u00f6r\u0259d\u0259nl\u0259rin c\u0259zaland\u0131r\u0131lmas\u0131n\u0131 t\u0259l\u0259b ed\u0259n c\u0259sar\u0259tli add\u0131mlar\u0131ndan v\u0259 faci\u0259y\u0259 siyasi qiym\u0259tin verilm\u0259sind\u0259ki tarixi xidm\u0259tl\u0259rind\u0259n b\u0259hs edilib. Vur\u011fulan\u0131b ki, m\u00fcz\u0259ff\u0259r Ali Ba\u015f Komandan \u0130lham \u018fliyevin q\u0259tiyy\u0259tli r\u0259hb\u0259rliyi il\u0259 r\u0259\u015fad\u0259tli Az\u0259rbaycan Silahl\u0131 Q\u00fcvv\u0259l\u0259ri 44 g\u00fcnl\u00fck V\u0259t\u0259n m\u00fcharib\u0259sind\u0259 tarixi Z\u0259f\u0259r qazanmaqla v\u0259 \u0259z\u0259li torpaqlar\u0131m\u0131z\u0131 i\u015f\u011faldan azad etm\u0259kl\u0259 \u015f\u0259hidl\u0259rin qisas\u0131n\u0131 ald\u0131lar. Daha sonra, m\u00fchazir\u0259d\u0259 m\u00f6vzu il\u0259 ba\u011fl\u0131 fikir m\u00fcbadil\u0259si apar\u0131l\u0131b v\u0259 i\u015ftirak\u00e7\u0131lar\u0131n suallar\u0131 cavabland\u0131r\u0131l\u0131b. Qeyd ed\u0259k ki, g\u0259ncl\u0259rin v\u0259t\u0259np\u0259rv\u0259rlik ruhunda yeti\u015fdirilm\u0259sini diqq\u0259t m\u0259rk\u0259zind\u0259 saxlayan MDU-da tarixi g\u00fcnl\u0259r\u0259 h\u0259sr edilmi\u015f t\u0259dbirl\u0259rin ke\u00e7irilm\u0259sin\u0259 v\u0259 t\u0259l\u0259b\u0259l\u0259r aras\u0131nda m\u00fcvafiq maarifl\u0259ndirm\u0259 v\u0259 t\u0259bli\u011fat i\u015fl\u0259rinin g\u00fccl\u0259ndirilm\u0259sin\u0259 x\u00fcsusi \u00f6n\u0259m verilir.<\/p>","protected":false},"excerpt":{"rendered":"<p>2025-ci ilin yanvar\u0131n 17-d\u0259 Ming\u0259\u00e7evir D\u00f6vl\u0259t Universitetind\u0259 (MDU) Humanitar f\u0259nl\u0259r kafedras\u0131n\u0131n t\u0259\u015fkilat\u00e7\u0131l\u0131\u011f\u0131 il\u0259 \u00dcmumxalq H\u00fczn G\u00fcn\u00fcn\u0259 h\u0259sr olunmu\u015f \u201c20 Yanvar Az\u0259rbaycan xalq\u0131n\u0131n q\u0259hr\u0259manl\u0131q v\u0259 \u0130ftixar tarixi\u201d m\u00f6vzusunda m\u00fchazir\u0259 ke\u00e7irilib. Universitetin akademik v\u0259 inzibati hey\u0259t \u00fczvl\u0259ri, t\u0259l\u0259b\u0259 v\u0259 magistrantlar\u0131n\u0131n i\u015ftirak\u0131 il\u0259 ke\u00e7iril\u0259n m\u00fchariz\u0259 V\u0259t\u0259n u\u011frunda can\u0131ndan ke\u00e7\u0259n \u015f\u0259hidl\u0259rimizin \u0259ziz xatir\u0259sinin bir d\u0259qiq\u0259lik s\u00fckutla yad edilm\u0259sil\u0259 ba\u015flay\u0131b. [&hellip;]<\/p>\n","protected":false},"author":1,"featured_media":64305,"comment_status":"closed","ping_status":"closed","sticky":false,"template":"","format":"gallery","meta":{"_eb_attr":"","ocean_post_layout":"","ocean_both_sidebars_style":"","ocean_both_sidebars_content_width":0,"ocean_both_sidebars_sidebars_width":0,"ocean_sidebar":"0","ocean_second_sidebar":"0","ocean_disable_margins":"enable","ocean_add_body_class":"","ocean_shortcode_before_top_bar":"","ocean_shortcode_after_top_bar":"","ocean_shortcode_before_header":"","ocean_shortcode_after_header":"","ocean_has_shortcode":"","ocean_shortcode_after_title":"","ocean_shortcode_before_footer_widgets":"","ocean_shortcode_after_footer_widgets":"","ocean_shortcode_before_footer_bottom":"","ocean_shortcode_after_footer_bottom":"","ocean_display_top_bar":"default","ocean_display_header":"default","ocean_header_style":"","ocean_center_header_left_menu":"0","ocean_custom_header_template":"0","ocean_custom_logo":0,"ocean_custom_retina_logo":0,"ocean_custom_logo_max_width":0,"ocean_custom_logo_tablet_max_width":0,"ocean_custom_logo_mobile_max_width":0,"ocean_custom_logo_max_height":0,"ocean_custom_logo_tablet_max_height":0,"ocean_custom_logo_mobile_max_height":0,"ocean_header_custom_menu":"0","ocean_menu_typo_font_family":"0","ocean_menu_typo_font_subset":"","ocean_menu_typo_font_size":0,"ocean_menu_typo_font_size_tablet":0,"ocean_menu_typo_font_size_mobile":0,"ocean_menu_typo_font_size_unit":"px","ocean_menu_typo_font_weight":"","ocean_menu_typo_font_weight_tablet":"","ocean_menu_typo_font_weight_mobile":"","ocean_menu_typo_transform":"","ocean_menu_typo_transform_tablet":"","ocean_menu_typo_transform_mobile":"","ocean_menu_typo_line_height":0,"ocean_menu_typo_line_height_tablet":0,"ocean_menu_typo_line_height_mobile":0,"ocean_menu_typo_line_height_unit":"","ocean_menu_typo_spacing":0,"ocean_menu_typo_spacing_tablet":0,"ocean_menu_typo_spacing_mobile":0,"ocean_menu_typo_spacing_unit":"","ocean_menu_link_color":"","ocean_menu_link_color_hover":"","ocean_menu_link_color_active":"","ocean_menu_link_background":"","ocean_menu_link_hover_background":"","ocean_menu_link_active_background":"","ocean_menu_social_links_bg":"","ocean_menu_social_hover_links_bg":"","ocean_menu_social_links_color":"","ocean_menu_social_hover_links_color":"","ocean_disable_title":"default","ocean_disable_heading":"default","ocean_post_title":"","ocean_post_subheading":"","ocean_post_title_style":"","ocean_post_title_background_color":"","ocean_post_title_background":0,"ocean_post_title_bg_image_position":"","ocean_post_title_bg_image_attachment":"","ocean_post_title_bg_image_repeat":"","ocean_post_title_bg_image_size":"","ocean_post_title_height":0,"ocean_post_title_bg_overlay":0.5,"ocean_post_title_bg_overlay_color":"","ocean_disable_breadcrumbs":"default","ocean_breadcrumbs_color":"","ocean_breadcrumbs_separator_color":"","ocean_breadcrumbs_links_color":"","ocean_breadcrumbs_links_hover_color":"","ocean_display_footer_widgets":"default","ocean_display_footer_bottom":"default","ocean_custom_footer_template":"0","ocean_post_oembed":"","ocean_post_self_hosted_media":"","ocean_post_video_embed":"","ocean_link_format":"","ocean_link_format_target":"self","ocean_quote_format":"","ocean_quote_format_link":"post","ocean_gallery_link_images":"on","ocean_gallery_id":[64306,64307,64304,64305,64303],"footnotes":""},"categories":[31],"tags":[],"class_list":["post-64302","post","type-post","status-publish","format-gallery","has-post-thumbnail","hentry","category-mdu_xeberleri","post_format-post-format-gallery","entry","has-media"],"_links":{"self":[{"href":"https:\/\/mdu.edu.az\/ru\/wp-json\/wp\/v2\/posts\/64302","targetHints":{"allow":["GET"]}}],"collection":[{"href":"https:\/\/mdu.edu.az\/ru\/wp-json\/wp\/v2\/posts"}],"about":[{"href":"https:\/\/mdu.edu.az\/ru\/wp-json\/wp\/v2\/types\/post"}],"author":[{"embeddable":true,"href":"https:\/\/mdu.edu.az\/ru\/wp-json\/wp\/v2\/users\/1"}],"replies":[{"embeddable":true,"href":"https:\/\/mdu.edu.az\/ru\/wp-json\/wp\/v2\/comments?post=64302"}],"version-history":[{"count":1,"href":"https:\/\/mdu.edu.az\/ru\/wp-json\/wp\/v2\/posts\/64302\/revisions"}],"predecessor-version":[{"id":64308,"href":"https:\/\/mdu.edu.az\/ru\/wp-json\/wp\/v2\/posts\/64302\/revisions\/64308"}],"wp:featuredmedia":[{"embeddable":true,"href":"https:\/\/mdu.edu.az\/ru\/wp-json\/wp\/v2\/media\/64305"}],"wp:attachment":[{"href":"https:\/\/mdu.edu.az\/ru\/wp-json\/wp\/v2\/media?parent=64302"}],"wp:term":[{"taxonomy":"category","embeddable":true,"href":"https:\/\/mdu.edu.az\/ru\/wp-json\/wp\/v2\/categories?post=64302"},{"taxonomy":"post_tag","embeddable":true,"href":"https:\/\/mdu.edu.az\/ru\/wp-json\/wp\/v2\/tags?post=64302"}],"curies":[{"name":"wp","href":"https:\/\/api.w.org\/{rel}","templated":true}]}}