{"id":64990,"date":"2025-02-10T13:32:16","date_gmt":"2025-02-10T10:32:16","guid":{"rendered":"https:\/\/mdu.edu.az\/?p=64990"},"modified":"2025-02-10T13:32:17","modified_gmt":"2025-02-10T10:32:17","slug":"mdu-beynelxalq-konfrans","status":"publish","type":"post","link":"https:\/\/mdu.edu.az\/ru\/mdu-beynelxalq-konfrans\/","title":{"rendered":"Ming\u0259\u00e7evir D\u00f6vl\u0259t Universitetinin dosenti beyn\u0259lxalq konfransda m\u0259ruz\u0259 il\u0259 \u00e7\u0131x\u0131\u015f edib"},"content":{"rendered":"<p>Almaniya T\u00fcrk M\u0259d\u0259niyy\u0259ti Platformas\u0131n\u0131n t\u0259\u015fkilat\u00e7\u0131l\u0131\u011f\u0131 il\u0259 21 Fevral &#8211; Beyn\u0259lxalq Ana Dili G\u00fcn\u00fc m\u00fcnasib\u0259til\u0259 onlayn beyn\u0259lxalq konfrans ke\u00e7irilib. Konfransa Milli M\u0259clisin deputatlar\u0131 Jal\u0259 \u018fliyeva, Mehriban V\u0259liyeva, Az\u0259rbaycan D\u00f6vl\u0259t Pedaqoji Universitetinin professoru H\u0259c\u0259r H\u00fcseynova v\u0259 Ming\u0259\u00e7evir D\u00f6vl\u0259t Universitetinin dosenti Namaz Manafov d\u0259v\u0259t olunublar.<\/p>\n\n\n\n<p>Konfrans\u0131n a\u00e7\u0131l\u0131\u015f\u0131n\u0131 Almaniya T\u00fcrk M\u0259d\u0259niyy\u0259ti Platformas\u0131n\u0131n r\u0259hb\u0259ri C\u0259mal\u0259ddin \u00d6zd\u0259mir edib v\u0259 Beyn\u0259lxalq Ana Dili G\u00fcn\u00fcn\u00fcn tarixini i\u015ftirak\u00e7\u0131lara t\u0259qdim etmi\u015fdir. 21 fevral 1952-ci ild\u0259 Pakistanda benqal dilinin qada\u011fan edilm\u0259sin\u0259 etiraz olaraq ke\u00e7iril\u0259n aksiyada polis v\u0259 silahl\u0131 q\u00fcvv\u0259l\u0259rin m\u00fcdaxil\u0259si n\u0259tic\u0259sind\u0259 4 t\u0259l\u0259b\u0259nin \u015f\u0259hid olmas\u0131 v\u0259 sonradan h\u0259min g\u00fcn\u00fcn Beyn\u0259lxalq Ana Dili G\u00fcn\u00fc kimi qeyd olunmas\u0131 bar\u0259d\u0259 m\u0259lumat verilmi\u015fdir.<\/p>\n\n\n\n<p>Milli M\u0259clisin deputat\u0131 Jal\u0259 \u018fliyeva \u00f6z \u00e7\u0131x\u0131\u015f\u0131nda ana dilimizin d\u00f6vl\u0259t dili statusuna y\u00fcks\u0259lm\u0259si yolunda ulu \u00f6nd\u0259r Heyd\u0259r \u018fliyevin m\u00fcst\u0259sna xidm\u0259tl\u0259rind\u0259n s\u00f6z a\u00e7m\u0131\u015f, Ulu \u00d6nd\u0259rin sovetl\u0259r d\u00f6n\u0259mind\u0259 ana dilimizin inki\u015faf\u0131 u\u011frunda apard\u0131\u011f\u0131 siyas\u0259ti vur\u011fulam\u0131\u015fd\u0131r. Az\u0259rbaycan Respublikas\u0131 Milli M\u0259clisinin III, IV, V, VI \u00e7a\u011f\u0131r\u0131\u015f deputat\u0131 Mehriban V\u0259liyeva is\u0259 ana dilimizin m\u0259n\u0259vi diriliyi v\u0259 z\u0259nginliyi haqq\u0131nda dan\u0131\u015fm\u0131\u015f, \u00fcmummilli lider Heyd\u0259r \u018fliyevin dil siyas\u0259tinin Az\u0259rbaycan xalq\u0131 \u00fc\u00e7\u00fcn \u0259v\u0259zolunmaz oldu\u011funu qeyd etmi\u015fdir.<\/p>\n\n\n\n<p>Az\u0259rbaycan D\u00f6vl\u0259t Pedaqoji Universitetinin professoru H\u0259c\u0259r H\u00fcseynova ana dilimizin q\u0259dimliyini v\u0259 z\u0259nginliyini vur\u011fulayaraq, onun g\u00f6z\u0259lliyinin, safl\u0131\u011f\u0131n\u0131n qorunmas\u0131n\u0131n v\u0259 inki\u015faf etdirilm\u0259sinin vacibliyini qeyd etmi\u015fdir. Ming\u0259\u00e7evir D\u00f6vl\u0259t Universitetinin Humanitar f\u0259nl\u0259r kafedras\u0131n\u0131n dosenti, filologiya \u00fczr\u0259 f\u0259ls\u0259f\u0259 doktoru Namaz Manafov is\u0259 \u201cHeyd\u0259r \u018fliyev v\u0259 Ana dili\u201d m\u00f6vzusunda m\u0259ruz\u0259 t\u0259qdim etmi\u015fdir. O, Ulu \u00d6nd\u0259rin dil siyas\u0259tinin bu g\u00fcn Prezident \u0130lham \u018fliyev t\u0259r\u0259find\u0259n u\u011furla davam etdirildiyini, ana dilinin milli m\u0259n\u0259vi d\u0259y\u0259rl\u0259r aras\u0131nda \u0259n ali v\u0259 \u0259n b\u00f6y\u00fck d\u0259y\u0259r oldu\u011funu vur\u011fulam\u0131\u015fd\u0131r.<\/p>\n\n\n\n<p>Konfrans m\u0259ruz\u0259l\u0259r \u0259traf\u0131nda m\u00fczakir\u0259l\u0259r v\u0259 video-\u00e7arxlar\u0131n n\u00fcmayi\u015fi il\u0259 davam etmi\u015fdir. Bu t\u0259dbir, ana dilimizin qorunmas\u0131, inki\u015faf etdirilm\u0259si v\u0259 g\u0259l\u0259c\u0259k n\u0259sill\u0259r\u0259 \u00f6t\u00fcr\u00fclm\u0259si yolunda m\u00fch\u00fcm bir add\u0131m olmu\u015fdur. Ming\u0259\u00e7evir D\u00f6vl\u0259t Universitetinin dosenti Namaz Manafovun \u00e7\u0131x\u0131\u015f\u0131 is\u0259 dilimizin \u0259h\u0259miyy\u0259tini bir daha xat\u0131rlatm\u0131\u015f, onun qorunmas\u0131 v\u0259 inki\u015faf etdirilm\u0259si m\u0259s\u0259l\u0259sind\u0259 h\u0259r bir az\u0259rbaycanl\u0131n\u0131n v\u0259t\u0259nda\u015fl\u0131q borcu oldu\u011funa diqq\u0259t \u00e7\u0259kmi\u015fdir.&nbsp;<\/p>","protected":false},"excerpt":{"rendered":"<p>Almaniya T\u00fcrk M\u0259d\u0259niyy\u0259ti Platformas\u0131n\u0131n t\u0259\u015fkilat\u00e7\u0131l\u0131\u011f\u0131 il\u0259 21 Fevral &#8211; Beyn\u0259lxalq Ana Dili G\u00fcn\u00fc m\u00fcnasib\u0259til\u0259 onlayn beyn\u0259lxalq konfrans ke\u00e7irilib. Konfransa Milli M\u0259clisin deputatlar\u0131 Jal\u0259 \u018fliyeva, Mehriban V\u0259liyeva, Az\u0259rbaycan D\u00f6vl\u0259t Pedaqoji Universitetinin professoru H\u0259c\u0259r H\u00fcseynova v\u0259 Ming\u0259\u00e7evir D\u00f6vl\u0259t Universitetinin dosenti Namaz Manafov d\u0259v\u0259t olunublar. Konfrans\u0131n a\u00e7\u0131l\u0131\u015f\u0131n\u0131 Almaniya T\u00fcrk M\u0259d\u0259niyy\u0259ti Platformas\u0131n\u0131n r\u0259hb\u0259ri C\u0259mal\u0259ddin \u00d6zd\u0259mir edib v\u0259 Beyn\u0259lxalq Ana [&hellip;]<\/p>\n","protected":false},"author":1,"featured_media":64991,"comment_status":"closed","ping_status":"closed","sticky":false,"template":"","format":"gallery","meta":{"_eb_attr":"","ocean_post_layout":"","ocean_both_sidebars_style":"","ocean_both_sidebars_content_width":0,"ocean_both_sidebars_sidebars_width":0,"ocean_sidebar":"0","ocean_second_sidebar":"0","ocean_disable_margins":"enable","ocean_add_body_class":"","ocean_shortcode_before_top_bar":"","ocean_shortcode_after_top_bar":"","ocean_shortcode_before_header":"","ocean_shortcode_after_header":"","ocean_has_shortcode":"","ocean_shortcode_after_title":"","ocean_shortcode_before_footer_widgets":"","ocean_shortcode_after_footer_widgets":"","ocean_shortcode_before_footer_bottom":"","ocean_shortcode_after_footer_bottom":"","ocean_display_top_bar":"default","ocean_display_header":"default","ocean_header_style":"","ocean_center_header_left_menu":"0","ocean_custom_header_template":"0","ocean_custom_logo":0,"ocean_custom_retina_logo":0,"ocean_custom_logo_max_width":0,"ocean_custom_logo_tablet_max_width":0,"ocean_custom_logo_mobile_max_width":0,"ocean_custom_logo_max_height":0,"ocean_custom_logo_tablet_max_height":0,"ocean_custom_logo_mobile_max_height":0,"ocean_header_custom_menu":"0","ocean_menu_typo_font_family":"0","ocean_menu_typo_font_subset":"","ocean_menu_typo_font_size":0,"ocean_menu_typo_font_size_tablet":0,"ocean_menu_typo_font_size_mobile":0,"ocean_menu_typo_font_size_unit":"px","ocean_menu_typo_font_weight":"","ocean_menu_typo_font_weight_tablet":"","ocean_menu_typo_font_weight_mobile":"","ocean_menu_typo_transform":"","ocean_menu_typo_transform_tablet":"","ocean_menu_typo_transform_mobile":"","ocean_menu_typo_line_height":0,"ocean_menu_typo_line_height_tablet":0,"ocean_menu_typo_line_height_mobile":0,"ocean_menu_typo_line_height_unit":"","ocean_menu_typo_spacing":0,"ocean_menu_typo_spacing_tablet":0,"ocean_menu_typo_spacing_mobile":0,"ocean_menu_typo_spacing_unit":"","ocean_menu_link_color":"","ocean_menu_link_color_hover":"","ocean_menu_link_color_active":"","ocean_menu_link_background":"","ocean_menu_link_hover_background":"","ocean_menu_link_active_background":"","ocean_menu_social_links_bg":"","ocean_menu_social_hover_links_bg":"","ocean_menu_social_links_color":"","ocean_menu_social_hover_links_color":"","ocean_disable_title":"default","ocean_disable_heading":"default","ocean_post_title":"","ocean_post_subheading":"","ocean_post_title_style":"","ocean_post_title_background_color":"","ocean_post_title_background":0,"ocean_post_title_bg_image_position":"","ocean_post_title_bg_image_attachment":"","ocean_post_title_bg_image_repeat":"","ocean_post_title_bg_image_size":"","ocean_post_title_height":0,"ocean_post_title_bg_overlay":0.5,"ocean_post_title_bg_overlay_color":"","ocean_disable_breadcrumbs":"default","ocean_breadcrumbs_color":"","ocean_breadcrumbs_separator_color":"","ocean_breadcrumbs_links_color":"","ocean_breadcrumbs_links_hover_color":"","ocean_display_footer_widgets":"default","ocean_display_footer_bottom":"default","ocean_custom_footer_template":"0","ocean_post_oembed":"","ocean_post_self_hosted_media":"","ocean_post_video_embed":"","ocean_link_format":"","ocean_link_format_target":"self","ocean_quote_format":"","ocean_quote_format_link":"post","ocean_gallery_link_images":"on","ocean_gallery_id":[64991,64994,64992,64993],"footnotes":""},"categories":[31],"tags":[],"class_list":["post-64990","post","type-post","status-publish","format-gallery","has-post-thumbnail","hentry","category-mdu_xeberleri","post_format-post-format-gallery","entry","has-media"],"_links":{"self":[{"href":"https:\/\/mdu.edu.az\/ru\/wp-json\/wp\/v2\/posts\/64990","targetHints":{"allow":["GET"]}}],"collection":[{"href":"https:\/\/mdu.edu.az\/ru\/wp-json\/wp\/v2\/posts"}],"about":[{"href":"https:\/\/mdu.edu.az\/ru\/wp-json\/wp\/v2\/types\/post"}],"author":[{"embeddable":true,"href":"https:\/\/mdu.edu.az\/ru\/wp-json\/wp\/v2\/users\/1"}],"replies":[{"embeddable":true,"href":"https:\/\/mdu.edu.az\/ru\/wp-json\/wp\/v2\/comments?post=64990"}],"version-history":[{"count":1,"href":"https:\/\/mdu.edu.az\/ru\/wp-json\/wp\/v2\/posts\/64990\/revisions"}],"predecessor-version":[{"id":64995,"href":"https:\/\/mdu.edu.az\/ru\/wp-json\/wp\/v2\/posts\/64990\/revisions\/64995"}],"wp:featuredmedia":[{"embeddable":true,"href":"https:\/\/mdu.edu.az\/ru\/wp-json\/wp\/v2\/media\/64991"}],"wp:attachment":[{"href":"https:\/\/mdu.edu.az\/ru\/wp-json\/wp\/v2\/media?parent=64990"}],"wp:term":[{"taxonomy":"category","embeddable":true,"href":"https:\/\/mdu.edu.az\/ru\/wp-json\/wp\/v2\/categories?post=64990"},{"taxonomy":"post_tag","embeddable":true,"href":"https:\/\/mdu.edu.az\/ru\/wp-json\/wp\/v2\/tags?post=64990"}],"curies":[{"name":"wp","href":"https:\/\/api.w.org\/{rel}","templated":true}]}}