{"id":75499,"date":"2025-06-12T17:34:00","date_gmt":"2025-06-12T14:34:00","guid":{"rendered":"https:\/\/mdu.edu.az\/?p=70862"},"modified":"2025-08-25T08:38:11","modified_gmt":"2025-08-25T05:38:11","slug":"knfrns12-06-25","status":"publish","type":"post","link":"https:\/\/mdu.edu.az\/ru\/knfrns12-06-25\/","title":{"rendered":"Ming\u0259\u00e7evir D\u00f6vl\u0259t Universitetind\u0259 15 \u0130yun \u2013 Milli Qurtulu\u015f G\u00fcn\u00fcn\u0259 h\u0259sr olunmu\u015f elmi konfrans ke\u00e7irilib"},"content":{"rendered":"<p>2025-ci ilin 12 iyun tarixind\u0259 Ming\u0259\u00e7evir D\u00f6vl\u0259t Universitetind\u0259 (MDU) 15 \u0130yun \u2013 Milli Qurtulu\u015f G\u00fcn\u00fcn\u0259 h\u0259sr olunmu\u015f <strong>\u201cAz\u0259rbaycan\u0131n taleyini d\u0259yi\u015f\u0259n z\u0259f\u0259r tarixi: 15 \u0130yun 1993-c\u00fc il\u201d<\/strong> m\u00f6vzusunda elmi konfrans ke\u00e7irilib. Universitetin ikinci korpusunun akt zal\u0131nda ke\u00e7iril\u0259n konfransda MDU-nun akademik-inzibati hey\u0259t \u00fczvl\u0259ri v\u0259 t\u0259l\u0259b\u0259l\u0259r i\u015ftirak edibl\u0259r.<\/p>\n\n\n\n<p>\u00d6nc\u0259 \u00dcmummilli lider Heyd\u0259r \u018fliyevin v\u0259 \u00f6lk\u0259mizin \u0259razi b\u00fct\u00f6vl\u00fcy\u00fc u\u011frunda can\u0131ndan ke\u00e7mi\u015f q\u0259hr\u0259man \u015f\u0259hidl\u0259rin \u0259ziz xatir\u0259si bir d\u0259qiq\u0259lik s\u00fckutla yad edilib, Az\u0259rbaycan Respublikas\u0131n\u0131n D\u00f6vl\u0259t Himni s\u0259sl\u0259ndirilib.<\/p>\n\n\n\n<p>Konfrans\u0131 giri\u015f nitqi il\u0259 a\u00e7an MDU-nun rektoru <strong>\u0410\u043d\u0430\u0440 \u042d\u043c\u0438\u043d\u043e\u0432<\/strong> 15 \u0130yun \u2013 Milli Qurtulu\u015f G\u00fcn\u00fcn\u00fcn Az\u0259rbaycan xalq\u0131n\u0131n taleyind\u0259 m\u00fcst\u0259sna rol oynad\u0131\u011f\u0131n\u0131 vur\u011fulay\u0131b. O, qeyd edib ki, 1993-c\u00fc ilin 15 iyununda Ulu \u00d6nd\u0259r Heyd\u0259r \u018fliyevin xalq\u0131n t\u0259kidli t\u0259l\u0259bi il\u0259 yenid\u0259n siyasi hakimiyy\u0259t\u0259 qay\u0131d\u0131\u015f\u0131 \u00f6lk\u0259mizi v\u0259t\u0259nda\u015f qar\u015f\u0131durmas\u0131ndan, par\u00e7alanma v\u0259 da\u011f\u0131lma t\u0259hl\u00fck\u0259sind\u0259n xilas edib, sabitliyin v\u0259 inki\u015faf\u0131n \u0259sas\u0131n\u0131 qoyub. Rektor bu tarixin yaln\u0131z bir siyasi d\u00f6n\u00fc\u015f n\u00f6qt\u0259si deyil, eyni zamanda Az\u0259rbaycan\u0131n d\u00f6vl\u0259t m\u00fcst\u0259qilliyinin qorunmas\u0131 v\u0259 m\u00f6hk\u0259ml\u0259ndirilm\u0259si yolunda at\u0131lm\u0131\u015f q\u0259tiyy\u0259tli bir add\u0131m oldu\u011funu x\u00fcsusi vur\u011fulayaraq konfrans\u0131n i\u015fin\u0259 u\u011furlar arzulay\u0131b.<\/p>\n\n\n\n<p>A\u00e7\u0131l\u0131\u015f nitqind\u0259n konfrans\u0131n proqram\u0131na uy\u011fun olaraq m\u0259ruz\u0259l\u0259r dinl\u0259nilib. MDU-nun T\u0259hsil fak\u00fclt\u0259sinin m\u00fcdiri Nizami Zeynalov \u201c15 iyun \u2013 Milli Qurtulu\u015f G\u00fcn\u00fc: Az\u0259rbaycan\u0131n d\u00f6vl\u0259t\u00e7ilik tarixinin \u015fanl\u0131 s\u0259hif\u0259si\u201d, Mexanika kafedras\u0131n\u0131n m\u00fcdiri, 44 g\u00fcnl\u00fck V\u0259t\u0259n m\u00fcharib\u0259sinin i\u015ftirak\u00e7\u0131s\u0131 Mahir \u0130smay\u0131lov \u201cQurtulu\u015fdan ba\u015flanan Z\u0259f\u0259r tariximiz\u201d, universitetin m\u00fc\u0259lliml\u0259rind\u0259n X\u0259dic\u0259 Abdullayeva \u201cHeyd\u0259r \u018fliyev ideyalar\u0131 m\u00fcasir Az\u0259rbaycan d\u00f6vl\u0259tinin inki\u015faf v\u0259 t\u0259r\u0259qqi konsepsiyas\u0131d\u0131r\u201d v\u0259 ba\u015f m\u00fc\u0259llim Ayna Babazad\u0259 \u201cMilli \u0259d\u0259biyyat\u0131m\u0131zda milli \u00f6z\u00fcn\u00fcd\u0259rk v\u0259 milli oyan\u0131\u015f\u201d m\u00f6vzular\u0131nda m\u0259ruz\u0259l\u0259rl\u0259 \u00e7\u0131x\u0131\u015f edibl\u0259r.<\/p>\n\n\n\n<p>T\u0259qdim olunan m\u0259ruz\u0259l\u0259r i\u015ftirak\u00e7\u0131lar t\u0259r\u0259find\u0259n maraqla qar\u015f\u0131lan\u0131b, m\u00fczakir\u0259l\u0259r apar\u0131l\u0131b.<\/p>\n\n\n\n<p>Qeyd ed\u0259k ki, MDU-da milli bayramlar v\u0259 \u0259lam\u0259tdar tarixl\u0259r m\u00fct\u0259madi olaraq m\u00fcxt\u0259lif formatl\u0131 t\u0259dbirl\u0259rl\u0259 qeyd olunur, t\u0259l\u0259b\u0259l\u0259rin v\u0259 akademik hey\u0259tin milli-m\u0259n\u0259vi d\u0259y\u0259rl\u0259r \u0259sas\u0131nda maarifl\u0259ndirilm\u0259si daim diqq\u0259t m\u0259rk\u0259zind\u0259 saxlan\u0131l\u0131r.<\/p>","protected":false},"excerpt":{"rendered":"<p>2025-ci ilin 12 iyun tarixind\u0259 Ming\u0259\u00e7evir D\u00f6vl\u0259t Universitetind\u0259 (MDU) 15 \u0130yun \u2013 Milli Qurtulu\u015f G\u00fcn\u00fcn\u0259 h\u0259sr olunmu\u015f \u201cAz\u0259rbaycan\u0131n taleyini d\u0259yi\u015f\u0259n z\u0259f\u0259r tarixi: 15 \u0130yun 1993-c\u00fc il\u201d m\u00f6vzusunda elmi konfrans ke\u00e7irilib. Universitetin ikinci korpusunun akt zal\u0131nda ke\u00e7iril\u0259n konfransda MDU-nun akademik-inzibati hey\u0259t \u00fczvl\u0259ri v\u0259 t\u0259l\u0259b\u0259l\u0259r i\u015ftirak edibl\u0259r. \u00d6nc\u0259 \u00dcmummilli lider Heyd\u0259r \u018fliyevin v\u0259 \u00f6lk\u0259mizin \u0259razi b\u00fct\u00f6vl\u00fcy\u00fc u\u011frunda [&hellip;]<\/p>\n","protected":false},"author":1,"featured_media":75541,"comment_status":"closed","ping_status":"closed","sticky":false,"template":"","format":"gallery","meta":{"_eb_attr":"","ocean_post_layout":"","ocean_both_sidebars_style":"","ocean_both_sidebars_content_width":0,"ocean_both_sidebars_sidebars_width":0,"ocean_sidebar":"","ocean_second_sidebar":"","ocean_disable_margins":"enable","ocean_add_body_class":"","ocean_shortcode_before_top_bar":"","ocean_shortcode_after_top_bar":"","ocean_shortcode_before_header":"","ocean_shortcode_after_header":"","ocean_has_shortcode":"","ocean_shortcode_after_title":"","ocean_shortcode_before_footer_widgets":"","ocean_shortcode_after_footer_widgets":"","ocean_shortcode_before_footer_bottom":"","ocean_shortcode_after_footer_bottom":"","ocean_display_top_bar":"default","ocean_display_header":"default","ocean_header_style":"","ocean_center_header_left_menu":"","ocean_custom_header_template":"","ocean_custom_logo":0,"ocean_custom_retina_logo":0,"ocean_custom_logo_max_width":0,"ocean_custom_logo_tablet_max_width":0,"ocean_custom_logo_mobile_max_width":0,"ocean_custom_logo_max_height":0,"ocean_custom_logo_tablet_max_height":0,"ocean_custom_logo_mobile_max_height":0,"ocean_header_custom_menu":"","ocean_menu_typo_font_family":"","ocean_menu_typo_font_subset":"","ocean_menu_typo_font_size":0,"ocean_menu_typo_font_size_tablet":0,"ocean_menu_typo_font_size_mobile":0,"ocean_menu_typo_font_size_unit":"px","ocean_menu_typo_font_weight":"","ocean_menu_typo_font_weight_tablet":"","ocean_menu_typo_font_weight_mobile":"","ocean_menu_typo_transform":"","ocean_menu_typo_transform_tablet":"","ocean_menu_typo_transform_mobile":"","ocean_menu_typo_line_height":0,"ocean_menu_typo_line_height_tablet":0,"ocean_menu_typo_line_height_mobile":0,"ocean_menu_typo_line_height_unit":"","ocean_menu_typo_spacing":0,"ocean_menu_typo_spacing_tablet":0,"ocean_menu_typo_spacing_mobile":0,"ocean_menu_typo_spacing_unit":"","ocean_menu_link_color":"","ocean_menu_link_color_hover":"","ocean_menu_link_color_active":"","ocean_menu_link_background":"","ocean_menu_link_hover_background":"","ocean_menu_link_active_background":"","ocean_menu_social_links_bg":"","ocean_menu_social_hover_links_bg":"","ocean_menu_social_links_color":"","ocean_menu_social_hover_links_color":"","ocean_disable_title":"default","ocean_disable_heading":"default","ocean_post_title":"","ocean_post_subheading":"","ocean_post_title_style":"","ocean_post_title_background_color":"","ocean_post_title_background":0,"ocean_post_title_bg_image_position":"","ocean_post_title_bg_image_attachment":"","ocean_post_title_bg_image_repeat":"","ocean_post_title_bg_image_size":"","ocean_post_title_height":0,"ocean_post_title_bg_overlay":0.5,"ocean_post_title_bg_overlay_color":"","ocean_disable_breadcrumbs":"default","ocean_breadcrumbs_color":"","ocean_breadcrumbs_separator_color":"","ocean_breadcrumbs_links_color":"","ocean_breadcrumbs_links_hover_color":"","ocean_display_footer_widgets":"default","ocean_display_footer_bottom":"default","ocean_custom_footer_template":"","ocean_post_oembed":"","ocean_post_self_hosted_media":"","ocean_post_video_embed":"","ocean_link_format":"","ocean_link_format_target":"self","ocean_quote_format":"","ocean_quote_format_link":"post","ocean_gallery_link_images":"on","ocean_gallery_id":[75541,75540,75533,75534,75535,70871,75536,75538,75539],"footnotes":""},"categories":[31],"tags":[],"class_list":["post-75499","post","type-post","status-publish","format-gallery","has-post-thumbnail","hentry","category-mdu_xeberleri","post_format-post-format-gallery","entry","has-media"],"_links":{"self":[{"href":"https:\/\/mdu.edu.az\/ru\/wp-json\/wp\/v2\/posts\/75499","targetHints":{"allow":["GET"]}}],"collection":[{"href":"https:\/\/mdu.edu.az\/ru\/wp-json\/wp\/v2\/posts"}],"about":[{"href":"https:\/\/mdu.edu.az\/ru\/wp-json\/wp\/v2\/types\/post"}],"author":[{"embeddable":true,"href":"https:\/\/mdu.edu.az\/ru\/wp-json\/wp\/v2\/users\/1"}],"replies":[{"embeddable":true,"href":"https:\/\/mdu.edu.az\/ru\/wp-json\/wp\/v2\/comments?post=75499"}],"version-history":[{"count":1,"href":"https:\/\/mdu.edu.az\/ru\/wp-json\/wp\/v2\/posts\/75499\/revisions"}],"predecessor-version":[{"id":79071,"href":"https:\/\/mdu.edu.az\/ru\/wp-json\/wp\/v2\/posts\/75499\/revisions\/79071"}],"wp:featuredmedia":[{"embeddable":true,"href":"https:\/\/mdu.edu.az\/ru\/wp-json\/wp\/v2\/media\/75541"}],"wp:attachment":[{"href":"https:\/\/mdu.edu.az\/ru\/wp-json\/wp\/v2\/media?parent=75499"}],"wp:term":[{"taxonomy":"category","embeddable":true,"href":"https:\/\/mdu.edu.az\/ru\/wp-json\/wp\/v2\/categories?post=75499"},{"taxonomy":"post_tag","embeddable":true,"href":"https:\/\/mdu.edu.az\/ru\/wp-json\/wp\/v2\/tags?post=75499"}],"curies":[{"name":"wp","href":"https:\/\/api.w.org\/{rel}","templated":true}]}}