{"id":82804,"date":"2025-12-13T16:39:00","date_gmt":"2025-12-13T13:39:00","guid":{"rendered":"https:\/\/mdu.edu.az\/?p=82804"},"modified":"2026-04-14T16:07:19","modified_gmt":"2026-04-14T13:07:19","slug":"%c9%99m%c9%99k-bazari-v%c9%99-sosial-mudafi%c9%99-uzr%c9%99-elmi-t%c9%99dqiqat-%c9%99m%c9%99kdasligi-ming%c9%99cevir-dovl%c9%99t-universiteti-v%c9%99-milli-observatoriya-arasinda-memorandum-imzalandi","status":"publish","type":"post","link":"https:\/\/mdu.edu.az\/ru\/%c9%99m%c9%99k-bazari-v%c9%99-sosial-mudafi%c9%99-uzr%c9%99-elmi-t%c9%99dqiqat-%c9%99m%c9%99kdasligi-ming%c9%99cevir-dovl%c9%99t-universiteti-v%c9%99-milli-observatoriya-arasinda-memorandum-imzalandi\/","title":{"rendered":"\u018fm\u0259k bazar\u0131 v\u0259 sosial m\u00fcdafi\u0259 \u00fczr\u0259 elmi-t\u0259dqiqat \u0259m\u0259kda\u015fl\u0131\u011f\u0131: Ming\u0259\u00e7evir D\u00f6vl\u0259t Universiteti v\u0259 Milli Observatoriya aras\u0131nda Memorandum imzaland\u0131"},"content":{"rendered":"<p>2026-c\u0131 il 3 fevral tarixind\u0259 Ming\u0259\u00e7evir D\u00f6vl\u0259t Universitetinin rektoru Anar Eminovun r\u0259hb\u0259rlik etdiyi n\u00fcmay\u0259nd\u0259 hey\u0259ti Az\u0259rbaycan Respublikas\u0131n\u0131n \u018fm\u0259k v\u0259 \u018fhalinin Sosial M\u00fcdafi\u0259si Nazirliyinin tabeliyind\u0259 \u018fm\u0259k Bazar\u0131 v\u0259 Sosial M\u00fcdafi\u0259 M\u0259s\u0259l\u0259l\u0259ri \u00fczr\u0259 Milli Observatoriyada olub.<\/p>\n\n\n\n<p>G\u00f6r\u00fc\u015f \u00e7\u0259r\u00e7iv\u0259sind\u0259 Milli Observatoriyan\u0131n \u0130dar\u0259 Hey\u0259tinin s\u0259dri Elnur S\u0259f\u0259rlinin r\u0259hb\u0259rlik etdiyi n\u00fcmay\u0259nd\u0259 hey\u0259ti MDU-nun n\u00fcmay\u0259nd\u0259 hey\u0259tini q\u0259bul edib. G\u00f6r\u00fc\u015f zaman\u0131 ali t\u0259hsil v\u0259 \u0259m\u0259k bazar\u0131 aras\u0131nda \u0259laq\u0259l\u0259rin g\u00fccl\u0259ndirilm\u0259si, elmi-t\u0259dqiqat v\u0259 analitik f\u0259aliyy\u0259tl\u0259rin geni\u015fl\u0259ndirilm\u0259si, el\u0259c\u0259 d\u0259 g\u0259ncl\u0259rin praktiki bacar\u0131qlar\u0131n\u0131n inki\u015faf etdirilm\u0259si istiqam\u0259tind\u0259 fikir m\u00fcbadil\u0259si apar\u0131l\u0131b.<\/p>\n\n\n\n<p>Anar Eminov \u0259m\u0259kda\u015fl\u0131\u011f\u0131n \u0259h\u0259miyy\u0259tind\u0259n b\u0259hs ed\u0259r\u0259k bildirib ki, bu Memorandum universitetin elmi potensial\u0131n\u0131n \u0259m\u0259k bazar\u0131n\u0131n real t\u0259l\u0259bl\u0259ri il\u0259 uzla\u015fd\u0131r\u0131lmas\u0131na, t\u0259l\u0259b\u0259l\u0259rin praktiki bilik v\u0259 bacar\u0131qlar\u0131n\u0131n art\u0131r\u0131lmas\u0131na, region \u00fczr\u0259 sosial-iqtisadi prosesl\u0259rin elmi \u0259saslarla t\u0259hlilin\u0259 m\u00fch\u00fcm t\u00f6hf\u0259 ver\u0259c\u0259k. Rektor qeyd edib ki, Milli Observatoriya il\u0259 qurulan bu \u0259m\u0259kda\u015fl\u0131q MDU-nun t\u0259hsil, t\u0259dqiqat v\u0259 innovasiya f\u0259aliyy\u0259tl\u0259rinin keyfiyy\u0259tc\u0259 yeni m\u0259rh\u0259l\u0259y\u0259 ke\u00e7m\u0259sin\u0259 \u015f\u0259rait yaradacaq.<\/p>\n\n\n\n<p>Elnur S\u0259f\u0259rli \u00e7\u0131x\u0131\u015f\u0131nda vur\u011fulay\u0131b ki, ali t\u0259hsil m\u00fc\u0259ssis\u0259l\u0259ri il\u0259 \u0259m\u0259kda\u015fl\u0131q \u0259m\u0259k bazar\u0131n\u0131n monitorinqi, sosial rifah g\u00f6st\u0259ricil\u0259rinin t\u0259hlili v\u0259 m\u0259lumatlara \u0259saslanan q\u0259rarverm\u0259 mexanizml\u0259rinin formala\u015fd\u0131r\u0131lmas\u0131 bax\u0131m\u0131ndan x\u00fcsusi \u0259h\u0259miyy\u0259t da\u015f\u0131y\u0131r. O, MDU il\u0259 birg\u0259 h\u0259yata ke\u00e7iril\u0259c\u0259k t\u0259dqiqat, monitorinq v\u0259 t\u0259lim f\u0259aliyy\u0259tl\u0259rinin h\u0259m g\u0259ncl\u0259rin karyera inki\u015faf\u0131na, h\u0259m d\u0259 regional \u0259m\u0259k bazar\u0131n\u0131n daha d\u0259rind\u0259n \u00f6yr\u0259nilm\u0259sin\u0259 xidm\u0259t ed\u0259c\u0259yini bildirib.<\/p>\n\n\n\n<p>G\u00f6r\u00fc\u015f\u00fcn sonunda Ming\u0259\u00e7evir D\u00f6vl\u0259t Universiteti il\u0259 \u018fm\u0259k Bazar\u0131 v\u0259 Sosial M\u00fcdafi\u0259 M\u0259s\u0259l\u0259l\u0259ri \u00fczr\u0259 Milli Observatoriya aras\u0131nda \u0259m\u0259k bazar\u0131, sosial m\u00fcdafi\u0259, elmi-t\u0259dqiqat, t\u0259lim v\u0259 analitik f\u0259aliyy\u0259t sah\u0259l\u0259rind\u0259 \u0259m\u0259kda\u015fl\u0131\u011f\u0131 n\u0259z\u0259rd\u0259 tutan Anla\u015fma Memorandumu imzalan\u0131b.<\/p>\n\n\n\n<p>Memorandumun \u0259sas m\u0259qs\u0259di \u0259m\u0259k bazar\u0131 v\u0259 sosial m\u00fcdafi\u0259 sah\u0259l\u0259rind\u0259 elmi-t\u0259dqiqat, monitorinq, analitik v\u0259 proqnozla\u015fd\u0131rma f\u0259aliyy\u0259tl\u0259rinin birg\u0259 h\u0259yata ke\u00e7irilm\u0259si, t\u0259l\u0259b\u0259l\u0259rin praktiki bilik v\u0259 bacar\u0131qlar\u0131n\u0131n inki\u015faf\u0131na d\u0259st\u0259k g\u00f6st\u0259rilm\u0259si, region \u00fczr\u0259 m\u0259\u015f\u011fulluq v\u0259 sosial rifah g\u00f6st\u0259ricil\u0259rinin ara\u015fd\u0131r\u0131lmas\u0131, h\u0259m\u00e7inin h\u0259r iki qurumun institusional potensial\u0131n\u0131n g\u00fccl\u0259ndirilm\u0259sidir.<\/p>\n\n\n\n<p>S\u0259n\u0259dd\u0259 \u0259m\u0259kda\u015fl\u0131\u011f\u0131n \u0259sas istiqam\u0259tl\u0259ri kimi elmi-t\u0259dqiqat v\u0259 analitika, monitorinq v\u0259 sor\u011fu f\u0259aliyy\u0259tl\u0259ri, t\u0259cr\u00fcb\u0259 v\u0259 karyera inki\u015faf\u0131, t\u0259lim v\u0259 innovasiya, el\u0259c\u0259 d\u0259 strateji \u0259m\u0259kda\u015fl\u0131q v\u0259 layih\u0259l\u0259rin icras\u0131 m\u00fc\u0259yy\u0259nl\u0259\u015fdirilib.<\/p>\n\n\n\n<p>Bununla yana\u015f\u0131, Memorandumdan ir\u0259li g\u0259l\u0259n v\u0259zif\u0259l\u0259rin icras\u0131n\u0131 t\u0259min etm\u0259k m\u0259qs\u0259dil\u0259 Ming\u0259\u00e7evir D\u00f6vl\u0259t Universiteti il\u0259 Milli Observatoriya aras\u0131nda 2026-c\u0131 il \u00fc\u00e7\u00fcn Birg\u0259 T\u0259dbirl\u0259r Plan\u0131 da imzalan\u0131b. Birg\u0259 T\u0259dbirl\u0259r Plan\u0131 \u00e7\u0259r\u00e7iv\u0259sind\u0259 t\u0259lim v\u0259 m\u00fchazir\u0259l\u0259rin t\u0259\u015fkili, t\u0259l\u0259b\u0259l\u0259r \u00fc\u00e7\u00fcn infotur v\u0259 t\u0259cr\u00fcb\u0259 proqramlar\u0131n\u0131n h\u0259yata ke\u00e7irilm\u0259si, birg\u0259 seminar v\u0259 d\u0259yirmi masalar\u0131n ke\u00e7irilm\u0259si, el\u0259c\u0259 d\u0259 g\u00f6r\u00fcl\u0259n i\u015fl\u0259rin ictimaiyy\u0259t\u0259 \u00e7atd\u0131r\u0131lmas\u0131 n\u0259z\u0259rd\u0259 tutulur.<\/p>\n\n\n\n<p>Qeyd ed\u0259k ki, imzalanm\u0131\u015f s\u0259n\u0259dl\u0259r t\u0259r\u0259fl\u0259r aras\u0131nda uzunm\u00fcdd\u0259tli v\u0259 sistemli \u0259m\u0259kda\u015fl\u0131q \u00fc\u00e7\u00fcn h\u00fcquqi v\u0259 institusional z\u0259min yaratmaqla, t\u0259hsil\u2013\u0259m\u0259k bazar\u0131 \u0259laq\u0259l\u0259rinin daha da m\u00f6hk\u0259ml\u0259ndirilm\u0259sin\u0259 xidm\u0259t ed\u0259c\u0259k.<\/p>","protected":false},"excerpt":{"rendered":"<p>2026-c\u0131 il 3 fevral tarixind\u0259 Ming\u0259\u00e7evir D\u00f6vl\u0259t Universitetinin rektoru Anar Eminovun r\u0259hb\u0259rlik etdiyi n\u00fcmay\u0259nd\u0259 hey\u0259ti Az\u0259rbaycan Respublikas\u0131n\u0131n \u018fm\u0259k v\u0259 \u018fhalinin Sosial M\u00fcdafi\u0259si Nazirliyinin tabeliyind\u0259 \u018fm\u0259k Bazar\u0131 v\u0259 Sosial M\u00fcdafi\u0259 M\u0259s\u0259l\u0259l\u0259ri \u00fczr\u0259 Milli Observatoriyada olub. G\u00f6r\u00fc\u015f \u00e7\u0259r\u00e7iv\u0259sind\u0259 Milli Observatoriyan\u0131n \u0130dar\u0259 Hey\u0259tinin s\u0259dri Elnur S\u0259f\u0259rlinin r\u0259hb\u0259rlik etdiyi n\u00fcmay\u0259nd\u0259 hey\u0259ti MDU-nun n\u00fcmay\u0259nd\u0259 hey\u0259tini q\u0259bul edib. G\u00f6r\u00fc\u015f zaman\u0131 ali [&hellip;]<\/p>\n","protected":false},"author":1,"featured_media":82770,"comment_status":"closed","ping_status":"closed","sticky":false,"template":"","format":"gallery","meta":{"_eb_attr":"","ocean_post_layout":"","ocean_both_sidebars_style":"","ocean_both_sidebars_content_width":0,"ocean_both_sidebars_sidebars_width":0,"ocean_sidebar":"","ocean_second_sidebar":"","ocean_disable_margins":"enable","ocean_add_body_class":"","ocean_shortcode_before_top_bar":"","ocean_shortcode_after_top_bar":"","ocean_shortcode_before_header":"","ocean_shortcode_after_header":"","ocean_has_shortcode":"","ocean_shortcode_after_title":"","ocean_shortcode_before_footer_widgets":"","ocean_shortcode_after_footer_widgets":"","ocean_shortcode_before_footer_bottom":"","ocean_shortcode_after_footer_bottom":"","ocean_display_top_bar":"default","ocean_display_header":"default","ocean_header_style":"","ocean_center_header_left_menu":"","ocean_custom_header_template":"","ocean_custom_logo":0,"ocean_custom_retina_logo":0,"ocean_custom_logo_max_width":0,"ocean_custom_logo_tablet_max_width":0,"ocean_custom_logo_mobile_max_width":0,"ocean_custom_logo_max_height":0,"ocean_custom_logo_tablet_max_height":0,"ocean_custom_logo_mobile_max_height":0,"ocean_header_custom_menu":"","ocean_menu_typo_font_family":"","ocean_menu_typo_font_subset":"","ocean_menu_typo_font_size":0,"ocean_menu_typo_font_size_tablet":0,"ocean_menu_typo_font_size_mobile":0,"ocean_menu_typo_font_size_unit":"px","ocean_menu_typo_font_weight":"","ocean_menu_typo_font_weight_tablet":"","ocean_menu_typo_font_weight_mobile":"","ocean_menu_typo_transform":"","ocean_menu_typo_transform_tablet":"","ocean_menu_typo_transform_mobile":"","ocean_menu_typo_line_height":0,"ocean_menu_typo_line_height_tablet":0,"ocean_menu_typo_line_height_mobile":0,"ocean_menu_typo_line_height_unit":"","ocean_menu_typo_spacing":0,"ocean_menu_typo_spacing_tablet":0,"ocean_menu_typo_spacing_mobile":0,"ocean_menu_typo_spacing_unit":"","ocean_menu_link_color":"","ocean_menu_link_color_hover":"","ocean_menu_link_color_active":"","ocean_menu_link_background":"","ocean_menu_link_hover_background":"","ocean_menu_link_active_background":"","ocean_menu_social_links_bg":"","ocean_menu_social_hover_links_bg":"","ocean_menu_social_links_color":"","ocean_menu_social_hover_links_color":"","ocean_disable_title":"default","ocean_disable_heading":"default","ocean_post_title":"","ocean_post_subheading":"","ocean_post_title_style":"","ocean_post_title_background_color":"","ocean_post_title_background":0,"ocean_post_title_bg_image_position":"","ocean_post_title_bg_image_attachment":"","ocean_post_title_bg_image_repeat":"","ocean_post_title_bg_image_size":"","ocean_post_title_height":0,"ocean_post_title_bg_overlay":0.5,"ocean_post_title_bg_overlay_color":"","ocean_disable_breadcrumbs":"default","ocean_breadcrumbs_color":"","ocean_breadcrumbs_separator_color":"","ocean_breadcrumbs_links_color":"","ocean_breadcrumbs_links_hover_color":"","ocean_display_footer_widgets":"default","ocean_display_footer_bottom":"default","ocean_custom_footer_template":"","ocean_post_oembed":"","ocean_post_self_hosted_media":"","ocean_post_video_embed":"","ocean_link_format":"","ocean_link_format_target":"self","ocean_quote_format":"","ocean_quote_format_link":"post","ocean_gallery_link_images":"on","ocean_gallery_id":[82770,82771,82772,82773,82774],"footnotes":""},"categories":[31,43],"tags":[],"class_list":["post-82804","post","type-post","status-publish","format-gallery","has-post-thumbnail","hentry","category-mdu_xeberleri","category-tedbirler","post_format-post-format-gallery","entry","has-media"],"_links":{"self":[{"href":"https:\/\/mdu.edu.az\/ru\/wp-json\/wp\/v2\/posts\/82804","targetHints":{"allow":["GET"]}}],"collection":[{"href":"https:\/\/mdu.edu.az\/ru\/wp-json\/wp\/v2\/posts"}],"about":[{"href":"https:\/\/mdu.edu.az\/ru\/wp-json\/wp\/v2\/types\/post"}],"author":[{"embeddable":true,"href":"https:\/\/mdu.edu.az\/ru\/wp-json\/wp\/v2\/users\/1"}],"replies":[{"embeddable":true,"href":"https:\/\/mdu.edu.az\/ru\/wp-json\/wp\/v2\/comments?post=82804"}],"version-history":[{"count":1,"href":"https:\/\/mdu.edu.az\/ru\/wp-json\/wp\/v2\/posts\/82804\/revisions"}],"predecessor-version":[{"id":82805,"href":"https:\/\/mdu.edu.az\/ru\/wp-json\/wp\/v2\/posts\/82804\/revisions\/82805"}],"wp:featuredmedia":[{"embeddable":true,"href":"https:\/\/mdu.edu.az\/ru\/wp-json\/wp\/v2\/media\/82770"}],"wp:attachment":[{"href":"https:\/\/mdu.edu.az\/ru\/wp-json\/wp\/v2\/media?parent=82804"}],"wp:term":[{"taxonomy":"category","embeddable":true,"href":"https:\/\/mdu.edu.az\/ru\/wp-json\/wp\/v2\/categories?post=82804"},{"taxonomy":"post_tag","embeddable":true,"href":"https:\/\/mdu.edu.az\/ru\/wp-json\/wp\/v2\/tags?post=82804"}],"curies":[{"name":"wp","href":"https:\/\/api.w.org\/{rel}","templated":true}]}}