{"id":90535,"date":"2026-03-27T13:24:41","date_gmt":"2026-03-27T10:24:41","guid":{"rendered":"https:\/\/mdu.edu.az\/?p=90535"},"modified":"2026-03-27T13:24:41","modified_gmt":"2026-03-27T10:24:41","slug":"elm-gunu-yazi-27-03-26","status":"publish","type":"post","link":"https:\/\/mdu.edu.az\/ru\/elm-gunu-yazi-27-03-26\/","title":{"rendered":"Elm G\u00fcn\u00fc: Ke\u00e7mi\u015fd\u0259n g\u0259l\u0259c\u0259y\u0259 uzanan milli inki\u015faf x\u0259tti"},"content":{"rendered":"<p>Elm c\u0259miyy\u0259tin t\u0259r\u0259qqisinin \u0259sas meyarlar\u0131ndan biri olmaqla h\u0259r bir \u00f6lk\u0259nin \u00fcmumi inki\u015faf s\u0259viyy\u0259sinin ba\u015fl\u0131ca g\u00f6st\u0259ricil\u0259rind\u0259n hesab olunur. Bu bax\u0131mdan, elmin v\u0259 t\u0259hsilin prioritet istiqam\u0259t kimi m\u00fc\u0259yy\u0259nl\u0259\u015fdirilm\u0259si inki\u015faf etmi\u015f d\u00f6vl\u0259tl\u0259rin strateji h\u0259d\u0259fl\u0259ri s\u0131ras\u0131nda x\u00fcsusi yer tutur.<\/p>\n\n\n\n<p>Az\u0259rbaycanda Elm G\u00fcn\u00fcn\u00fcn qeyd olunmas\u0131 aliml\u0259rin v\u0259 t\u0259dqiqat\u00e7\u0131lar\u0131n f\u0259aliyy\u0259tin\u0259 diqq\u0259tin art\u0131r\u0131lmas\u0131, elmi nailiyy\u0259tl\u0259rin d\u0259y\u0259rl\u0259ndirilm\u0259si, yeni n\u0259sil t\u0259dqiqat\u00e7\u0131lar\u0131n formala\u015fd\u0131r\u0131lmas\u0131, elmi maarifl\u0259ndirm\u0259nin g\u00fccl\u0259ndirilm\u0259si v\u0259 bu sah\u0259d\u0259 qar\u015f\u0131da duran v\u0259zif\u0259l\u0259rin m\u00fc\u0259yy\u0259nl\u0259\u015fdirilm\u0259si bax\u0131m\u0131ndan m\u00fch\u00fcm \u0259h\u0259miyy\u0259t da\u015f\u0131y\u0131r. Bu \u0259lam\u0259tdar g\u00fcn h\u0259m d\u0259 akademik v\u0259 ali t\u0259hsil m\u00fc\u0259ssis\u0259l\u0259rind\u0259 apar\u0131lan elmi f\u0259aliyy\u0259tin c\u0259miyy\u0259t qar\u015f\u0131s\u0131nda hesabat\u0131 kimi \u00e7\u0131x\u0131\u015f edir.<\/p>\n\n\n\n<p>Az\u0259rbaycan Respublikas\u0131nda 27 mart tarixinin \u201cElm G\u00fcn\u00fc\u201d kimi t\u0259sis edilm\u0259si d\u00f6vl\u0259tin elm\u0259 g\u00f6st\u0259rdiyi y\u00fcks\u0259k diqq\u0259t v\u0259 qay\u011f\u0131n\u0131n bariz n\u00fcmun\u0259sidir. Az\u0259rbaycan Respublikas\u0131 Prezidentinin 9 aprel 2018-ci il tarixli s\u0259r\u0259ncam\u0131na \u0259sas\u0259n t\u0259sis olunan bu g\u00fcn\u00fcn m\u0259hz 27 martda qeyd edilm\u0259si 1945-ci ild\u0259 Az\u0259rbaycan Milli Elml\u0259r Akademiyas\u0131n\u0131n yarad\u0131lmas\u0131 il\u0259 ba\u011fl\u0131d\u0131r. Bu q\u0259rar \u00f6lk\u0259 r\u0259hb\u0259rliyinin elm\u0259 v\u0259 alim \u0259m\u0259yin\u0259 verdiyi y\u00fcks\u0259k d\u0259y\u0259rin ifad\u0259sidir.<\/p>\n\n\n\n<p>D\u00fcnyan\u0131n bir \u00e7ox \u00f6lk\u0259l\u0259rind\u0259 d\u0259 elm\u0259 x\u00fcsusi diqq\u0259t g\u00f6st\u0259rilir. Birl\u0259\u015fmi\u015f Mill\u0259tl\u0259r T\u0259\u015fkilat\u0131n\u0131n Ba\u015f Assambleyas\u0131n\u0131n q\u0259tnam\u0259sin\u0259 uy\u011fun olaraq 10 noyabr tarixi S\u00fclh v\u0259 \u0130nki\u015faf Namin\u0259 \u00dcmumd\u00fcnya Elm G\u00fcn\u00fc kimi qeyd olunur. Bununla yana\u015f\u0131, m\u00fcxt\u0259lif \u00f6lk\u0259l\u0259rd\u0259 milli elm g\u00fcnl\u0259ri v\u0259 h\u0259ft\u0259l\u0259ri ke\u00e7iril\u0259r\u0259k elmin inki\u015faf\u0131 t\u0259\u015fviq edilir.<\/p>\n\n\n\n<p>Az\u0259rbaycan Milli Elml\u0259r Akademiyas\u0131 80 ild\u0259n art\u0131q f\u0259aliyy\u0259t m\u00fcdd\u0259ti \u0259rzind\u0259 \u00f6lk\u0259nin sosial-iqtisadi v\u0259 m\u0259d\u0259ni-m\u0259n\u0259vi inki\u015faf\u0131nda m\u00fch\u00fcm rol oynam\u0131\u015fd\u0131r. Akademiya elmi potensial\u0131n formala\u015fd\u0131r\u0131lmas\u0131nda, fundamental v\u0259 t\u0259tbiqi elml\u0259rin inki\u015faf\u0131nda, h\u0259m\u00e7inin elmi m\u0259kt\u0259bl\u0259rin yarad\u0131lmas\u0131nda \u0259v\u0259zsiz xidm\u0259tl\u0259r g\u00f6st\u0259rmi\u015fdir.<\/p>\n\n\n\n<p>\u00dcmummilli lider Heyd\u0259r \u018fliyevin Akademiyan\u0131 \u201cAz\u0259rbaycan xalq\u0131n\u0131n milli s\u0259rv\u0259ti\u201d kimi d\u0259y\u0259rl\u0259ndirm\u0259si bu elm oca\u011f\u0131n\u0131n c\u0259miyy\u0259t h\u0259yat\u0131ndak\u0131 \u0259h\u0259miyy\u0259tini bir daha t\u0259sdiql\u0259yir. M\u0259hz Akademiyan\u0131n f\u0259aliyy\u0259ti n\u0259tic\u0259sind\u0259 milli ziyal\u0131 elitas\u0131 formala\u015fm\u0131\u015f, elmi v\u0259 m\u0259d\u0259ni m\u00fchit inki\u015faf etmi\u015f, d\u00f6vl\u0259t\u00e7ilik ideyalar\u0131 m\u00f6hk\u0259ml\u0259nmi\u015fdir.<\/p>\n\n\n\n<p>Bu g\u00fcn Az\u0259rbaycan aliml\u0259ri n\u00fcfuzlu beyn\u0259lxalq elmi bazalarda \u2013 \u201cWeb of Science\u201d v\u0259 \u201cScopus\u201d platformalar\u0131nda u\u011furla t\u0259msil olunur, y\u00fcks\u0259k istinad g\u00f6st\u0259ricil\u0259ri il\u0259 \u00f6lk\u0259mizin elmi n\u00fcfuzunu art\u0131r\u0131rlar. D\u00f6vl\u0259t t\u0259r\u0259find\u0259n yarad\u0131lan imkanlar g\u0259nc t\u0259dqiqat\u00e7\u0131lar\u0131n beyn\u0259lxalq t\u0259cr\u00fcb\u0259 qazanmas\u0131na v\u0259 Az\u0259rbaycan elminin qlobal elmi m\u00fchit\u0259 inteqrasiyas\u0131na \u015f\u0259rait yarad\u0131r.<\/p>\n\n\n\n<p>Son ill\u0259rd\u0259 h\u0259yata ke\u00e7iril\u0259n institusional islahatlar da elmin inki\u015faf\u0131na m\u00fch\u00fcm t\u00f6hf\u0259 verm\u0259kd\u0259dir. 2022-ci ild\u0259 Elm v\u0259 T\u0259hsil Nazirliyinin yarad\u0131lmas\u0131, onun tabeliyind\u0259 Elm v\u0259 Ali T\u0259hsil \u00fczr\u0259 D\u00f6vl\u0259t Agentliyinin f\u0259aliyy\u0259t\u0259 ba\u015flamas\u0131 elmi f\u0259aliyy\u0259tin idar\u0259 olunmas\u0131nda yeni m\u0259rh\u0259l\u0259nin \u0259sas\u0131n\u0131 qoymu\u015fdur. Bu islahatlar\u0131n n\u0259tic\u0259l\u0259ri elmi n\u0259tic\u0259l\u0259rin kommersiyala\u015fd\u0131r\u0131lmas\u0131 v\u0259 universitet\u2013s\u0259naye \u0259m\u0259kda\u015fl\u0131\u011f\u0131n\u0131n geni\u015fl\u0259nm\u0259si istiqam\u0259tind\u0259 art\u0131q \u00f6z\u00fcn\u00fc g\u00f6st\u0259rm\u0259kd\u0259dir.<\/p>\n\n\n\n<p>Elm G\u00fcn\u00fc h\u0259m d\u0259 \u0259ld\u0259 olunan nailiyy\u0259tl\u0259rin qiym\u0259tl\u0259ndirildiyi v\u0259 g\u0259l\u0259c\u0259k h\u0259d\u0259fl\u0259rin m\u00fc\u0259yy\u0259nl\u0259\u015fdirildiyi bir m\u0259rh\u0259l\u0259dir. Az\u0259rbaycan d\u00f6vl\u0259ti elm\u0259 \u0259saslanan inki\u015faf modelini se\u00e7m\u0259kl\u0259 dayan\u0131ql\u0131 v\u0259 r\u0259qab\u0259tqabiliyy\u0259tli g\u0259l\u0259c\u0259yin \u0259saslar\u0131n\u0131 m\u00f6hk\u0259ml\u0259ndirir.<\/p>\n\n\n\n<p>M\u00fcasir d\u00f6vrd\u0259 qlobal \u00e7a\u011f\u0131r\u0131\u015flar v\u0259 \u00f6lk\u0259mizin \u0259ld\u0259 etdiyi tarixi Z\u0259f\u0259rd\u0259n sonra formala\u015fan yeni reall\u0131qlar Az\u0259rbaycan elmi qar\u015f\u0131s\u0131nda yeni v\u0259zif\u0259l\u0259r m\u00fc\u0259yy\u0259nl\u0259\u015fdirir. Bu v\u0259zif\u0259l\u0259rin icras\u0131nda Az\u0259rbaycan ziyal\u0131lar\u0131 v\u0259 elmi ictimaiyy\u0259t d\u00f6vl\u0259t siyas\u0259tinin h\u0259yata ke\u00e7irilm\u0259sind\u0259 f\u0259al i\u015ftirak edir.<\/p>\n\n\n\n<p>D\u00f6vl\u0259tin elm\u0259 g\u00f6st\u0259rdiyi davaml\u0131 diqq\u0259t v\u0259 h\u0259yata ke\u00e7iril\u0259n m\u0259qs\u0259dy\u00f6nl\u00fc islahatlar Az\u0259rbaycan elminin inki\u015faf\u0131n\u0131 daha da s\u00fcr\u0259tl\u0259ndirir. M\u00f6vcud elmi potensial v\u0259 intellektual imkanlar say\u0259sind\u0259 \u00f6lk\u0259mizin elmi g\u0259l\u0259c\u0259kd\u0259 d\u0259 sosial-iqtisadi v\u0259 m\u0259d\u0259ni inki\u015fafda apar\u0131c\u0131 rol oynayacaq, eyni zamanda d\u00fcnya elmin\u0259 \u00f6z layiqli t\u00f6hf\u0259l\u0259rini verm\u0259y\u0259 davam ed\u0259c\u0259kdir.<\/p>\n\n\n\n<p><strong>\u0410\u043d\u0430\u0440 \u042d\u043c\u0438\u043d\u043e\u0432<\/strong><\/p>\n\n\n\n<p><strong>Ming\u0259\u00e7evir D\u00f6vl\u0259t Universitetinin rektoru<\/strong><\/p>","protected":false},"excerpt":{"rendered":"<p>Elm c\u0259miyy\u0259tin t\u0259r\u0259qqisinin \u0259sas meyarlar\u0131ndan biri olmaqla h\u0259r bir \u00f6lk\u0259nin \u00fcmumi inki\u015faf s\u0259viyy\u0259sinin ba\u015fl\u0131ca g\u00f6st\u0259ricil\u0259rind\u0259n hesab olunur. Bu bax\u0131mdan, elmin v\u0259 t\u0259hsilin prioritet istiqam\u0259t kimi m\u00fc\u0259yy\u0259nl\u0259\u015fdirilm\u0259si inki\u015faf etmi\u015f d\u00f6vl\u0259tl\u0259rin strateji h\u0259d\u0259fl\u0259ri s\u0131ras\u0131nda x\u00fcsusi yer tutur. Az\u0259rbaycanda Elm G\u00fcn\u00fcn\u00fcn qeyd olunmas\u0131 aliml\u0259rin v\u0259 t\u0259dqiqat\u00e7\u0131lar\u0131n f\u0259aliyy\u0259tin\u0259 diqq\u0259tin art\u0131r\u0131lmas\u0131, elmi nailiyy\u0259tl\u0259rin d\u0259y\u0259rl\u0259ndirilm\u0259si, yeni n\u0259sil t\u0259dqiqat\u00e7\u0131lar\u0131n formala\u015fd\u0131r\u0131lmas\u0131, elmi maarifl\u0259ndirm\u0259nin [&hellip;]<\/p>\n","protected":false},"author":41,"featured_media":90536,"comment_status":"closed","ping_status":"closed","sticky":false,"template":"","format":"gallery","meta":{"_eb_attr":"","ocean_post_layout":"","ocean_both_sidebars_style":"","ocean_both_sidebars_content_width":0,"ocean_both_sidebars_sidebars_width":0,"ocean_sidebar":"","ocean_second_sidebar":"","ocean_disable_margins":"enable","ocean_add_body_class":"","ocean_shortcode_before_top_bar":"","ocean_shortcode_after_top_bar":"","ocean_shortcode_before_header":"","ocean_shortcode_after_header":"","ocean_has_shortcode":"","ocean_shortcode_after_title":"","ocean_shortcode_before_footer_widgets":"","ocean_shortcode_after_footer_widgets":"","ocean_shortcode_before_footer_bottom":"","ocean_shortcode_after_footer_bottom":"","ocean_display_top_bar":"default","ocean_display_header":"default","ocean_header_style":"","ocean_center_header_left_menu":"","ocean_custom_header_template":"","ocean_custom_logo":0,"ocean_custom_retina_logo":0,"ocean_custom_logo_max_width":0,"ocean_custom_logo_tablet_max_width":0,"ocean_custom_logo_mobile_max_width":0,"ocean_custom_logo_max_height":0,"ocean_custom_logo_tablet_max_height":0,"ocean_custom_logo_mobile_max_height":0,"ocean_header_custom_menu":"","ocean_menu_typo_font_family":"","ocean_menu_typo_font_subset":"","ocean_menu_typo_font_size":0,"ocean_menu_typo_font_size_tablet":0,"ocean_menu_typo_font_size_mobile":0,"ocean_menu_typo_font_size_unit":"px","ocean_menu_typo_font_weight":"","ocean_menu_typo_font_weight_tablet":"","ocean_menu_typo_font_weight_mobile":"","ocean_menu_typo_transform":"","ocean_menu_typo_transform_tablet":"","ocean_menu_typo_transform_mobile":"","ocean_menu_typo_line_height":0,"ocean_menu_typo_line_height_tablet":0,"ocean_menu_typo_line_height_mobile":0,"ocean_menu_typo_line_height_unit":"","ocean_menu_typo_spacing":0,"ocean_menu_typo_spacing_tablet":0,"ocean_menu_typo_spacing_mobile":0,"ocean_menu_typo_spacing_unit":"","ocean_menu_link_color":"","ocean_menu_link_color_hover":"","ocean_menu_link_color_active":"","ocean_menu_link_background":"","ocean_menu_link_hover_background":"","ocean_menu_link_active_background":"","ocean_menu_social_links_bg":"","ocean_menu_social_hover_links_bg":"","ocean_menu_social_links_color":"","ocean_menu_social_hover_links_color":"","ocean_disable_title":"default","ocean_disable_heading":"default","ocean_post_title":"","ocean_post_subheading":"","ocean_post_title_style":"","ocean_post_title_background_color":"","ocean_post_title_background":0,"ocean_post_title_bg_image_position":"","ocean_post_title_bg_image_attachment":"","ocean_post_title_bg_image_repeat":"","ocean_post_title_bg_image_size":"","ocean_post_title_height":0,"ocean_post_title_bg_overlay":0.5,"ocean_post_title_bg_overlay_color":"","ocean_disable_breadcrumbs":"default","ocean_breadcrumbs_color":"","ocean_breadcrumbs_separator_color":"","ocean_breadcrumbs_links_color":"","ocean_breadcrumbs_links_hover_color":"","ocean_display_footer_widgets":"default","ocean_display_footer_bottom":"default","ocean_custom_footer_template":"","ocean_post_oembed":"","ocean_post_self_hosted_media":"","ocean_post_video_embed":"","ocean_link_format":"","ocean_link_format_target":"self","ocean_quote_format":"","ocean_quote_format_link":"post","ocean_gallery_link_images":"on","ocean_gallery_id":[90536],"footnotes":""},"categories":[76],"tags":[],"class_list":["post-90535","post","type-post","status-publish","format-gallery","has-post-thumbnail","hentry","category-elim-v-innovasiyalar","post_format-post-format-gallery","entry","has-media"],"_links":{"self":[{"href":"https:\/\/mdu.edu.az\/ru\/wp-json\/wp\/v2\/posts\/90535","targetHints":{"allow":["GET"]}}],"collection":[{"href":"https:\/\/mdu.edu.az\/ru\/wp-json\/wp\/v2\/posts"}],"about":[{"href":"https:\/\/mdu.edu.az\/ru\/wp-json\/wp\/v2\/types\/post"}],"author":[{"embeddable":true,"href":"https:\/\/mdu.edu.az\/ru\/wp-json\/wp\/v2\/users\/41"}],"replies":[{"embeddable":true,"href":"https:\/\/mdu.edu.az\/ru\/wp-json\/wp\/v2\/comments?post=90535"}],"version-history":[{"count":1,"href":"https:\/\/mdu.edu.az\/ru\/wp-json\/wp\/v2\/posts\/90535\/revisions"}],"predecessor-version":[{"id":90537,"href":"https:\/\/mdu.edu.az\/ru\/wp-json\/wp\/v2\/posts\/90535\/revisions\/90537"}],"wp:featuredmedia":[{"embeddable":true,"href":"https:\/\/mdu.edu.az\/ru\/wp-json\/wp\/v2\/media\/90536"}],"wp:attachment":[{"href":"https:\/\/mdu.edu.az\/ru\/wp-json\/wp\/v2\/media?parent=90535"}],"wp:term":[{"taxonomy":"category","embeddable":true,"href":"https:\/\/mdu.edu.az\/ru\/wp-json\/wp\/v2\/categories?post=90535"},{"taxonomy":"post_tag","embeddable":true,"href":"https:\/\/mdu.edu.az\/ru\/wp-json\/wp\/v2\/tags?post=90535"}],"curies":[{"name":"wp","href":"https:\/\/api.w.org\/{rel}","templated":true}]}}