{"id":90906,"date":"2026-03-31T15:39:03","date_gmt":"2026-03-31T12:39:03","guid":{"rendered":"https:\/\/mdu.edu.az\/?p=90906"},"modified":"2026-03-31T15:39:03","modified_gmt":"2026-03-31T12:39:03","slug":"31-mart-konfrans-31-03-26","status":"publish","type":"post","link":"https:\/\/mdu.edu.az\/ru\/31-mart-konfrans-31-03-26\/","title":{"rendered":"Ming\u0259\u00e7evir D\u00f6vl\u0259t Universitetind\u0259 31 Mart \u2013 Az\u0259rbaycanl\u0131lar\u0131n Soyq\u0131r\u0131m\u0131 G\u00fcn\u00fcn\u0259 h\u0259sr olunmu\u015f elmi konfrans ke\u00e7irilib"},"content":{"rendered":"<p>2026-c\u0131 ilin 31 mart tarixind\u0259 Ming\u0259\u00e7evir D\u00f6vl\u0259t Universitetind\u0259 \u201c1918-ci il mart hadis\u0259l\u0259ri: tarixi faktlar v\u0259 reall\u0131qlar\u201d m\u00f6vzusunda elmi konfrans ke\u00e7irilib. Konfransda universitetin rektoru Anar Eminov, MDU-nun akademik v\u0259 inzibati hey\u0259t \u00fczvl\u0259ri i\u015ftirak edib.<\/p>\n\n\n\n<p>T\u0259dbir Az\u0259rbaycan Respublikas\u0131n\u0131n D\u00f6vl\u0259t Himninin s\u0259sl\u0259ndirilm\u0259si v\u0259 \u015f\u0259hidl\u0259rimizin \u0259ziz xatir\u0259sinin bir d\u0259qiq\u0259lik s\u00fckutla yad edilm\u0259si il\u0259 ba\u015flay\u0131b.<\/p>\n\n\n\n<p>Konfrans\u0131n a\u00e7\u0131l\u0131\u015f\u0131nda \u00e7\u0131x\u0131\u015f ed\u0259n MDU-nun rektoru Anar Eminov 31 Mart \u2013 Az\u0259rbaycanl\u0131lar\u0131n Soyq\u0131r\u0131m\u0131 G\u00fcn\u00fcn\u00fcn tarixi \u0259h\u0259miyy\u0259tind\u0259n b\u0259hs edib. Rektor bildirib ki, \u00dcmummilli lider Heyd\u0259r \u018fliyev t\u0259r\u0259find\u0259n 1998-ci ild\u0259 imzalanm\u0131\u015f \u201cAz\u0259rbaycanl\u0131lar\u0131n soyq\u0131r\u0131m\u0131 haqq\u0131nda\u201d F\u0259rman bu faci\u0259l\u0259r\u0259 h\u00fcquqi-siyasi qiym\u0259t verilm\u0259si bax\u0131m\u0131ndan m\u00fch\u00fcm m\u0259rh\u0259l\u0259 olub. Qeyd olunub ki, Az\u0259rbaycan Respublikas\u0131n\u0131n Prezidenti \u0130lham \u018fliyev t\u0259r\u0259find\u0259n bu istiqam\u0259td\u0259 h\u0259yata ke\u00e7iril\u0259n ard\u0131c\u0131l siyas\u0259t n\u0259tic\u0259sind\u0259 tarixi h\u0259qiq\u0259tl\u0259rin beyn\u0259lxalq s\u0259viyy\u0259d\u0259 tan\u0131d\u0131lmas\u0131, soyq\u0131r\u0131m\u0131 qurbanlar\u0131n\u0131n xatir\u0259sinin \u0259b\u0259dil\u0259\u015fdirilm\u0259si v\u0259 milli yadda\u015f\u0131n qorunmas\u0131 istiqam\u0259tind\u0259 m\u00fch\u00fcm nailiyy\u0259tl\u0259r \u0259ld\u0259 olunub.<\/p>\n\n\n\n<p>Rektor, h\u0259m\u00e7inin, g\u0259ncl\u0259rin milli-m\u0259n\u0259vi d\u0259y\u0259rl\u0259r\u0259 sadiq ruhda yeti\u015fdirilm\u0259sinin, onlar\u0131n tarixi yadda\u015f\u0131n\u0131n m\u00f6hk\u0259ml\u0259ndirilm\u0259sinin v\u0259 v\u0259t\u0259np\u0259rv\u0259rlik ruhunun g\u00fccl\u0259ndirilm\u0259sinin x\u00fcsusi \u0259h\u0259miyy\u0259t da\u015f\u0131d\u0131\u011f\u0131n\u0131 vur\u011fulay\u0131b. Bildirilib ki, ali t\u0259hsil m\u00fc\u0259ssis\u0259l\u0259rind\u0259 h\u0259yata ke\u00e7iril\u0259n maarifl\u0259ndirici t\u0259dbirl\u0259r, elmi konfranslar v\u0259 t\u0259bli\u011fat xarakterli layih\u0259l\u0259r g\u0259ncl\u0259rin bu istiqam\u0259td\u0259 daha f\u0259al v\u0259 m\u0259lumatl\u0131 olmas\u0131na xidm\u0259t edir.<\/p>\n\n\n\n<p>Daha sonra t\u0259dbir \u00e7\u0259r\u00e7iv\u0259sind\u0259 m\u00f6vzuya h\u0259sr olunmu\u015f video\u00e7arx n\u00fcmayi\u015f etdirilib.<\/p>\n\n\n\n<p>Konfrans m\u0259ruz\u0259l\u0259rl\u0259 davam edib. MDU-nun ba\u015f m\u00fc\u0259llimi \u0130lham M\u0259mm\u0259dov \u201cAz\u0259rbaycanl\u0131lar\u0131n soyq\u0131r\u0131m\u0131n\u0131 do\u011furan tarixi \u015f\u0259rait v\u0259 s\u0259b\u0259bl\u0259r\u201d, m\u00fc\u0259llim X\u0259dic\u0259 S\u00fcleymanl\u0131 \u201c31 Mart soyq\u0131r\u0131m\u0131: milli yadda\u015f\u0131n formala\u015fmas\u0131nda rolu\u201d, m\u00fc\u0259llim Elman V\u0259liyev \u201cMart soyq\u0131r\u0131m\u0131na siyasi-h\u00fcquqi qiym\u0259tin verilm\u0259si tarixi \u0259dal\u0259tin b\u0259rpas\u0131 kimi\u201d v\u0259 ba\u015f m\u00fc\u0259llim Ayna Babazad\u0259 \u201cAz\u0259rbaycan \u0259d\u0259biyyat\u0131nda soyq\u0131r\u0131m\u0131 m\u00f6vzusu\u201d &nbsp;adl\u0131 m\u0259ruz\u0259l\u0259rl\u0259 \u00e7\u0131x\u0131\u015flar edibl\u0259r.<\/p>\n\n\n\n<p>T\u0259qdim olunan m\u0259ruz\u0259l\u0259r i\u015ftirak\u00e7\u0131lar t\u0259r\u0259find\u0259n maraqla qar\u015f\u0131lan\u0131l\u0131b, konfrans m\u00fczakir\u0259l\u0259rl\u0259 davam edib v\u0259 m\u0259ruz\u0259l\u0259r \u0259traf\u0131nda fikir m\u00fcbadil\u0259si apar\u0131l\u0131b.<\/p>\n\n\n\n<p>Qeyd ed\u0259k ki, Ming\u0259\u00e7evir D\u00f6vl\u0259t Universitetind\u0259 ke\u00e7iril\u0259n bu kimi elmi t\u0259dbirl\u0259r milli tariximizin m\u00fch\u00fcm s\u0259hif\u0259l\u0259rinin \u00f6yr\u0259nilm\u0259si, g\u0259nc n\u0259slin v\u0259t\u0259np\u0259rv\u0259rlik ruhunda t\u0259rbiy\u0259 olunmas\u0131 v\u0259 tarixi h\u0259qiq\u0259tl\u0259rin geni\u015f ictimaiyy\u0259t\u0259 \u00e7atd\u0131r\u0131lmas\u0131 bax\u0131m\u0131ndan x\u00fcsusi \u0259h\u0259miyy\u0259t k\u0259sb edir.<\/p>","protected":false},"excerpt":{"rendered":"<p>2026-c\u0131 ilin 31 mart tarixind\u0259 Ming\u0259\u00e7evir D\u00f6vl\u0259t Universitetind\u0259 \u201c1918-ci il mart hadis\u0259l\u0259ri: tarixi faktlar v\u0259 reall\u0131qlar\u201d m\u00f6vzusunda elmi konfrans ke\u00e7irilib. Konfransda universitetin rektoru Anar Eminov, MDU-nun akademik v\u0259 inzibati hey\u0259t \u00fczvl\u0259ri i\u015ftirak edib. T\u0259dbir Az\u0259rbaycan Respublikas\u0131n\u0131n D\u00f6vl\u0259t Himninin s\u0259sl\u0259ndirilm\u0259si v\u0259 \u015f\u0259hidl\u0259rimizin \u0259ziz xatir\u0259sinin bir d\u0259qiq\u0259lik s\u00fckutla yad edilm\u0259si il\u0259 ba\u015flay\u0131b. Konfrans\u0131n a\u00e7\u0131l\u0131\u015f\u0131nda \u00e7\u0131x\u0131\u015f ed\u0259n MDU-nun [&hellip;]<\/p>\n","protected":false},"author":41,"featured_media":90908,"comment_status":"closed","ping_status":"closed","sticky":false,"template":"","format":"gallery","meta":{"_eb_attr":"","ocean_post_layout":"","ocean_both_sidebars_style":"","ocean_both_sidebars_content_width":0,"ocean_both_sidebars_sidebars_width":0,"ocean_sidebar":"","ocean_second_sidebar":"","ocean_disable_margins":"enable","ocean_add_body_class":"","ocean_shortcode_before_top_bar":"","ocean_shortcode_after_top_bar":"","ocean_shortcode_before_header":"","ocean_shortcode_after_header":"","ocean_has_shortcode":"","ocean_shortcode_after_title":"","ocean_shortcode_before_footer_widgets":"","ocean_shortcode_after_footer_widgets":"","ocean_shortcode_before_footer_bottom":"","ocean_shortcode_after_footer_bottom":"","ocean_display_top_bar":"default","ocean_display_header":"default","ocean_header_style":"","ocean_center_header_left_menu":"","ocean_custom_header_template":"","ocean_custom_logo":90908,"ocean_custom_retina_logo":90908,"ocean_custom_logo_max_width":0,"ocean_custom_logo_tablet_max_width":0,"ocean_custom_logo_mobile_max_width":0,"ocean_custom_logo_max_height":0,"ocean_custom_logo_tablet_max_height":0,"ocean_custom_logo_mobile_max_height":0,"ocean_header_custom_menu":"","ocean_menu_typo_font_family":"","ocean_menu_typo_font_subset":"","ocean_menu_typo_font_size":0,"ocean_menu_typo_font_size_tablet":0,"ocean_menu_typo_font_size_mobile":0,"ocean_menu_typo_font_size_unit":"px","ocean_menu_typo_font_weight":"","ocean_menu_typo_font_weight_tablet":"","ocean_menu_typo_font_weight_mobile":"","ocean_menu_typo_transform":"","ocean_menu_typo_transform_tablet":"","ocean_menu_typo_transform_mobile":"","ocean_menu_typo_line_height":0,"ocean_menu_typo_line_height_tablet":0,"ocean_menu_typo_line_height_mobile":0,"ocean_menu_typo_line_height_unit":"","ocean_menu_typo_spacing":0,"ocean_menu_typo_spacing_tablet":0,"ocean_menu_typo_spacing_mobile":0,"ocean_menu_typo_spacing_unit":"","ocean_menu_link_color":"","ocean_menu_link_color_hover":"","ocean_menu_link_color_active":"","ocean_menu_link_background":"","ocean_menu_link_hover_background":"","ocean_menu_link_active_background":"","ocean_menu_social_links_bg":"","ocean_menu_social_hover_links_bg":"","ocean_menu_social_links_color":"","ocean_menu_social_hover_links_color":"","ocean_disable_title":"default","ocean_disable_heading":"default","ocean_post_title":"","ocean_post_subheading":"","ocean_post_title_style":"","ocean_post_title_background_color":"","ocean_post_title_background":0,"ocean_post_title_bg_image_position":"","ocean_post_title_bg_image_attachment":"","ocean_post_title_bg_image_repeat":"","ocean_post_title_bg_image_size":"","ocean_post_title_height":0,"ocean_post_title_bg_overlay":0.5,"ocean_post_title_bg_overlay_color":"","ocean_disable_breadcrumbs":"default","ocean_breadcrumbs_color":"","ocean_breadcrumbs_separator_color":"","ocean_breadcrumbs_links_color":"","ocean_breadcrumbs_links_hover_color":"","ocean_display_footer_widgets":"default","ocean_display_footer_bottom":"default","ocean_custom_footer_template":"","ocean_post_oembed":"","ocean_post_self_hosted_media":"","ocean_post_video_embed":"","ocean_link_format":"","ocean_link_format_target":"self","ocean_quote_format":"","ocean_quote_format_link":"post","ocean_gallery_link_images":"on","ocean_gallery_id":[90907,90908,90909,90910,90911,90912,90913,90914,90915,90916],"footnotes":""},"categories":[119,108],"tags":[],"class_list":["post-90906","post","type-post","status-publish","format-gallery","has-post-thumbnail","hentry","category-konfrans","category-vtnprvrlik","post_format-post-format-gallery","entry","has-media"],"_links":{"self":[{"href":"https:\/\/mdu.edu.az\/ru\/wp-json\/wp\/v2\/posts\/90906","targetHints":{"allow":["GET"]}}],"collection":[{"href":"https:\/\/mdu.edu.az\/ru\/wp-json\/wp\/v2\/posts"}],"about":[{"href":"https:\/\/mdu.edu.az\/ru\/wp-json\/wp\/v2\/types\/post"}],"author":[{"embeddable":true,"href":"https:\/\/mdu.edu.az\/ru\/wp-json\/wp\/v2\/users\/41"}],"replies":[{"embeddable":true,"href":"https:\/\/mdu.edu.az\/ru\/wp-json\/wp\/v2\/comments?post=90906"}],"version-history":[{"count":1,"href":"https:\/\/mdu.edu.az\/ru\/wp-json\/wp\/v2\/posts\/90906\/revisions"}],"predecessor-version":[{"id":90917,"href":"https:\/\/mdu.edu.az\/ru\/wp-json\/wp\/v2\/posts\/90906\/revisions\/90917"}],"wp:featuredmedia":[{"embeddable":true,"href":"https:\/\/mdu.edu.az\/ru\/wp-json\/wp\/v2\/media\/90908"}],"wp:attachment":[{"href":"https:\/\/mdu.edu.az\/ru\/wp-json\/wp\/v2\/media?parent=90906"}],"wp:term":[{"taxonomy":"category","embeddable":true,"href":"https:\/\/mdu.edu.az\/ru\/wp-json\/wp\/v2\/categories?post=90906"},{"taxonomy":"post_tag","embeddable":true,"href":"https:\/\/mdu.edu.az\/ru\/wp-json\/wp\/v2\/tags?post=90906"}],"curies":[{"name":"wp","href":"https:\/\/api.w.org\/{rel}","templated":true}]}}