{"id":93214,"date":"2026-05-01T12:51:20","date_gmt":"2026-05-01T09:51:20","guid":{"rendered":"https:\/\/mdu.edu.az\/?p=93214"},"modified":"2026-05-01T12:51:20","modified_gmt":"2026-05-01T09:51:20","slug":"konfrans-103-il-01-05-26","status":"publish","type":"post","link":"https:\/\/mdu.edu.az\/ru\/konfrans-103-il-01-05-26\/","title":{"rendered":"Ming\u0259\u00e7evir D\u00f6vl\u0259t Universitetind\u0259 Heyd\u0259r \u018fliyevin 103-c\u00fc ild\u00f6n\u00fcm\u00fcn\u0259 h\u0259sr olunmu\u015f Respublika Elmi Konfrans\u0131 \u00f6z i\u015fin\u0259 ba\u015flay\u0131b"},"content":{"rendered":"<p>2026-c\u0131 ilin 1 may tarixind\u0259 Ming\u0259\u00e7evir D\u00f6vl\u0259t Universiteti v\u0259 Ming\u0259\u00e7evir \u015f\u0259h\u0259r \u0130cra Hakimiyy\u0259tinin birg\u0259 t\u0259\u015fkilat\u00e7\u0131l\u0131\u011f\u0131 il\u0259 \u00dcmummilli lider Heyd\u0259r \u018fliyevin anadan olmas\u0131n\u0131n 103-c\u00fc ild\u00f6n\u00fcm\u00fcn\u0259 h\u0259sr edilmi\u015f \u201cHeyd\u0259r \u018fliyev fenomeni: Az\u0259rbaycan d\u00f6vl\u0259t\u00e7iliyinin siyasi, iqtisadi v\u0259 humanitar modelinin m\u00fc\u0259llifi\u201d m\u00f6vzusunda Respublika Elmi Konfrans\u0131 \u00f6z i\u015fin\u0259 ba\u015flay\u0131b.<\/p>\n\n\n\n<p>Universitetin akt zal\u0131nda ke\u00e7iril\u0259n konfransda Ming\u0259\u00e7evir \u015f\u0259h\u0259r \u0130cra Hakimiyy\u0259tinin ba\u015f\u00e7\u0131s\u0131 \u0130lham \u0130smay\u0131lov, Ming\u0259\u00e7evir \u015f\u0259h\u0259r B\u0259l\u0259diyy\u0259sinin s\u0259dri Anar \u0130smay\u0131lov, Yeni Az\u0259rbaycan Partiyas\u0131n\u0131n Ming\u0259\u00e7evir \u015f\u0259h\u0259r t\u0259\u015fkilat\u0131n\u0131n s\u0259dri B\u0259xtiyar Mustafayev, Ming\u0259\u00e7evir D\u00f6vl\u0259t Universitetinin rektoru Anar Eminov, professor-m\u00fc\u0259llim hey\u0259ti, t\u0259l\u0259b\u0259 v\u0259 magistrantlar i\u015ftirak edibl\u0259r.<\/p>\n\n\n\n<p>Konfransdan \u0259vv\u0259l i\u015ftirak\u00e7\u0131lar \u00dcmummilli lider Heyd\u0259r \u018fliyevin b\u00fcst\u00fc \u00f6n\u00fcn\u0259 g\u00fcl d\u0259st\u0259l\u0259ri qoyaraq onun \u0259ziz xatir\u0259sini d\u0259rin h\u00f6rm\u0259t v\u0259 ehtiramla yad edibl\u0259r. Daha sonra universitetin h\u0259y\u0259tind\u0259 t\u0259l\u0259b\u0259l\u0259rin t\u0259qdim etdiyi r\u0259sm \u0259s\u0259rl\u0259ri v\u0259 \u0259l i\u015fl\u0259rind\u0259n ibar\u0259t s\u0259rgiy\u0259 bax\u0131\u015f ke\u00e7irilib.<\/p>\n\n\n\n<p>Konfrans \u00dcmummilli lider Heyd\u0259r \u018fliyevin v\u0259 Az\u0259rbaycan\u0131n \u0259razi b\u00fct\u00f6vl\u00fcy\u00fc u\u011frunda canlar\u0131ndan ke\u00e7mi\u015f \u015f\u0259hidl\u0259rimizin \u0259ziz xatir\u0259sinin bir d\u0259qiq\u0259lik s\u00fckutla yad edilm\u0259si v\u0259 Az\u0259rbaycan Respublikas\u0131n\u0131n D\u00f6vl\u0259t Himninin s\u0259sl\u0259ndirilm\u0259si il\u0259 a\u00e7\u0131q elan olunub.<\/p>\n\n\n\n<p>Plenar iclasda a\u00e7\u0131l\u0131\u015f nitqi il\u0259 \u00e7\u0131x\u0131\u015f ed\u0259n Ming\u0259\u00e7evir \u015f\u0259h\u0259r \u0130cra Hakimiyy\u0259tinin ba\u015f\u00e7\u0131s\u0131 \u0130lham \u0130smay\u0131lov \u00dcmummilli lider Heyd\u0259r \u018fliyevin Az\u0259rbaycan d\u00f6vl\u0259t\u00e7iliyinin m\u00f6hk\u0259ml\u0259ndirilm\u0259si, siyasi sabitliyin t\u0259min olunmas\u0131 v\u0259 iqtisadi inki\u015faf\u0131n \u0259saslar\u0131n\u0131n formala\u015fd\u0131r\u0131lmas\u0131ndak\u0131 m\u00fcst\u0259sna rolunu vur\u011fulay\u0131b. Qeyd olunub ki, m\u0259hz Ulu \u00f6nd\u0259rin uzaqg\u00f6r\u0259n siyas\u0259ti n\u0259tic\u0259sind\u0259 Az\u0259rbaycan d\u00fcnya iqtisadi sistemin\u0259 inteqrasiya olunmu\u015f, m\u00fch\u00fcm enerji layih\u0259l\u0259rinin realla\u015fd\u0131r\u0131lmas\u0131 il\u0259 \u00f6lk\u0259nin iqtisadi t\u0259hl\u00fck\u0259sizliyi t\u0259min edilib v\u0259 davaml\u0131 inki\u015faf m\u0259rh\u0259l\u0259sin\u0259 q\u0259d\u0259m qoyulub.<\/p>\n\n\n\n<p>\u0130lham \u0130smay\u0131lov h\u0259m\u00e7inin bildirib ki, bu g\u00fcn Prezident \u0130lham \u018fliyevin r\u0259hb\u0259rliyi il\u0259 h\u0259yata ke\u00e7iril\u0259n ard\u0131c\u0131l siyas\u0259t n\u0259tic\u0259sind\u0259 Az\u0259rbaycan regionun apar\u0131c\u0131 d\u00f6vl\u0259tl\u0259rind\u0259n birin\u0259 \u00e7evrilib v\u0259 \u0259ld\u0259 olunan nailiyy\u0259tl\u0259r Heyd\u0259r \u018fliyev siyasi kursunun u\u011furlu davam\u0131d\u0131r.<\/p>\n\n\n\n<p>Daha sonra \u00e7\u0131x\u0131\u015f ed\u0259n Ming\u0259\u00e7evir D\u00f6vl\u0259t Universitetinin rektoru Anar Eminov konfrans\u0131n \u0259h\u0259miyy\u0259tind\u0259n b\u0259hs ed\u0259r\u0259k bildirib ki, \u00dcmummilli lider Heyd\u0259r \u018fliyevin z\u0259ngin d\u00f6vl\u0259t\u00e7ilik irsi Az\u0259rbaycan\u0131n m\u00fcasir inki\u015faf modelinin fundamental \u0259sas\u0131n\u0131 t\u0259\u015fkil edir v\u0259 bu irsin elmi m\u00fcst\u0259vid\u0259 ara\u015fd\u0131r\u0131lmas\u0131 x\u00fcsusi aktuall\u0131q k\u0259sb edir. Rektor qeyd edib ki, Ulu \u00f6nd\u0259rin m\u00fc\u0259yy\u0259n etdiyi strateji inki\u015faf kursu bu g\u00fcn d\u0259 \u00f6lk\u0259nin siyasi sabitliyinin, iqtisadi t\u0259r\u0259qqisinin v\u0259 humanitar sah\u0259d\u0259 \u0259ld\u0259 olunan u\u011furlar\u0131n \u0259sas istiqam\u0259tl\u0259ndirici x\u0259ttidir.<\/p>\n\n\n\n<p>Anar Eminov vur\u011fulay\u0131b ki, MDU-da h\u0259yata ke\u00e7iril\u0259n elmi t\u0259dbirl\u0259r, x\u00fcsusil\u0259 bel\u0259 geni\u015fmiqyasl\u0131 konfranslar, milli d\u00f6vl\u0259t\u00e7ilik ideyalar\u0131n\u0131n t\u0259bli\u011fi, g\u0259nc n\u0259slin v\u0259t\u0259np\u0259rv\u0259rlik ruhunda formala\u015fd\u0131r\u0131lmas\u0131 v\u0259 elmi potensial\u0131n inki\u015faf\u0131 bax\u0131m\u0131ndan m\u00fch\u00fcm \u0259h\u0259miyy\u0259t da\u015f\u0131y\u0131r. Bildirilib ki, universitetd\u0259 formala\u015fd\u0131r\u0131lan m\u00fcasir akademik m\u00fchit, beyn\u0259lxalq \u0259m\u0259kda\u015fl\u0131qlar v\u0259 universitet\u2013s\u0259naye inteqrasiyas\u0131 istiqam\u0259tind\u0259 at\u0131lan add\u0131mlar elmi f\u0259aliyy\u0259tin keyfiyy\u0259tinin y\u00fcks\u0259ldilm\u0259sin\u0259 xidm\u0259t edir.<\/p>\n\n\n\n<p>Rektor \u00e7\u0131x\u0131\u015f\u0131n\u0131n sonunda konfrans\u0131n i\u015fin\u0259 u\u011furlar arzulay\u0131b, burada t\u0259qdim olunan elmi m\u0259ruz\u0259l\u0259rin Heyd\u0259r \u018fliyev irsinin daha d\u0259rind\u0259n \u00f6yr\u0259nilm\u0259sin\u0259 v\u0259 elmi d\u00f6vriyy\u0259y\u0259 yeni yana\u015fmalar\u0131n g\u0259tirilm\u0259sin\u0259 t\u00f6hf\u0259 ver\u0259c\u0259yin\u0259 \u0259minliyini ifad\u0259 edib.<\/p>\n\n\n\n<p>A\u00e7\u0131l\u0131\u015f nitql\u0259rind\u0259n sonra \u00dcmummilli lider Heyd\u0259r \u018fliyev\u0259 h\u0259sr olunmu\u015f video-\u00e7arx n\u00fcmayi\u015f etdirilib.<\/p>\n\n\n\n<p>Konfrans\u0131n plenar iclas\u0131 m\u0259ruz\u0259l\u0259rin dinl\u0259nilm\u0259si il\u0259 davam edib. MDU-nun Humanitar f\u0259nl\u0259r kafedras\u0131n\u0131n m\u00fcdiri, dos. Esmira C\u0259f\u0259rova \u201cHeyd\u0259r \u018fliyevin siyasi liderliyi v\u0259 Az\u0259rbaycan d\u00f6vl\u0259t\u00e7iliyinin transformasiyas\u0131\u201d, \u0130qtisadiyyat kafedras\u0131n\u0131n ba\u015f m\u00fc\u0259llimi G\u00fcn\u0259\u015f \u015e\u0259faq\u0259tov is\u0259 \u201cM\u00fcasir Az\u0259rbaycan iqtisadiyyat\u0131n\u0131n inki\u015faf\u0131nda modernl\u0259\u015fm\u0259y\u0259 aparan islahatlar\u201d m\u00f6vzular\u0131nda m\u0259ruz\u0259l\u0259rl\u0259 \u00e7\u0131x\u0131\u015f edibl\u0259r.<\/p>\n\n\n\n<p>Konfrans \u00f6z i\u015fin\u0259 b\u00f6lm\u0259 iclaslar\u0131 il\u0259 davam ed\u0259c\u0259k. B\u00f6lm\u0259 iclaslar\u0131n\u0131n 1\u20132 may tarixl\u0259rind\u0259 ke\u00e7irilm\u0259si n\u0259z\u0259rd\u0259 tutulur. B\u00f6lm\u0259 iclaslar\u0131nda 30-dan \u00e7ox t\u0259hsil m\u00fc\u0259ssis\u0259sind\u0259n olan m\u0259ruz\u0259\u00e7il\u0259r t\u0259r\u0259find\u0259n 390-dan \u00e7ox m\u0259qal\u0259 v\u0259 tezisin t\u0259qdim olunmas\u0131 n\u0259z\u0259rd\u0259 tutulub.<\/p>","protected":false},"excerpt":{"rendered":"<p>2026-c\u0131 ilin 1 may tarixind\u0259 Ming\u0259\u00e7evir D\u00f6vl\u0259t Universiteti v\u0259 Ming\u0259\u00e7evir \u015f\u0259h\u0259r \u0130cra Hakimiyy\u0259tinin birg\u0259 t\u0259\u015fkilat\u00e7\u0131l\u0131\u011f\u0131 il\u0259 \u00dcmummilli lider Heyd\u0259r \u018fliyevin anadan olmas\u0131n\u0131n 103-c\u00fc ild\u00f6n\u00fcm\u00fcn\u0259 h\u0259sr edilmi\u015f \u201cHeyd\u0259r \u018fliyev fenomeni: Az\u0259rbaycan d\u00f6vl\u0259t\u00e7iliyinin siyasi, iqtisadi v\u0259 humanitar modelinin m\u00fc\u0259llifi\u201d m\u00f6vzusunda Respublika Elmi Konfrans\u0131 \u00f6z i\u015fin\u0259 ba\u015flay\u0131b. Universitetin akt zal\u0131nda ke\u00e7iril\u0259n konfransda Ming\u0259\u00e7evir \u015f\u0259h\u0259r \u0130cra Hakimiyy\u0259tinin ba\u015f\u00e7\u0131s\u0131 \u0130lham [&hellip;]<\/p>\n","protected":false},"author":41,"featured_media":93215,"comment_status":"closed","ping_status":"closed","sticky":false,"template":"","format":"gallery","meta":{"_eb_attr":"","ocean_post_layout":"","ocean_both_sidebars_style":"","ocean_both_sidebars_content_width":0,"ocean_both_sidebars_sidebars_width":0,"ocean_sidebar":"","ocean_second_sidebar":"","ocean_disable_margins":"enable","ocean_add_body_class":"","ocean_shortcode_before_top_bar":"","ocean_shortcode_after_top_bar":"","ocean_shortcode_before_header":"","ocean_shortcode_after_header":"","ocean_has_shortcode":"","ocean_shortcode_after_title":"","ocean_shortcode_before_footer_widgets":"","ocean_shortcode_after_footer_widgets":"","ocean_shortcode_before_footer_bottom":"","ocean_shortcode_after_footer_bottom":"","ocean_display_top_bar":"default","ocean_display_header":"default","ocean_header_style":"","ocean_center_header_left_menu":"","ocean_custom_header_template":"","ocean_custom_logo":0,"ocean_custom_retina_logo":0,"ocean_custom_logo_max_width":0,"ocean_custom_logo_tablet_max_width":0,"ocean_custom_logo_mobile_max_width":0,"ocean_custom_logo_max_height":0,"ocean_custom_logo_tablet_max_height":0,"ocean_custom_logo_mobile_max_height":0,"ocean_header_custom_menu":"","ocean_menu_typo_font_family":"","ocean_menu_typo_font_subset":"","ocean_menu_typo_font_size":0,"ocean_menu_typo_font_size_tablet":0,"ocean_menu_typo_font_size_mobile":0,"ocean_menu_typo_font_size_unit":"px","ocean_menu_typo_font_weight":"","ocean_menu_typo_font_weight_tablet":"","ocean_menu_typo_font_weight_mobile":"","ocean_menu_typo_transform":"","ocean_menu_typo_transform_tablet":"","ocean_menu_typo_transform_mobile":"","ocean_menu_typo_line_height":0,"ocean_menu_typo_line_height_tablet":0,"ocean_menu_typo_line_height_mobile":0,"ocean_menu_typo_line_height_unit":"","ocean_menu_typo_spacing":0,"ocean_menu_typo_spacing_tablet":0,"ocean_menu_typo_spacing_mobile":0,"ocean_menu_typo_spacing_unit":"","ocean_menu_link_color":"","ocean_menu_link_color_hover":"","ocean_menu_link_color_active":"","ocean_menu_link_background":"","ocean_menu_link_hover_background":"","ocean_menu_link_active_background":"","ocean_menu_social_links_bg":"","ocean_menu_social_hover_links_bg":"","ocean_menu_social_links_color":"","ocean_menu_social_hover_links_color":"","ocean_disable_title":"default","ocean_disable_heading":"default","ocean_post_title":"","ocean_post_subheading":"","ocean_post_title_style":"","ocean_post_title_background_color":"","ocean_post_title_background":0,"ocean_post_title_bg_image_position":"","ocean_post_title_bg_image_attachment":"","ocean_post_title_bg_image_repeat":"","ocean_post_title_bg_image_size":"","ocean_post_title_height":0,"ocean_post_title_bg_overlay":0.5,"ocean_post_title_bg_overlay_color":"","ocean_disable_breadcrumbs":"default","ocean_breadcrumbs_color":"","ocean_breadcrumbs_separator_color":"","ocean_breadcrumbs_links_color":"","ocean_breadcrumbs_links_hover_color":"","ocean_display_footer_widgets":"default","ocean_display_footer_bottom":"default","ocean_custom_footer_template":"","ocean_post_oembed":"","ocean_post_self_hosted_media":"","ocean_post_video_embed":"","ocean_link_format":"","ocean_link_format_target":"self","ocean_quote_format":"","ocean_quote_format_link":"post","ocean_gallery_link_images":"on","ocean_gallery_id":[93215,93216,93217,93218,93219,93220,93221,93222,93223,93224,93225,93226,93227,93228],"footnotes":""},"categories":[119],"tags":[],"class_list":["post-93214","post","type-post","status-publish","format-gallery","has-post-thumbnail","hentry","category-konfrans","post_format-post-format-gallery","entry","has-media"],"_links":{"self":[{"href":"https:\/\/mdu.edu.az\/ru\/wp-json\/wp\/v2\/posts\/93214","targetHints":{"allow":["GET"]}}],"collection":[{"href":"https:\/\/mdu.edu.az\/ru\/wp-json\/wp\/v2\/posts"}],"about":[{"href":"https:\/\/mdu.edu.az\/ru\/wp-json\/wp\/v2\/types\/post"}],"author":[{"embeddable":true,"href":"https:\/\/mdu.edu.az\/ru\/wp-json\/wp\/v2\/users\/41"}],"replies":[{"embeddable":true,"href":"https:\/\/mdu.edu.az\/ru\/wp-json\/wp\/v2\/comments?post=93214"}],"version-history":[{"count":1,"href":"https:\/\/mdu.edu.az\/ru\/wp-json\/wp\/v2\/posts\/93214\/revisions"}],"predecessor-version":[{"id":93229,"href":"https:\/\/mdu.edu.az\/ru\/wp-json\/wp\/v2\/posts\/93214\/revisions\/93229"}],"wp:featuredmedia":[{"embeddable":true,"href":"https:\/\/mdu.edu.az\/ru\/wp-json\/wp\/v2\/media\/93215"}],"wp:attachment":[{"href":"https:\/\/mdu.edu.az\/ru\/wp-json\/wp\/v2\/media?parent=93214"}],"wp:term":[{"taxonomy":"category","embeddable":true,"href":"https:\/\/mdu.edu.az\/ru\/wp-json\/wp\/v2\/categories?post=93214"},{"taxonomy":"post_tag","embeddable":true,"href":"https:\/\/mdu.edu.az\/ru\/wp-json\/wp\/v2\/tags?post=93214"}],"curies":[{"name":"wp","href":"https:\/\/api.w.org\/{rel}","templated":true}]}}